{"id":9944,"date":"2019-10-01T13:07:24","date_gmt":"2019-10-01T11:07:24","guid":{"rendered":"http:\/\/vozobrera.org\/periodico\/?p=9944"},"modified":"2020-12-05T12:20:55","modified_gmt":"2020-12-05T10:20:55","slug":"migrantes-un-mercadeo-sordido","status":"publish","type":"post","link":"https:\/\/vozobrera.org\/periodico\/migrantes-un-mercadeo-sordido\/","title":{"rendered":"Migrantes: un mercadeo s\u00f3rdido"},"content":{"rendered":"<p><a href=\"https:\/\/vozobrera.org\/periodico\/wp-content\/uploads\/2019\/10\/5ab4013b629f5.r_1521802486064.273-0-2918-1364.jpg\"><img loading=\"lazy\" decoding=\"async\" class=\"size-medium wp-image-9931 aligncenter\" src=\"https:\/\/vozobrera.org\/periodico\/wp-content\/uploads\/2019\/10\/5ab4013b629f5.r_1521802486064.273-0-2918-1364-300x155.jpg\" alt=\"\" width=\"300\" height=\"155\" srcset=\"https:\/\/vozobrera.org\/periodico\/wp-content\/uploads\/2019\/10\/5ab4013b629f5.r_1521802486064.273-0-2918-1364-300x155.jpg 300w, https:\/\/vozobrera.org\/periodico\/wp-content\/uploads\/2019\/10\/5ab4013b629f5.r_1521802486064.273-0-2918-1364.jpg 660w\" sizes=\"auto, (max-width: 300px) 100vw, 300px\" \/><\/a><\/p>\n<p>Macron y el Jefe de Gobierno italiano, Giuseppe Conte, han anunciado que han logrado ponerse de acuerdo para defender ante los dem\u00e1s pa\u00edses de la Uni\u00f3n Europea (UE) el principio de un \u00abmecanismo de distribuci\u00f3n autom\u00e1tica de los migrantes\u00bb en lugar de las negociaciones caso por caso de los \u00faltimos meses.<br \/>\nNada indica que este mecanismo vaya a ser aceptado por los dem\u00e1s socios de la UE. Por el contrario, Francia e Italia han anunciado su intenci\u00f3n de reforzar la eficacia de las expulsiones de migrantes cuya solicitud haya sido denegada.<br \/>\nLas piruetas de los dirigentes de un continente de m\u00e1s de 500 millones de habitantes, algunos de los cuales se cuentan entre los pa\u00edses m\u00e1s ricos del planeta para aceptar unas decenas de miles de refugiados que huyen de la miseria y la guerra dicen bastante de su barbarie.<\/p>\n","protected":false},"excerpt":{"rendered":"<p>Macron y el Jefe de Gobierno italiano, Giuseppe Conte, han anunciado que han logrado ponerse de acuerdo para defender ante los dem\u00e1s pa\u00edses de la Uni\u00f3n Europea (UE) el principio de un \u00abmecanismo de distribuci\u00f3n autom\u00e1tica de los migrantes\u00bb en lugar de las negociaciones caso por caso de los \u00faltimos meses. Nada indica que este&hellip;&nbsp;<a href=\"https:\/\/vozobrera.org\/periodico\/migrantes-un-mercadeo-sordido\/\" rel=\"bookmark\">Leer m\u00e1s &raquo;<span class=\"screen-reader-text\">Migrantes: un mercadeo s\u00f3rdido<\/span><\/a><\/p>\n","protected":false},"author":5,"featured_media":0,"comment_status":"closed","ping_status":"closed","sticky":false,"template":"","format":"standard","meta":{"neve_meta_sidebar":"","neve_meta_container":"","neve_meta_enable_content_width":"","neve_meta_content_width":70,"neve_meta_title_alignment":"","neve_meta_author_avatar":"","neve_post_elements_order":"","neve_meta_disable_header":"","neve_meta_disable_footer":"","neve_meta_disable_title":"","footnotes":""},"categories":[10],"tags":[613],"class_list":["post-9944","post","type-post","status-publish","format-standard","hentry","category-mensual","tag-oc19"],"_links":{"self":[{"href":"https:\/\/vozobrera.org\/periodico\/wp-json\/wp\/v2\/posts\/9944","targetHints":{"allow":["GET"]}}],"collection":[{"href":"https:\/\/vozobrera.org\/periodico\/wp-json\/wp\/v2\/posts"}],"about":[{"href":"https:\/\/vozobrera.org\/periodico\/wp-json\/wp\/v2\/types\/post"}],"author":[{"embeddable":true,"href":"https:\/\/vozobrera.org\/periodico\/wp-json\/wp\/v2\/users\/5"}],"replies":[{"embeddable":true,"href":"https:\/\/vozobrera.org\/periodico\/wp-json\/wp\/v2\/comments?post=9944"}],"version-history":[{"count":1,"href":"https:\/\/vozobrera.org\/periodico\/wp-json\/wp\/v2\/posts\/9944\/revisions"}],"predecessor-version":[{"id":9945,"href":"https:\/\/vozobrera.org\/periodico\/wp-json\/wp\/v2\/posts\/9944\/revisions\/9945"}],"wp:attachment":[{"href":"https:\/\/vozobrera.org\/periodico\/wp-json\/wp\/v2\/media?parent=9944"}],"wp:term":[{"taxonomy":"category","embeddable":true,"href":"https:\/\/vozobrera.org\/periodico\/wp-json\/wp\/v2\/categories?post=9944"},{"taxonomy":"post_tag","embeddable":true,"href":"https:\/\/vozobrera.org\/periodico\/wp-json\/wp\/v2\/tags?post=9944"}],"curies":[{"name":"wp","href":"https:\/\/api.w.org\/{rel}","templated":true}]}}