{"id":9818,"date":"2019-06-09T18:32:05","date_gmt":"2019-06-09T16:32:05","guid":{"rendered":"http:\/\/vozobrera.org\/periodico\/?p=9818"},"modified":"2019-06-09T19:09:54","modified_gmt":"2019-06-09T17:09:54","slug":"argelia-una-democracia-no-un-cuartel","status":"publish","type":"post","link":"https:\/\/vozobrera.org\/periodico\/argelia-una-democracia-no-un-cuartel\/","title":{"rendered":"Argelia: \u201c\u00a1una democracia, no un cuartel!\u201d"},"content":{"rendered":"<p>En muchas ciudades argelinas, las grandes manifestaciones continuaron durante el mes de mayo, reflejando\u00a0 el\u00a0 rechazo a la \u201ctransici\u00f3n democr\u00e1tica\u201d impuesta por el jefe del ej\u00e9rcito, Ga\u00efd Salah.<\/p>\n<p>El 10 de mayo, las manifestaciones tuvieron la misma amplitud que los viernes \u00a0anteriores, a pesar del sol abrasador y la sed que se sinti\u00f3 por ser Ramad\u00e1n, el mes de\u00a0 ayuno respetado por gran parte de la poblaci\u00f3n. \u201cNo a una dictadura militar, \u00a0s\u00ed a una rep\u00fablica democr\u00e1tica\u201d,\u00a0 \u201c\u00a1Una democracia no un cuartel! \u00a1 \u201cNo a la mascarada electoral de Bensalah y Beduino\u201d!,\u00a0 \u201c\u00a1Ga\u00efd Salah se va!\u00a0\u00a0 \u00a0\u201ccantaban los manifestantes. El rechazo de las elecciones presidenciales que se debe organizar para el 4 de julio y la partida de Bedoui y Bensalah, \u00a0el Primer Ministro y el \u00a0presidente \u00a0interino, \u00a0han sido un\u00e1nimes en las manifestaciones en todo el pa\u00eds.<\/p>\n<p>Ga\u00efd Salah, Jefe del Estado Mayor del Ej\u00e9rcito, detuvo a Sa\u00efd Bouteflika,\u00a0 hermano\u00a0 del ex presidente, as\u00ed como a los generales Medi\u00e8ne y Tartag, hombres todopoderosos del sistema. Parece que Ga\u00efd Salah no se dio cuenta de que, al d\u00eda siguiente de la dimisi\u00f3n de Bouteflika, algunas personalidades reunidas en torno al ex presidente Zeroual quer\u00edan preparar una transici\u00f3n sin \u00e9l. Estas detenciones pueden haber impresion<a href=\"https:\/\/vozobrera.org\/periodico\/wp-content\/uploads\/2019\/06\/1554455797_051634_1554475802_noticia_normal_recorte1.jpg\"><img loading=\"lazy\" decoding=\"async\" class=\"alignright size-medium wp-image-9803\" src=\"https:\/\/vozobrera.org\/periodico\/wp-content\/uploads\/2019\/06\/1554455797_051634_1554475802_noticia_normal_recorte1-300x202.jpg\" alt=\"\" width=\"300\" height=\"202\" srcset=\"https:\/\/vozobrera.org\/periodico\/wp-content\/uploads\/2019\/06\/1554455797_051634_1554475802_noticia_normal_recorte1-300x202.jpg 300w, https:\/\/vozobrera.org\/periodico\/wp-content\/uploads\/2019\/06\/1554455797_051634_1554475802_noticia_normal_recorte1-768x518.jpg 768w, https:\/\/vozobrera.org\/periodico\/wp-content\/uploads\/2019\/06\/1554455797_051634_1554475802_noticia_normal_recorte1-1024x690.jpg 1024w, https:\/\/vozobrera.org\/periodico\/wp-content\/uploads\/2019\/06\/1554455797_051634_1554475802_noticia_normal_recorte1.jpg 1960w\" sizes=\"auto, (max-width: 300px) 100vw, 300px\" \/><\/a>ado, pero r\u00e1pidamente fueron vistas como una expresi\u00f3n del ajuste de cuentas entre los diferentes clanes en el poder desde hace d\u00e9cadas.<\/p>\n<p>Los tres hombres fueron detenidos por el Tribunal Militar de Blida y acusados de violar la autoridad del ej\u00e9rcito y conspirar contra la autoridad del Estado. Algunos generales han sido destituidos y al menos dos han huido del pa\u00eds por temor a ser arrestados, lo que demuestra que las batallas entre clanes tienen lugar dentro del propio ej\u00e9rcito, la columna vertebral del r\u00e9gimen.<\/p>\n<p>El jefe del ej\u00e9rcito est\u00e1 intentando por\u00a0 todos\u00a0 los medios imponer su transici\u00f3n, que en realidad consiste en querer preservar\u00a0 un\u00a0 sistema\u00a0 del que \u00e9l es uno de los pilares. Los trabajadores y las clases populares ven la maniobra y se oponen a ella. Siguen queriendo que el \u201csistema se limpie\u201d y est\u00e1n buscando formas de hacerlo manteniendo la movilizaci\u00f3n popular. Se han producido huelgas en muchas empresas privadas y p\u00fablicas. El contenido de la transici\u00f3n democr\u00e1tica, las reivindicaciones\u00a0 salariales, el derecho a elegir el sindicato y los delegados, el rechazo de las direcciones autoritarias, todos los temas est\u00e1n en el orden del d\u00eda.<\/p>\n<p>Organiz\u00e1ndose, eligiendo a sus representantes, creando sus propios comit\u00e9s, los trabajadores pueden tomar conciencia de su fuerza y del papel que deben desempe\u00f1ar, porque son ellos los que pueden hacer que el \u201cHirak\u201d -el movimiento- abra verdaderas oportunidades para el cambio social y pol\u00edtico.<\/p>\n","protected":false},"excerpt":{"rendered":"<p>En muchas ciudades argelinas, las grandes manifestaciones continuaron durante el mes de mayo, reflejando\u00a0 el\u00a0 rechazo a la \u201ctransici\u00f3n democr\u00e1tica\u201d impuesta por el jefe del ej\u00e9rcito, Ga\u00efd Salah. El 10 de mayo, las manifestaciones tuvieron la misma amplitud que los viernes \u00a0anteriores, a pesar del sol abrasador y la sed que se sinti\u00f3 por ser&hellip;&nbsp;<a href=\"https:\/\/vozobrera.org\/periodico\/argelia-una-democracia-no-un-cuartel\/\" rel=\"bookmark\">Leer m\u00e1s &raquo;<span class=\"screen-reader-text\">Argelia: \u201c\u00a1una democracia, no un cuartel!\u201d<\/span><\/a><\/p>\n","protected":false},"author":5,"featured_media":0,"comment_status":"closed","ping_status":"closed","sticky":false,"template":"","format":"standard","meta":{"neve_meta_sidebar":"","neve_meta_container":"","neve_meta_enable_content_width":"","neve_meta_content_width":70,"neve_meta_title_alignment":"","neve_meta_author_avatar":"","neve_post_elements_order":"","neve_meta_disable_header":"","neve_meta_disable_footer":"","neve_meta_disable_title":"","footnotes":""},"categories":[10],"tags":[579],"class_list":["post-9818","post","type-post","status-publish","format-standard","hentry","category-mensual","tag-ju19"],"_links":{"self":[{"href":"https:\/\/vozobrera.org\/periodico\/wp-json\/wp\/v2\/posts\/9818","targetHints":{"allow":["GET"]}}],"collection":[{"href":"https:\/\/vozobrera.org\/periodico\/wp-json\/wp\/v2\/posts"}],"about":[{"href":"https:\/\/vozobrera.org\/periodico\/wp-json\/wp\/v2\/types\/post"}],"author":[{"embeddable":true,"href":"https:\/\/vozobrera.org\/periodico\/wp-json\/wp\/v2\/users\/5"}],"replies":[{"embeddable":true,"href":"https:\/\/vozobrera.org\/periodico\/wp-json\/wp\/v2\/comments?post=9818"}],"version-history":[{"count":1,"href":"https:\/\/vozobrera.org\/periodico\/wp-json\/wp\/v2\/posts\/9818\/revisions"}],"predecessor-version":[{"id":9819,"href":"https:\/\/vozobrera.org\/periodico\/wp-json\/wp\/v2\/posts\/9818\/revisions\/9819"}],"wp:attachment":[{"href":"https:\/\/vozobrera.org\/periodico\/wp-json\/wp\/v2\/media?parent=9818"}],"wp:term":[{"taxonomy":"category","embeddable":true,"href":"https:\/\/vozobrera.org\/periodico\/wp-json\/wp\/v2\/categories?post=9818"},{"taxonomy":"post_tag","embeddable":true,"href":"https:\/\/vozobrera.org\/periodico\/wp-json\/wp\/v2\/tags?post=9818"}],"curies":[{"name":"wp","href":"https:\/\/api.w.org\/{rel}","templated":true}]}}