{"id":9595,"date":"2019-04-07T14:18:54","date_gmt":"2019-04-07T12:18:54","guid":{"rendered":"http:\/\/vozobrera.org\/periodico\/?p=9595"},"modified":"2019-04-27T16:31:06","modified_gmt":"2019-04-27T14:31:06","slug":"el-trostkismo-unico-programa-para-la-emancipacion-de-los-explotados","status":"publish","type":"post","link":"https:\/\/vozobrera.org\/periodico\/el-trostkismo-unico-programa-para-la-emancipacion-de-los-explotados\/","title":{"rendered":"EL TROSTKISMO \u00daNICO PROGRAMA PARA LA EMANCIPACI\u00d3N DE LOS EXPLOTADOS"},"content":{"rendered":"<h2><a href=\"https:\/\/vozobrera.org\/periodico\/wp-content\/uploads\/2019\/03\/A.jpg\"><img loading=\"lazy\" decoding=\"async\" class=\"size-medium wp-image-9393 aligncenter\" src=\"https:\/\/vozobrera.org\/periodico\/wp-content\/uploads\/2019\/03\/A-300x137.jpg\" alt=\"\" width=\"300\" height=\"137\" srcset=\"https:\/\/vozobrera.org\/periodico\/wp-content\/uploads\/2019\/03\/A-300x137.jpg 300w, https:\/\/vozobrera.org\/periodico\/wp-content\/uploads\/2019\/03\/A-768x350.jpg 768w, https:\/\/vozobrera.org\/periodico\/wp-content\/uploads\/2019\/03\/A-1024x466.jpg 1024w, https:\/\/vozobrera.org\/periodico\/wp-content\/uploads\/2019\/03\/A.jpg 1537w\" sizes=\"auto, (max-width: 300px) 100vw, 300px\" \/><\/a><a href=\"https:\/\/vozobrera.org\/periodico\/wp-content\/uploads\/2019\/02\/CLT_.pdf\"><img loading=\"lazy\" decoding=\"async\" class=\"wp-image-9710 aligncenter\" src=\"https:\/\/vozobrera.org\/periodico\/wp-content\/uploads\/2019\/04\/boton-pdf-on.png\" alt=\"\" width=\"111\" height=\"49\" \/><\/a><\/h2>\n<h2 style=\"text-align: center;\">80 a\u00f1os de la fundaci\u00f3n de la IV Internacional<\/h2>\n<h2 style=\"text-align: center;\">Conferencia del C\u00edrculo Le\u00f3n Trotsky realizada el 16 de noviembre de 2018 en Par\u00eds<\/h2>\n<div class=\"su-posts su-posts-teaser-loop\">\n\t\t\t\t\t<div id=\"su-post-9571\" class=\"su-post\">\n\t\t\t\t\t\t\t\t\t\t<h2 class=\"su-post-title\"><a href=\"https:\/\/vozobrera.org\/periodico\/intervencion-de-arlette-laguiller-l-o\/\">INTERVENCI\u00d3N DE ARLETTE LAGUILLER &#8211; L. O.<\/a><\/h2>\n\t\t\t\t<\/div>\n\t\t\t\t\t\t\t\t<div id=\"su-post-9592\" class=\"su-post\">\n\t\t\t\t\t\t\t\t\t\t<h2 class=\"su-post-title\"><a href=\"https:\/\/vozobrera.org\/periodico\/intervencion-de-pierre-royan-l-o-2\/\">INTERVENCI\u00d3N DE PIERRE ROYAN &#8211; L. O.<\/a><\/h2>\n\t\t\t\t<\/div>\n\t\t\t\t\t\t\t\t<div id=\"su-post-9590\" class=\"su-post\">\n\t\t\t\t\t\t\t\t\t\t<h2 class=\"su-post-title\"><a href=\"https:\/\/vozobrera.org\/periodico\/intervencion-de-max-celeste-combat-ouvrier\/\">INTERVENCION DE MAX CELESTE   -COMBAT OUVRIER-<\/a><\/h2>\n\t\t\t\t<\/div>\n\t\t\t\t\t\t\t\t<div id=\"su-post-9587\" class=\"su-post\">\n\t\t\t\t\t\t\t\t\t\t<h2 class=\"su-post-title\"><a href=\"https:\/\/vozobrera.org\/periodico\/intervencion-de-judith-carter-the-spark\/\">INTERVENCI\u00d3N DE JUDITH CARTER &#8211; THE SPARK<\/a><\/h2>\n\t\t\t\t<\/div>\n\t\t\t\t\t\t\t\t<div id=\"su-post-9585\" class=\"su-post\">\n\t\t\t\t\t\t\t\t\t\t<h2 class=\"su-post-title\"><a href=\"https:\/\/vozobrera.org\/periodico\/intervencion-de-pierre-royan-l-o\/\">INTERVENCI\u00d3N DE PIERRE ROYAN &#8211; L. O.<\/a><\/h2>\n\t\t\t\t<\/div>\n\t\t\t\t\t\t\t\t<div id=\"su-post-9583\" class=\"su-post\">\n\t\t\t\t\t\t\t\t\t\t<h2 class=\"su-post-title\"><a href=\"https:\/\/vozobrera.org\/periodico\/conclusion\/\">CONCLUSI\u00d3N<\/a><\/h2>\n\t\t\t\t<\/div>\n\t\t\t\t<\/div>\n<p>&nbsp;<\/p>\n","protected":false},"excerpt":{"rendered":"<p>80 a\u00f1os de la fundaci\u00f3n de la IV Internacional Conferencia del C\u00edrculo Le\u00f3n Trotsky realizada el 16 de noviembre de 2018 en Par\u00eds &nbsp;<\/p>\n","protected":false},"author":5,"featured_media":0,"comment_status":"closed","ping_status":"closed","sticky":false,"template":"","format":"standard","meta":{"neve_meta_sidebar":"","neve_meta_container":"","neve_meta_enable_content_width":"","neve_meta_content_width":70,"neve_meta_title_alignment":"","neve_meta_author_avatar":"","neve_post_elements_order":"","neve_meta_disable_header":"","neve_meta_disable_footer":"","neve_meta_disable_title":"","footnotes":""},"categories":[37],"tags":[],"class_list":["post-9595","post","type-post","status-publish","format-standard","hentry","category-lucha-de-clase"],"_links":{"self":[{"href":"https:\/\/vozobrera.org\/periodico\/wp-json\/wp\/v2\/posts\/9595","targetHints":{"allow":["GET"]}}],"collection":[{"href":"https:\/\/vozobrera.org\/periodico\/wp-json\/wp\/v2\/posts"}],"about":[{"href":"https:\/\/vozobrera.org\/periodico\/wp-json\/wp\/v2\/types\/post"}],"author":[{"embeddable":true,"href":"https:\/\/vozobrera.org\/periodico\/wp-json\/wp\/v2\/users\/5"}],"replies":[{"embeddable":true,"href":"https:\/\/vozobrera.org\/periodico\/wp-json\/wp\/v2\/comments?post=9595"}],"version-history":[{"count":8,"href":"https:\/\/vozobrera.org\/periodico\/wp-json\/wp\/v2\/posts\/9595\/revisions"}],"predecessor-version":[{"id":9712,"href":"https:\/\/vozobrera.org\/periodico\/wp-json\/wp\/v2\/posts\/9595\/revisions\/9712"}],"wp:attachment":[{"href":"https:\/\/vozobrera.org\/periodico\/wp-json\/wp\/v2\/media?parent=9595"}],"wp:term":[{"taxonomy":"category","embeddable":true,"href":"https:\/\/vozobrera.org\/periodico\/wp-json\/wp\/v2\/categories?post=9595"},{"taxonomy":"post_tag","embeddable":true,"href":"https:\/\/vozobrera.org\/periodico\/wp-json\/wp\/v2\/tags?post=9595"}],"curies":[{"name":"wp","href":"https:\/\/api.w.org\/{rel}","templated":true}]}}