{"id":8896,"date":"2019-02-02T19:54:30","date_gmt":"2019-02-02T17:54:30","guid":{"rendered":"http:\/\/vozobrera.org\/periodico\/?p=8896"},"modified":"2019-02-02T19:54:30","modified_gmt":"2019-02-02T17:54:30","slug":"el-caso-julen-y-la-socializacion-de-los-medios-de-produccion","status":"publish","type":"post","link":"https:\/\/vozobrera.org\/periodico\/el-caso-julen-y-la-socializacion-de-los-medios-de-produccion\/","title":{"rendered":"El caso Julen y la socializaci\u00f3n de los medios de producci\u00f3n"},"content":{"rendered":"<p>El caso del peque\u00f1o Julen, que cay\u00f3 a un estrecho pozo y fue rescatado sin vida tras 14 d\u00edas de intensas labores de rescate, ha sido quiz\u00e1s el m\u00e1s seguido por los medios y redes sociales. A partir de las primeras pruebas, que apuntaban ya sin duda a la presencia del ni\u00f1o en el interior de un antiguo pozo de prospecci\u00f3n acu\u00edfera, las labores de rescate que se han llevado a cabo han contado con un despliegue inaudito de personal y medios t\u00e9cnicos.<a href=\"https:\/\/vozobrera.org\/periodico\/wp-content\/uploads\/2019\/02\/sin-patron.jpg\"><img loading=\"lazy\" decoding=\"async\" class=\"alignright size-full wp-image-8884\" src=\"https:\/\/vozobrera.org\/periodico\/wp-content\/uploads\/2019\/02\/sin-patron.jpg\" alt=\"sin patron\" width=\"259\" height=\"195\" \/><\/a><br \/>\nSeg\u00fan diversos medios, han participado m\u00e1s de 300 personas, entre mineros, bomberos, espele\u00f3logos, t\u00e9c-nicos en explosivos, Guardia Civil, especialistas y voluntarios. Muchas empresas privadas han ofrecido colaboraci\u00f3n desinteresada de una u otra forma, tanto a nivel nacional como internacional. Por \u00faltimo, en Total\u00e1n(M\u00e1laga), la localidad de Julen, sus habitantes se han volcado con los grupos de rescate, que han recibido alimentos, bebidas y toda clase de atenciones. Durante catorce d\u00edas se ha vivido una experiencia social a ra\u00edz de un suceso particular.<br \/>\nSeg\u00fan algunos de los miembros del rescate, estas labores, que en circunstancias normales habr\u00edan necesitado meses, se han ejecutado en cuesti\u00f3n de d\u00edas. Todo ello gracias a un trabajo colectivo, ejecutado con precisi\u00f3n y suficientes medios t\u00e9cnicos. Todo esto demuestra c\u00f3mo es posible distribuir y utilizar la maquinaria y resto de medios t\u00e9cnicos, algunos punteros y ponerlos a disposici\u00f3n de un fin social concreto.<br \/>\nSi por ejemplo el paro, as\u00ed como las precarias condiciones laborales que imponen una minor\u00eda de capitalistas a la mayor\u00eda trabajadora, tuviese que ser abordado por los propios trabajadores, se requer\u00eda una soluci\u00f3n que pasa sin duda alguna por tomar los medios de producci\u00f3n, los medios t\u00e9cnicos que est\u00e1n en manos de las empresas privadas a manos de los trabajadores.La eficacia, en el caso de Julen, se impuso con el control racional y el empleo de lo necesario. Aplicar esta misma soluci\u00f3n para resolver un problema que ata\u00f1e a la clase trabajadora en su conjunto, es expropiar a los poseedores de los medios de producci\u00f3n en favor de la amplia mayor\u00eda trabajadora. Este desaf\u00edo es posible y ahora m\u00e1s que nunca es necesario llevarlo adelante, hasta sus \u00faltimas consecuencias. La clase trabajadora podr\u00e1 hacerlo porque ya ha demostrado varias veces su viabilidad.<\/p>\n","protected":false},"excerpt":{"rendered":"<p>El caso del peque\u00f1o Julen, que cay\u00f3 a un estrecho pozo y fue rescatado sin vida tras 14 d\u00edas de intensas labores de rescate, ha sido quiz\u00e1s el m\u00e1s seguido por los medios y redes sociales. A partir de las primeras pruebas, que apuntaban ya sin duda a la presencia del ni\u00f1o en el interior&hellip;&nbsp;<a href=\"https:\/\/vozobrera.org\/periodico\/el-caso-julen-y-la-socializacion-de-los-medios-de-produccion\/\" rel=\"bookmark\">Leer m\u00e1s &raquo;<span class=\"screen-reader-text\">El caso Julen y la socializaci\u00f3n de los medios de producci\u00f3n<\/span><\/a><\/p>\n","protected":false},"author":5,"featured_media":0,"comment_status":"closed","ping_status":"closed","sticky":false,"template":"","format":"standard","meta":{"neve_meta_sidebar":"","neve_meta_container":"","neve_meta_enable_content_width":"","neve_meta_content_width":0,"neve_meta_title_alignment":"","neve_meta_author_avatar":"","neve_post_elements_order":"","neve_meta_disable_header":"","neve_meta_disable_footer":"","neve_meta_disable_title":"","footnotes":""},"categories":[10],"tags":[],"class_list":["post-8896","post","type-post","status-publish","format-standard","hentry","category-mensual"],"_links":{"self":[{"href":"https:\/\/vozobrera.org\/periodico\/wp-json\/wp\/v2\/posts\/8896","targetHints":{"allow":["GET"]}}],"collection":[{"href":"https:\/\/vozobrera.org\/periodico\/wp-json\/wp\/v2\/posts"}],"about":[{"href":"https:\/\/vozobrera.org\/periodico\/wp-json\/wp\/v2\/types\/post"}],"author":[{"embeddable":true,"href":"https:\/\/vozobrera.org\/periodico\/wp-json\/wp\/v2\/users\/5"}],"replies":[{"embeddable":true,"href":"https:\/\/vozobrera.org\/periodico\/wp-json\/wp\/v2\/comments?post=8896"}],"version-history":[{"count":1,"href":"https:\/\/vozobrera.org\/periodico\/wp-json\/wp\/v2\/posts\/8896\/revisions"}],"predecessor-version":[{"id":8897,"href":"https:\/\/vozobrera.org\/periodico\/wp-json\/wp\/v2\/posts\/8896\/revisions\/8897"}],"wp:attachment":[{"href":"https:\/\/vozobrera.org\/periodico\/wp-json\/wp\/v2\/media?parent=8896"}],"wp:term":[{"taxonomy":"category","embeddable":true,"href":"https:\/\/vozobrera.org\/periodico\/wp-json\/wp\/v2\/categories?post=8896"},{"taxonomy":"post_tag","embeddable":true,"href":"https:\/\/vozobrera.org\/periodico\/wp-json\/wp\/v2\/tags?post=8896"}],"curies":[{"name":"wp","href":"https:\/\/api.w.org\/{rel}","templated":true}]}}