{"id":832,"date":"2012-04-16T14:34:53","date_gmt":"2012-04-16T14:34:53","guid":{"rendered":"http:\/\/vozobrera.org\/periodico\/?p=832"},"modified":"2012-10-14T14:39:38","modified_gmt":"2012-10-14T14:39:38","slug":"el-preacuerdo-y-el-referendum-hay-que-rechazar-los-recortes","status":"publish","type":"post","link":"https:\/\/vozobrera.org\/periodico\/el-preacuerdo-y-el-referendum-hay-que-rechazar-los-recortes\/","title":{"rendered":"EL PREACUERDO Y EL REFER\u00c9NDUM: HAY QUE RECHAZAR LOS RECORTES"},"content":{"rendered":"<p style=\"text-align: justify;\">\u00a0\u00a0\u00a0\u00a0\u00a0\u00a0\u00a0\u00a0\u00a0\u00a0\u00a0 Despu\u00e9s de las asambleas de los sindicatos se tiene previsto un refer\u00e9ndum para aprobar o rechazar el preacuerdo. Desde aqu\u00ed respetamos las distintas opciones que los trabajadores elijan. Pero debemos tener claro que se acepte o no el preacuerdo y el convenio, van a venir m\u00e1s ataques a las condiciones de vida de los trabajadores.<\/p>\n<p style=\"text-align: justify;\">Nosotros hemos venido diciendo que este preacuerdo es una trampa. La \u00fanica manera de frenar los pies a la Direcci\u00f3n es rechazar los recortes. S\u00f3lo la presi\u00f3n y la lucha de los trabajadores puede dejar sin efecto los ataques.<\/p>\n<p style=\"text-align: justify;\">\u00a0\u00a0\u00a0\u00a0\u00a0\u00a0\u00a0\u00a0\u00a0\u00a0\u00a0 Hay que ser consciente que lo que propone la Direcci\u00f3n es escoger como se nos va a cortar la pierna: a trozos o de una vez. Si aceptamos recortar los salarios hay que saber que ma\u00f1ana recortar\u00e1n m\u00e1s. Esta es la l\u00f3gica a la que se tiene que decir NO.<\/p>\n<p style=\"text-align: justify;\">\u00a0\u00a0\u00a0\u00a0\u00a0\u00a0\u00a0\u00a0\u00a0\u00a0\u00a0 Parar la privatizaci\u00f3n de Tussam es cuesti\u00f3n de lucha y no de papeles. El PP lo tiene decidido ya. Cualquiera que sean los resultados del refer\u00e9ndum hoy, compromet\u00e1monos a las luchas de ma\u00f1ana.<\/p>\n","protected":false},"excerpt":{"rendered":"<p>\u00a0\u00a0\u00a0\u00a0\u00a0\u00a0\u00a0\u00a0\u00a0\u00a0\u00a0 Despu\u00e9s de las asambleas de los sindicatos se tiene previsto un refer\u00e9ndum para aprobar o rechazar el preacuerdo. Desde aqu\u00ed respetamos las distintas opciones que los trabajadores elijan. Pero debemos tener claro que se acepte o no el preacuerdo y el convenio, van a venir m\u00e1s ataques a las condiciones de vida de los&hellip;&nbsp;<a href=\"https:\/\/vozobrera.org\/periodico\/el-preacuerdo-y-el-referendum-hay-que-rechazar-los-recortes\/\" rel=\"bookmark\">Leer m\u00e1s &raquo;<span class=\"screen-reader-text\">EL PREACUERDO Y EL REFER\u00c9NDUM: HAY QUE RECHAZAR LOS RECORTES<\/span><\/a><\/p>\n","protected":false},"author":3,"featured_media":0,"comment_status":"open","ping_status":"open","sticky":false,"template":"","format":"standard","meta":{"neve_meta_sidebar":"","neve_meta_container":"","neve_meta_enable_content_width":"","neve_meta_content_width":0,"neve_meta_title_alignment":"","neve_meta_author_avatar":"","neve_post_elements_order":"","neve_meta_disable_header":"","neve_meta_disable_footer":"","neve_meta_disable_title":"","footnotes":""},"categories":[63],"tags":[],"class_list":["post-832","post","type-post","status-publish","format-standard","hentry","category-quincenal"],"_links":{"self":[{"href":"https:\/\/vozobrera.org\/periodico\/wp-json\/wp\/v2\/posts\/832","targetHints":{"allow":["GET"]}}],"collection":[{"href":"https:\/\/vozobrera.org\/periodico\/wp-json\/wp\/v2\/posts"}],"about":[{"href":"https:\/\/vozobrera.org\/periodico\/wp-json\/wp\/v2\/types\/post"}],"author":[{"embeddable":true,"href":"https:\/\/vozobrera.org\/periodico\/wp-json\/wp\/v2\/users\/3"}],"replies":[{"embeddable":true,"href":"https:\/\/vozobrera.org\/periodico\/wp-json\/wp\/v2\/comments?post=832"}],"version-history":[{"count":1,"href":"https:\/\/vozobrera.org\/periodico\/wp-json\/wp\/v2\/posts\/832\/revisions"}],"predecessor-version":[{"id":833,"href":"https:\/\/vozobrera.org\/periodico\/wp-json\/wp\/v2\/posts\/832\/revisions\/833"}],"wp:attachment":[{"href":"https:\/\/vozobrera.org\/periodico\/wp-json\/wp\/v2\/media?parent=832"}],"wp:term":[{"taxonomy":"category","embeddable":true,"href":"https:\/\/vozobrera.org\/periodico\/wp-json\/wp\/v2\/categories?post=832"},{"taxonomy":"post_tag","embeddable":true,"href":"https:\/\/vozobrera.org\/periodico\/wp-json\/wp\/v2\/tags?post=832"}],"curies":[{"name":"wp","href":"https:\/\/api.w.org\/{rel}","templated":true}]}}