{"id":8199,"date":"2018-01-06T15:57:21","date_gmt":"2018-01-06T13:57:21","guid":{"rendered":"http:\/\/vozobrera.org\/periodico\/?p=8199"},"modified":"2020-08-01T11:10:38","modified_gmt":"2020-08-01T09:10:38","slug":"en-la-situacion-actual-ante-la-politica-de-la-burguesia-la-clase-trabajadora-tiene-que-preparar-su-respuesta","status":"publish","type":"post","link":"https:\/\/vozobrera.org\/periodico\/en-la-situacion-actual-ante-la-politica-de-la-burguesia-la-clase-trabajadora-tiene-que-preparar-su-respuesta\/","title":{"rendered":"En la situaci\u00f3n actual, ante la pol\u00edtica de la burgues\u00eda, la clase trabajadora tiene que preparar su respuesta"},"content":{"rendered":"<p>La burgues\u00eda tiene un programa econ\u00f3mico y social preciso, acuciada por la crisis capitalista. Para llevarlo a cabo, sus diversas fracciones pol\u00edticas compiten entre ellas para gestionar el Estado. Responden a los intereses de la burgues\u00eda, son organizaciones o partidos de la gran patronal, ligados por lazos familiares, de direcci\u00f3n en los consejos de administraci\u00f3n, o a trav\u00e9s de prebendas, subvenciones, comisiones, pr\u00e9stamos etc. Estos partidos, como PP o Ciudadanos, son financiados por la banca y empresarios, en general corrompidos por el sistema econ\u00f3mico. Y en estas fracciones entra de lleno la direcci\u00f3n del PSOE.<\/p>\n<p>No es cuesti\u00f3n de reg\u00edmenes pol\u00edticos o formas de Estado, monarqu\u00edas o rep\u00fablicas, dictaduras, dictablandas o democracias parlamentarias. Lo que caracteriza la sociedad capitalista es el dominio pol\u00edtico y social a trav\u00e9s del Estado de la estructura econ\u00f3mica empresarial y de la burgues\u00eda a trav\u00e9s de la propiedad privada de los medios de producci\u00f3n.<\/p>\n<p>El programa econ\u00f3mico y social de la burgues\u00eda tiene sus matices diferenciales entre sus distintas fracciones pero todos ellos tienen en com\u00fan la misma pol\u00edtica: atacar las condiciones de trabajo y de vida del mundo del trabajo y de las clases populares para mantener los beneficios capitalistas y as\u00ed lograr el \u201ccrecimiento econ\u00f3mico\u201d, utilizando su terminolog\u00eda. Para ello pusieron en marcha toda una serie de medidas ya desde la crisis econ\u00f3mica de finales de los 70 y que se reactivaron con la pol\u00edtica de austeridad a partir de la crisis de  2007\/2008.<\/p>\n<p>En primer lugar han ido privatizando empresas estatales b\u00e1sicas de las comunicaciones, electricidad, energ\u00eda, aeropuertos, servicios municipales de agua, residuos etc. En estas ventas los beneficios se realizaron con intermediaci\u00f3n de los pol\u00edticos dirigentes de los grandes partidos, PP\/PSOE fundamentalmente en el \u00e1mbito nacional, y en el terreno auton\u00f3mico a trav\u00e9s de los nacionalistas en aquellas zonas con gran implantaci\u00f3n, es decir, Catalu\u00f1a y Euskadi. Estos pol\u00edticos fueron bien pagados por sus due\u00f1os: han terminado ocupando puestos en los consejos de administraci\u00f3n de estas empresas.<\/p>\n<p>En segundo lugar se hicieron las reformas laborales tendentes a bajar los salarios, precarizando la clase trabajadora, creando la divisi\u00f3n entre los trabajadores fijos de las grandes empresas y administraci\u00f3n y la inmensa mayor\u00eda de los asalariados con sueldos menores o igual a los 1000 euros en la actualidad. Los ERE\/ERTE, el despido libre y barato, ha permitido a la patronal despedir trabajadores fijos con antig\u00fcedad para contratar en precario, directamente o a trav\u00e9s de la subcontrataci\u00f3n.<\/p>\n<p>En tercer lugar se mantiene una \u201creserva de mano de obra\u201d, que no baja de 3 millones de trabajadores desde hace decenas de a\u00f1os y que junto a los contratados temporales, interinos, a tiempo parcial etc. son el 50% de la poblaci\u00f3n activa asalariada. Este desempleo estructural permite tener atenazada a la clase trabajadora, dividida, parcelada y con temor a ser despedido o seguir en paro.<\/p>\n<p>Finalmente, a partir de la \u00faltima crisis, los distintos gobiernos del PP y PSOE, Ciudadanos, PNV, CiU (PDeCAT), ERC, con o sin pactos entre ellos pusieron en marcha pol\u00edticas de austeridad que propiciaron recortes de los servicios p\u00fablicos esenciales en sanidad y educaci\u00f3n y en general en todos los servicios sociales. Mantuvieron las mismas pol\u00edticas laborales que sus antecesores, sus reformas deteriorando para los trabajadores los derechos y condiciones laborales, y rescataron a la banca con dinero p\u00fablico, terminaron de privatizar empresas como las cajas de ahorros, y externalizaron servicios p\u00fablicos en una privatizaci\u00f3n a ritmo lento con la ley Montoro de financiaci\u00f3n.<\/p>\n<p>En Catalu\u00f1a, como en las dem\u00e1s autonom\u00edas, como en el gobierno central, han sido y son las mismas pol\u00edticas de la burgues\u00eda. Creer que ser\u00eda un paso adelante la independencia, adem\u00e1s de inviable en las circunstancias que desean Puigdemont y Junqueras como se ha demostrado, es caer en las ilusiones de la peque\u00f1a burgues\u00eda, adem\u00e1s de falso.<\/p>\n<p>El problema fundamental que tenemos es preparar la respuesta de la clase trabajadora. Por eso es necesario que la lucha de la clase trabajadora, sus objetivos de clase y sus perspectiva pol\u00edticas, se visualicen. Si \u00e9sta no aparece como movimiento independiente con un programa propio las posibilidades de cambio social y pol\u00edtico se retrasar\u00e1n.<\/p>\n<p>El n\u00famero es la fuerza de la clase trabajadora; si est\u00e1 en lucha por sus propias reivindicaciones contra el capital podr\u00e1 vencer, puesto que la burgues\u00eda, la patronal, es una minor\u00eda. Esta es la estrategia del movimiento obrero. En el Manifiesto Comunista se explicaba que \u201ca veces los obreros triunfan, pero es un triunfo ef\u00edmero. El verdadero resultado de las luchas no es el \u00e9xito inmediato, sino la uni\u00f3n m\u00e1s extensa de los obreros.\u201d Uniendo las luchas locales, uniendo unos trabajadores con otros para que \u201cse centralicen en una lucha nacional, en una lucha de clases.\u00bb<\/p>\n<p>Actualmente este partido no existe y desde Voz Obrera intentamos ayudar a construirlo participando en las luchas obreras y movilizaciones de las que podemos intervenir. Como ejemplo est\u00e1n las Marchas de la Dignidad. En esta l\u00ednea las Marchas supusieron millones de personas bajo un lema \u201cPan, Trabajo, Techo\u201d que resum\u00eda las reivindicaciones b\u00e1sicas de la clase trabajadora independientemente de donde viviera. En Madrid millones de personas se manifestaron el 22 de marzo de 2014. El grito de \u201cviva la lucha de la clase obrera\u201d se hizo tan popular que se corea en todas las manifestaciones. Despu\u00e9s se han seguido realizando marchas masivas a Madrid y en cada ciudad importante, en 2015, 2016 y 2017. Sin embargo el conflicto catal\u00e1n desvi\u00f3 todo hacia posiciones soberanistas; los nacionalistas de izquierda dejaron de apoyar las reivindicaciones de clase y se ha roto la unidad.<\/p>\n<p>Los militantes de Voz Obrera intentamos intervenir impulsando las luchas desde la perspectiva de la lucha de la clase trabajadora. Nuestra participaci\u00f3n en los comit\u00e9s de las Marchas tienen ese objetivo. Desde el comit\u00e9 local de las Marchas de Sevilla animamos la Asamblea de trabajadoras y trabajadores en lucha, donde trabajadores individuales y de distintas empresas y sectores explican sus problemas y sus luchas. Algunos de los compa\u00f1eros que participan en la Marchas ven en la asamblea de trabajadores una posible salida al impase del movimiento unitario que fueron las Marchas de la Dignidad. Desde nuestras filas vamos a intentar que las luchas obreras se visibilicen y la unidad y solidaridad obrera sean un hecho. El manifiesto que adjuntamos recoge 6 reivindicaciones que son la expresi\u00f3n de los problemas individuales y colectivos de las mujeres y hombres que son comunes a todo el mundo del trabajo del Estado. Pero esto no ser\u00e1 suficiente sin una perspectiva pol\u00edtica de clase. Y esta perspectiva solo podr\u00e1 realizarse si construimos el partido de la clase obrera.<\/p>\n<p>La clase trabajadora adem\u00e1s debe tener su partido, su organizaci\u00f3n pol\u00edtica que pueda lidiar con los partidos de la burgues\u00eda y que proponga una perspectiva de cambio social hacia el socialismo para la toma del poder por la clase trabajadora. Sin organizaci\u00f3n pol\u00edtica, sin partido, la clase trabajadora, aunque exprese su combatividad, no podr\u00e1 nunca acceder a las transformaciones sociales necesarias para derruir el capitalismo.<\/p>\n<p>Esta crisis pone en evidencia la necesidad imperiosa de construir un partido obrero comunista y revolucionario. Ni en el parlamento del Estado ni en las autonom\u00edas hay una fuerza pol\u00edtica que se reclame de la clase obrera que recoja un programa que defienda sus intereses de clase. Las luchas obreras son continuas aunque no se visualicen. Continuamente en las empresas existen conflictos que se expresan, individualmente, colectivamente, empresa por empresa o localmente. Sabemos que con deseos no es suficiente construir el partido, nacer\u00e1 de las luchas que existen y que son inevitables. Y para ello es indispensable que haya militantes formados que intervengan en las luchas de la clase trabajadora.<\/p>\n<hr \/>\n<p style=\"text-align: right;\"><a href=\"https:\/\/vozobrera.org\/periodico\/la-crisis-politica-en-cataluna-y-su-repercusion-en-espana\/\" title=\"La crisis pol\u00edtica en Catalu\u00f1a y su repercusi\u00f3n en Espa\u00f1a\">La crisis pol\u00edtica en Catalu\u00f1a y su repercusi\u00f3n en Espa\u00f1a<\/a>, diciembre de 2017<\/p>\n","protected":false},"excerpt":{"rendered":"<p>La burgues\u00eda tiene un programa econ\u00f3mico y social preciso, acuciada por la crisis capitalista. Para llevarlo a cabo, sus diversas fracciones pol\u00edticas compiten entre ellas para gestionar el Estado. Responden a los intereses de la burgues\u00eda, son organizaciones o partidos de la gran patronal, ligados por lazos familiares, de direcci\u00f3n en los consejos de administraci\u00f3n,&hellip;&nbsp;<a href=\"https:\/\/vozobrera.org\/periodico\/en-la-situacion-actual-ante-la-politica-de-la-burguesia-la-clase-trabajadora-tiene-que-preparar-su-respuesta\/\" rel=\"bookmark\">Leer m\u00e1s &raquo;<span class=\"screen-reader-text\">En la situaci\u00f3n actual, ante la pol\u00edtica de la burgues\u00eda, la clase trabajadora tiene que preparar su respuesta<\/span><\/a><\/p>\n","protected":false},"author":5,"featured_media":0,"comment_status":"closed","ping_status":"closed","sticky":false,"template":"","format":"standard","meta":{"neve_meta_sidebar":"","neve_meta_container":"","neve_meta_enable_content_width":"","neve_meta_content_width":0,"neve_meta_title_alignment":"","neve_meta_author_avatar":"","neve_post_elements_order":"","neve_meta_disable_header":"","neve_meta_disable_footer":"","neve_meta_disable_title":"","footnotes":""},"categories":[37],"tags":[572],"class_list":["post-8199","post","type-post","status-publish","format-standard","hentry","category-lucha-de-clase","tag-ldc1217"],"_links":{"self":[{"href":"https:\/\/vozobrera.org\/periodico\/wp-json\/wp\/v2\/posts\/8199","targetHints":{"allow":["GET"]}}],"collection":[{"href":"https:\/\/vozobrera.org\/periodico\/wp-json\/wp\/v2\/posts"}],"about":[{"href":"https:\/\/vozobrera.org\/periodico\/wp-json\/wp\/v2\/types\/post"}],"author":[{"embeddable":true,"href":"https:\/\/vozobrera.org\/periodico\/wp-json\/wp\/v2\/users\/5"}],"replies":[{"embeddable":true,"href":"https:\/\/vozobrera.org\/periodico\/wp-json\/wp\/v2\/comments?post=8199"}],"version-history":[{"count":5,"href":"https:\/\/vozobrera.org\/periodico\/wp-json\/wp\/v2\/posts\/8199\/revisions"}],"predecessor-version":[{"id":8245,"href":"https:\/\/vozobrera.org\/periodico\/wp-json\/wp\/v2\/posts\/8199\/revisions\/8245"}],"wp:attachment":[{"href":"https:\/\/vozobrera.org\/periodico\/wp-json\/wp\/v2\/media?parent=8199"}],"wp:term":[{"taxonomy":"category","embeddable":true,"href":"https:\/\/vozobrera.org\/periodico\/wp-json\/wp\/v2\/categories?post=8199"},{"taxonomy":"post_tag","embeddable":true,"href":"https:\/\/vozobrera.org\/periodico\/wp-json\/wp\/v2\/tags?post=8199"}],"curies":[{"name":"wp","href":"https:\/\/api.w.org\/{rel}","templated":true}]}}