{"id":7817,"date":"2017-11-13T19:51:15","date_gmt":"2017-11-13T17:51:15","guid":{"rendered":"http:\/\/vozobrera.org\/periodico\/?p=7817"},"modified":"2017-12-18T19:40:14","modified_gmt":"2017-12-18T17:40:14","slug":"noticias-obreras-de-ayuntamiento-de-sevilla-1-quincenal-noviembre-de-2017","status":"publish","type":"post","link":"https:\/\/vozobrera.org\/periodico\/noticias-obreras-de-ayuntamiento-de-sevilla-1-quincenal-noviembre-de-2017\/","title":{"rendered":"Noticias obreras de Ayuntamiento de Sevilla \u2013 1\u00b0 quincenal Noviembre de 2017"},"content":{"rendered":"<p><strong>OTRA CUADRILLA MENOS<\/strong><\/p>\n<p>Parece ser que el Ayto. lo ha vuelto a hacer y ha desmontado otra cuadrilla de poda en Parques y Jardines. En el \u00faltimo a\u00f1o ya van dos de las tres existentes, lo que resulta dif\u00edcil de entender con el grav\u00edsimo problema que presenta el arbolado en la ciudad y, a la misma vez, se siguen adjudicando contratos a empresas privadas para desarrollar tareas habituales del personal de Parques y Jardines. A\u00f1adir a este sinsentido que, en el Parque de Los Pr\u00edncipes, hay actualmente empleados municipales desempe\u00f1ando servicios asignados a una empresa privada contratada por el Ayto. para realizar las podas de los \u00e1rboles, y que est\u00e1n retirando ramas y hojas que caen al suelo durante estas tareas de poda y que deber\u00eda hacer la empresa privada.<\/p>\n<p>Como hemos denunciado en otras ocasiones es lo de siempre, \u00a1\u201cdejar morir\u201d el servicio p\u00fablico para tener la excusa perfecta para privatizarlo\u2026con nuestro dinero, claro!<\/p>\n<p>&nbsp;<\/p>\n<p><strong>A PESAR DE LOS INCONVENIENTES<\/strong><\/p>\n<p>Otro ejemplo de la estrategia seguida y que continuamos denunciando es la falta de medios o contar con maquinaria obsoleta, antigua con la que el personal de PyJ tiene que trabajar d\u00eda a d\u00eda, lo que repercute \u201cnegativamente\u201d en el mantenimiento de las zonas verdes de la ciudad y que ser\u00eda a\u00fan peor si no fuera por la voluntariedad, profesionalidad y el esfuerzo de la plantilla municipal que trata de sacar su trabajo lo mejor posible con unos recursos m\u00ednimos. Adem\u00e1s, hemos tenido conocimiento de que los trabajadores est\u00e1n recibiendo presiones y sufriendo pr\u00e1cticas intimidatorias desconocidas hasta \u201cahora\u201d en el seno del Ayuntamiento.<\/p>\n<p>&nbsp;<\/p>\n<p><strong>OTRA NUEVA CAIDA DE \u00c1RBOL<\/strong><\/p>\n<p>En esta ocasi\u00f3n ha sido un enorme olmo completamente seco y con el tronco hueco que se desplom\u00f3 en el\u00a0Parque de Mar\u00eda Luisa y que no produjo da\u00f1os personales ni materiales.<\/p>\n<p>Seg\u00fan el Ayto. este \u00e1rbol ya hab\u00eda sido diagnosticado como uno de los \u00e1rboles en situaci\u00f3n de riesgo que hab\u00eda en este parque, seg\u00fan un estudio que se hizo a principios del mandato y es uno de los 2.500 \u00e1rboles que se encuentran en esta misma situaci\u00f3n en toda la ciudad y que se encontraba en avanzado estado de deterioro porque durante a\u00f1os no ha recibido el tratamiento adecuado. Como siempre, se le echa la culpa a la cuesti\u00f3n meteorol\u00f3gica: extremo calor de los veranos y la escasez de lluvias.<\/p>\n<p>Y ante esto, se espera que el Ayto. adjudique un contrato de 700.000 euros para actuaciones de urgencia\u00a0en los \u00e1rboles de los parques y jardines hist\u00f3ricos de Sevilla, incluido el olmo ca\u00eddo que estaba previsto que se apeara, como tambi\u00e9n tendr\u00e1n que apearse varios \u00e1rboles del P. Mar\u00eda Luisa, mientras que otros tendr\u00e1n que ser sometidos a podas agresivas\u2026el problema viene de lejos y la soluci\u00f3n \u00bfla privatizaci\u00f3n, sr. Alcalde?<\/p>\n<p>&nbsp;<\/p>\n<p><strong>REIVINDICACIONES EN TRES BARRIOS<\/strong><\/p>\n<p>En Tres Barrios, donde el nivel de renta es el m\u00e1s bajo de Espa\u00f1a, el paro afecta a casi tres cuartas partes de la poblaci\u00f3n activa y los escasos empleos son precarios y ef\u00edmeros se sigue con la movilizaci\u00f3n y esta vez centrada en la UTS de la zona que no tiene la plantilla dotada en su totalidad y s\u00f3lo cuenta con 5 personas a las que se les suma alg\u00fan personal de refuerzo del ZONAS que son temporales. A pesar de la pobreza, la carencia de recursos para cubrir las necesidades b\u00e1sicas en el hogar, las altas tasas de dependencia, el envejecimiento de la poblaci\u00f3n, la exclusi\u00f3n social, etc., esta UTS ya no presenta esas colas de usuarios a las 4 de la ma\u00f1ana para pedir cita con \u201cla asistenta\u201d, ahora se ha creado una lista de espera de 3-4 meses\u2026 esas son las soluciones que se dan desde el Ayto, \u00a1DE VERG\u00dcENZA!<\/p>\n<p>&nbsp;<\/p>\n<p><strong>INTERVENCI\u00d3N DEL AYTO. DE MADRID<\/strong><\/p>\n<p>Es vergonzoso c\u00f3mo el Estado ha intervenido las cuentas del Ayto. de Madrid, que aprovechaba el super\u00e1vit en sus cuentas para dotar de presupuesto pol\u00edticas sociales. Pol\u00edticas que escasean debido a la aplicaci\u00f3n de la Ley de Estabilidad Presupuestaria impuesta, que obliga a emplear cada euro obtenido a llenar el pozo sin fondo dejado por los bancos.<\/p>\n<p>Hacienda se encargar\u00e1 de controlar semana a semana las cuentas del Ayto. As\u00ed llevar\u00e1 a cabo una labor de rapi\u00f1a de las cuentas p\u00fablicas locales, cuando son esas pol\u00edticas de austeridad, las que llevan a esos recortes, que est\u00e1n profundizando la crisis de la clase trabajadora, en empleo, en salarios, prestaciones y servicios p\u00fablicos como educaci\u00f3n y sanidad.<\/p>\n<p>Debemos decir, que antes que los bancos y sus defensores politicuchos estamos los trabajadores.<\/p>\n<p>\u00a1Que no nos roben el fruto de nuestro trabajo!<\/p>\n","protected":false},"excerpt":{"rendered":"<p>OTRA CUADRILLA MENOS Parece ser que el Ayto. lo ha vuelto a hacer y ha desmontado otra cuadrilla de poda en Parques y Jardines. En el \u00faltimo a\u00f1o ya van dos de las tres existentes, lo que resulta dif\u00edcil de entender con el grav\u00edsimo problema que presenta el arbolado en la ciudad y, a la&hellip;&nbsp;<a href=\"https:\/\/vozobrera.org\/periodico\/noticias-obreras-de-ayuntamiento-de-sevilla-1-quincenal-noviembre-de-2017\/\" rel=\"bookmark\">Leer m\u00e1s &raquo;<span class=\"screen-reader-text\">Noticias obreras de Ayuntamiento de Sevilla \u2013 1\u00b0 quincenal Noviembre de 2017<\/span><\/a><\/p>\n","protected":false},"author":5,"featured_media":0,"comment_status":"closed","ping_status":"closed","sticky":false,"template":"","format":"standard","meta":{"neve_meta_sidebar":"","neve_meta_container":"","neve_meta_enable_content_width":"","neve_meta_content_width":0,"neve_meta_title_alignment":"","neve_meta_author_avatar":"","neve_post_elements_order":"","neve_meta_disable_header":"","neve_meta_disable_footer":"","neve_meta_disable_title":"","footnotes":""},"categories":[557,63],"tags":[],"class_list":["post-7817","post","type-post","status-publish","format-standard","hentry","category-ayuntamiento","category-quincenal"],"_links":{"self":[{"href":"https:\/\/vozobrera.org\/periodico\/wp-json\/wp\/v2\/posts\/7817","targetHints":{"allow":["GET"]}}],"collection":[{"href":"https:\/\/vozobrera.org\/periodico\/wp-json\/wp\/v2\/posts"}],"about":[{"href":"https:\/\/vozobrera.org\/periodico\/wp-json\/wp\/v2\/types\/post"}],"author":[{"embeddable":true,"href":"https:\/\/vozobrera.org\/periodico\/wp-json\/wp\/v2\/users\/5"}],"replies":[{"embeddable":true,"href":"https:\/\/vozobrera.org\/periodico\/wp-json\/wp\/v2\/comments?post=7817"}],"version-history":[{"count":1,"href":"https:\/\/vozobrera.org\/periodico\/wp-json\/wp\/v2\/posts\/7817\/revisions"}],"predecessor-version":[{"id":7818,"href":"https:\/\/vozobrera.org\/periodico\/wp-json\/wp\/v2\/posts\/7817\/revisions\/7818"}],"wp:attachment":[{"href":"https:\/\/vozobrera.org\/periodico\/wp-json\/wp\/v2\/media?parent=7817"}],"wp:term":[{"taxonomy":"category","embeddable":true,"href":"https:\/\/vozobrera.org\/periodico\/wp-json\/wp\/v2\/categories?post=7817"},{"taxonomy":"post_tag","embeddable":true,"href":"https:\/\/vozobrera.org\/periodico\/wp-json\/wp\/v2\/tags?post=7817"}],"curies":[{"name":"wp","href":"https:\/\/api.w.org\/{rel}","templated":true}]}}