{"id":7752,"date":"2017-10-18T10:50:48","date_gmt":"2017-10-18T08:50:48","guid":{"rendered":"http:\/\/vozobrera.org\/periodico\/?p=7752"},"modified":"2020-11-24T14:18:35","modified_gmt":"2020-11-24T12:18:35","slug":"alemania-tras-las-elecciones-legislativas","status":"publish","type":"post","link":"https:\/\/vozobrera.org\/periodico\/alemania-tras-las-elecciones-legislativas\/","title":{"rendered":"Alemania: tras las elecciones legislativas"},"content":{"rendered":"<p>Tras los resultados electorales del 24 de septiembre, Alemania parece que va a entrar en un periodo pol\u00edticamente menos estable. El partido de Angela Merkel CDU\/CSU, ganador, pero con resultdos a la baja, no lo va a tener tan f\u00e1cil para formar coaliciones de gobierno.<br \/>\nSobre todo el paisaje ha cambiado por la entrada en el Parlamento de diputados del partido de extrema derecha Alternativa para Alemania (AFD) que ha recogido 12\u20196% de los votos. AFD, al contrario de lo que hace en francia el Frente Nacional de le Pen, ha llevado a cabo una campa\u00f1a abyecta, radicalizando su discurso, marcado por provocaciones, injurias racistas, sexistas e incluso con cierta complacencia con su pasado nazi. Igualmente ha personalizado su campa\u00f1a contra la canciller Angela Merkel abuche\u00e1ndola en los m\u00edtines, prometiendo castigarla o por lo menos meterla en la c\u00e1rcel por haber abierto \u201cilegalmente\u201d Alemania a los refugiados en 2015.<br \/>\nM\u00e1s all\u00e1 del tema de los refugiados, de cierto sentimiento anti-inmigrantes que tambi\u00e9n progresa en Alemania, la AFD alienta un sentimiento de c\u00f3lera que existe contra el discurso oficial de Merkel de \u201ctodo ir\u00e1 bien en Alemania\u201d.<br \/>\nLa AFD con su campa\u00f1a acaba de rebasar brutalmente los l\u00edmites de lo que hasta ahora se pod\u00eda decir. Este primer \u00e9xito de la extrema derecha a escala nacional tendr\u00e1 consecuencias pol\u00edticas. Una derechizaci\u00f3n que ya se nota, probablemente va a agravarse en los meses por venir.<br \/>\nEl partido de Merkel CDU\/CSU, todav\u00eda va en cabeza, a pesar de llevar ya 3 mandatos y 12 a\u00f1os en el poder. Pero con el 33% de los votos no s\u00f3lo obtiene menos de lo que indicaban los sondeos, sino que son 25 millones de votos menos que en 2013.<br \/>\nEsto no solo se explica por el tema de los refugiados; la realidad es m\u00e1s compleja. Ya desde las elecciones de 2009 la CDU viene perdiendo votos y a\u00fan no hab\u00eda llegado el mill\u00f3n de refugiados; pero la poblaci\u00f3n trabajadora mostr\u00f3 as\u00ed su rechazo a la miseria y la precariedad que cada vez degradan m\u00e1s las condiciones de vida.<br \/>\nUna parte de estos electores perdidos por CDU\/CSU han votado esta vez por AFD, algunos por protestar, otros por adhesi\u00f3n. Otros han elegido votar por el partido liberal FDP, estos \u00faltimos, generalmente procedentes de la peque\u00f1a burgues\u00eda, protestan contra lo que consideran una pol\u00edtica muy a la izquierda, muy social-dem\u00f3crata de Merkel, muy protectora para su gusto de los trabajadores y no lo bastante favorable a la patronal. Estas ideas salen reforzadas tras el escrutinio y los dirigentes buscar\u00e1n satisfacerlas en alg\u00fan modo en el futuro.<br \/>\nEn cuanto al SPD (partido socialdem\u00f3crata) con el 20% de los votos, sigue su ca\u00edda habiendo tenido su peor resultado electoral; su candidato enseguida ha declarado que no gobernar\u00e1 con la CDU\/CSU y pasar\u00e1n a la oposici\u00f3n. Continuar siendo partener menor de una gran coalici\u00f3n, como en los \u00faltimos a\u00f1os, significar\u00eda muy probablemenre su suicidio. El SPD intenta pues una cura con la oposici\u00f3n, pero nadie dice que vaya a ser una cura exitosa.<br \/>\nEn cuanto a otras formaciones, Die dinke (la llamada izquierda radical) los Verdes, FDP que los sondeos daban resultados irrisorios, obtuvieron alrededor del 10%.<br \/>\nPero el tercer puesto se lo ha llevado la AFD y esto es lo m\u00e1s remarcable de la elecci\u00f3n.<br \/>\nLas negociaciones ya han empezado para formar gobierno entre FDP, Verdes, CDU y CSU; en muchos puntos, como en el tema de los refugiados, es un poco la uni\u00f3n de los contrarios entre los Verdes favorables a su acogida y la CSU pr\u00f3xima de ciertas posiciones de la AFD.<br \/>\nPero estando tan cerca del poder, no est\u00e1 dicho que unos y otros vayan a pararse por tan poco.<\/p>\n","protected":false},"excerpt":{"rendered":"<p>Tras los resultados electorales del 24 de septiembre, Alemania parece que va a entrar en un periodo pol\u00edticamente menos estable. El partido de Angela Merkel CDU\/CSU, ganador, pero con resultdos a la baja, no lo va a tener tan f\u00e1cil para formar coaliciones de gobierno. Sobre todo el paisaje ha cambiado por la entrada en&hellip;&nbsp;<a href=\"https:\/\/vozobrera.org\/periodico\/alemania-tras-las-elecciones-legislativas\/\" rel=\"bookmark\">Leer m\u00e1s &raquo;<span class=\"screen-reader-text\">Alemania: tras las elecciones legislativas<\/span><\/a><\/p>\n","protected":false},"author":5,"featured_media":0,"comment_status":"closed","ping_status":"closed","sticky":false,"template":"","format":"standard","meta":{"neve_meta_sidebar":"","neve_meta_container":"","neve_meta_enable_content_width":"","neve_meta_content_width":0,"neve_meta_title_alignment":"","neve_meta_author_avatar":"","neve_post_elements_order":"","neve_meta_disable_header":"","neve_meta_disable_footer":"","neve_meta_disable_title":"","footnotes":""},"categories":[10],"tags":[],"class_list":["post-7752","post","type-post","status-publish","format-standard","hentry","category-mensual"],"_links":{"self":[{"href":"https:\/\/vozobrera.org\/periodico\/wp-json\/wp\/v2\/posts\/7752","targetHints":{"allow":["GET"]}}],"collection":[{"href":"https:\/\/vozobrera.org\/periodico\/wp-json\/wp\/v2\/posts"}],"about":[{"href":"https:\/\/vozobrera.org\/periodico\/wp-json\/wp\/v2\/types\/post"}],"author":[{"embeddable":true,"href":"https:\/\/vozobrera.org\/periodico\/wp-json\/wp\/v2\/users\/5"}],"replies":[{"embeddable":true,"href":"https:\/\/vozobrera.org\/periodico\/wp-json\/wp\/v2\/comments?post=7752"}],"version-history":[{"count":1,"href":"https:\/\/vozobrera.org\/periodico\/wp-json\/wp\/v2\/posts\/7752\/revisions"}],"predecessor-version":[{"id":7753,"href":"https:\/\/vozobrera.org\/periodico\/wp-json\/wp\/v2\/posts\/7752\/revisions\/7753"}],"wp:attachment":[{"href":"https:\/\/vozobrera.org\/periodico\/wp-json\/wp\/v2\/media?parent=7752"}],"wp:term":[{"taxonomy":"category","embeddable":true,"href":"https:\/\/vozobrera.org\/periodico\/wp-json\/wp\/v2\/categories?post=7752"},{"taxonomy":"post_tag","embeddable":true,"href":"https:\/\/vozobrera.org\/periodico\/wp-json\/wp\/v2\/tags?post=7752"}],"curies":[{"name":"wp","href":"https:\/\/api.w.org\/{rel}","templated":true}]}}