{"id":7485,"date":"2017-05-07T20:18:36","date_gmt":"2017-05-07T18:18:36","guid":{"rendered":"http:\/\/vozobrera.org\/periodico\/?p=7485"},"modified":"2018-04-10T16:31:25","modified_gmt":"2018-04-10T14:31:25","slug":"1o-de-mayo-dia-internacional-de-los-trabajadores","status":"publish","type":"post","link":"https:\/\/vozobrera.org\/periodico\/1o-de-mayo-dia-internacional-de-los-trabajadores\/","title":{"rendered":"1\u00ba de Mayo, d\u00eda internacional de los trabajadores"},"content":{"rendered":"<p>El futuro para los trabajadores, para los parados, los jubilados, etc, depender\u00e1 de su capacidad para volver a tomar confianza en la fuerza colectiva que representan cu\u00e1ndo se ponen en movimiento para defender sus intereses de clase.<\/p>\n<p>El 1\u00ba de Mayo decidido por la Segunda Internacional de hace 128 a\u00f1os fue precisamente para afirmar la unidad en la lucha de todos los trabajadores del planeta, unidos los cinco continentes, afirmando que la lucha de la clase obrera era el \u00fanico medio para abrir una alternativa al mundo capitalista.<\/p>\n<p>La fecha fue elegida para se\u00f1alar la solidaridad de los socialistas del mundo entero con los 5 militantes anarquistas ejecutados en Chicago por haber llevado a cabo una huelga, precisamente por la jornada de 8 horas, el 1\u00ba de Mayo de 1886.<\/p>\n<p>A pesar de las traiciones de los partidos obreros, a pesar de la deriva de muchos sindicatos que se dicen de los trabajadores, a pesar de que desde las instituciones se quiere hacer de este d\u00eda un d\u00eda festivo sin m\u00e1s \u2013desponj\u00e1ndolo de su condici\u00f3n de clase- el 1\u00ba de mayo sigue siendo a su pesar una fecha simb\u00f3lica de la lucha de la clase trabajadora contra la explotaci\u00f3n y por su emancipaci\u00f3n.<\/p>\n<p>Y cada a\u00f1o las porras, incluso los disparos, de los guardianes del orden social recuerdan que ellos no han olvidado el car\u00e1cter de este d\u00eda de lucha.<\/p>\n<p>As\u00ed pues ante todos los que quieren dividir a las clases populares, a los trabajadores, a los m\u00e1s desfavorecidos de la sociedad, hay que recordar que todas les personas deben llevar una vida digna; ello comienza por tener un empleo, un salario, una vivienda digna y termina por la emancipaci\u00f3n social debida a un vuelco del orden capitalista.<\/p>\n<p>Por ello es necesario hoy como ayer la unidad de los trabajadores en la lucha tras este objetivo de emancipaci\u00f3n y cambio, tras el eslogan de siempre del movimiento obrero: \u201c\u00a1Trabajadores del mundo, un\u00edos!\u201d<\/p>\n","protected":false},"excerpt":{"rendered":"<p>El futuro para los trabajadores, para los parados, los jubilados, etc, depender\u00e1 de su capacidad para volver a tomar confianza en la fuerza colectiva que representan cu\u00e1ndo se ponen en movimiento para defender sus intereses de clase. El 1\u00ba de Mayo decidido por la Segunda Internacional de hace 128 a\u00f1os fue precisamente para afirmar la&hellip;&nbsp;<a href=\"https:\/\/vozobrera.org\/periodico\/1o-de-mayo-dia-internacional-de-los-trabajadores\/\" rel=\"bookmark\">Leer m\u00e1s &raquo;<span class=\"screen-reader-text\">1\u00ba de Mayo, d\u00eda internacional de los trabajadores<\/span><\/a><\/p>\n","protected":false},"author":5,"featured_media":0,"comment_status":"closed","ping_status":"closed","sticky":false,"template":"","format":"standard","meta":{"neve_meta_sidebar":"","neve_meta_container":"","neve_meta_enable_content_width":"","neve_meta_content_width":0,"neve_meta_title_alignment":"","neve_meta_author_avatar":"","neve_post_elements_order":"","neve_meta_disable_header":"","neve_meta_disable_footer":"","neve_meta_disable_title":"","footnotes":""},"categories":[10],"tags":[],"class_list":["post-7485","post","type-post","status-publish","format-standard","hentry","category-mensual"],"_links":{"self":[{"href":"https:\/\/vozobrera.org\/periodico\/wp-json\/wp\/v2\/posts\/7485","targetHints":{"allow":["GET"]}}],"collection":[{"href":"https:\/\/vozobrera.org\/periodico\/wp-json\/wp\/v2\/posts"}],"about":[{"href":"https:\/\/vozobrera.org\/periodico\/wp-json\/wp\/v2\/types\/post"}],"author":[{"embeddable":true,"href":"https:\/\/vozobrera.org\/periodico\/wp-json\/wp\/v2\/users\/5"}],"replies":[{"embeddable":true,"href":"https:\/\/vozobrera.org\/periodico\/wp-json\/wp\/v2\/comments?post=7485"}],"version-history":[{"count":4,"href":"https:\/\/vozobrera.org\/periodico\/wp-json\/wp\/v2\/posts\/7485\/revisions"}],"predecessor-version":[{"id":8556,"href":"https:\/\/vozobrera.org\/periodico\/wp-json\/wp\/v2\/posts\/7485\/revisions\/8556"}],"wp:attachment":[{"href":"https:\/\/vozobrera.org\/periodico\/wp-json\/wp\/v2\/media?parent=7485"}],"wp:term":[{"taxonomy":"category","embeddable":true,"href":"https:\/\/vozobrera.org\/periodico\/wp-json\/wp\/v2\/categories?post=7485"},{"taxonomy":"post_tag","embeddable":true,"href":"https:\/\/vozobrera.org\/periodico\/wp-json\/wp\/v2\/tags?post=7485"}],"curies":[{"name":"wp","href":"https:\/\/api.w.org\/{rel}","templated":true}]}}