{"id":7481,"date":"2017-05-07T20:16:32","date_gmt":"2017-05-07T18:16:32","guid":{"rendered":"http:\/\/vozobrera.org\/periodico\/?p=7481"},"modified":"2017-05-07T20:16:32","modified_gmt":"2017-05-07T18:16:32","slug":"la-huelga-de-procavi-un-exito","status":"publish","type":"post","link":"https:\/\/vozobrera.org\/periodico\/la-huelga-de-procavi-un-exito\/","title":{"rendered":"La huelga de Procavi un \u00e9xito"},"content":{"rendered":"<p>Los compa\u00f1eros de esta empresa &#8211; matadero de aves y conejos- y del sector, realizaron una huelga de dos d\u00edas por el convenio. La lucha ha sido un \u00e9xito de participaci\u00f3n. Pero lo que nos interesa destacar aqu\u00ed es la lucha unida de los trabajadores de las subcontratas y de la empresa matriz por las mismas condiciones de trabajo. Hay que romper la estrategia del capital de dividir a los trabajadores en subcontratas para precarizar el empleo y explotar a los trabajadores. \u00a1Hurra!<\/p>\n","protected":false},"excerpt":{"rendered":"<p>Los compa\u00f1eros de esta empresa &#8211; matadero de aves y conejos- y del sector, realizaron una huelga de dos d\u00edas por el convenio. La lucha ha sido un \u00e9xito de participaci\u00f3n. Pero lo que nos interesa destacar aqu\u00ed es la lucha unida de los trabajadores de las subcontratas y de la empresa matriz por las&hellip;&nbsp;<a href=\"https:\/\/vozobrera.org\/periodico\/la-huelga-de-procavi-un-exito\/\" rel=\"bookmark\">Leer m\u00e1s &raquo;<span class=\"screen-reader-text\">La huelga de Procavi un \u00e9xito<\/span><\/a><\/p>\n","protected":false},"author":5,"featured_media":0,"comment_status":"closed","ping_status":"closed","sticky":false,"template":"","format":"standard","meta":{"neve_meta_sidebar":"","neve_meta_container":"","neve_meta_enable_content_width":"","neve_meta_content_width":0,"neve_meta_title_alignment":"","neve_meta_author_avatar":"","neve_post_elements_order":"","neve_meta_disable_header":"","neve_meta_disable_footer":"","neve_meta_disable_title":"","footnotes":""},"categories":[10],"tags":[],"class_list":["post-7481","post","type-post","status-publish","format-standard","hentry","category-mensual"],"_links":{"self":[{"href":"https:\/\/vozobrera.org\/periodico\/wp-json\/wp\/v2\/posts\/7481","targetHints":{"allow":["GET"]}}],"collection":[{"href":"https:\/\/vozobrera.org\/periodico\/wp-json\/wp\/v2\/posts"}],"about":[{"href":"https:\/\/vozobrera.org\/periodico\/wp-json\/wp\/v2\/types\/post"}],"author":[{"embeddable":true,"href":"https:\/\/vozobrera.org\/periodico\/wp-json\/wp\/v2\/users\/5"}],"replies":[{"embeddable":true,"href":"https:\/\/vozobrera.org\/periodico\/wp-json\/wp\/v2\/comments?post=7481"}],"version-history":[{"count":1,"href":"https:\/\/vozobrera.org\/periodico\/wp-json\/wp\/v2\/posts\/7481\/revisions"}],"predecessor-version":[{"id":7482,"href":"https:\/\/vozobrera.org\/periodico\/wp-json\/wp\/v2\/posts\/7481\/revisions\/7482"}],"wp:attachment":[{"href":"https:\/\/vozobrera.org\/periodico\/wp-json\/wp\/v2\/media?parent=7481"}],"wp:term":[{"taxonomy":"category","embeddable":true,"href":"https:\/\/vozobrera.org\/periodico\/wp-json\/wp\/v2\/categories?post=7481"},{"taxonomy":"post_tag","embeddable":true,"href":"https:\/\/vozobrera.org\/periodico\/wp-json\/wp\/v2\/tags?post=7481"}],"curies":[{"name":"wp","href":"https:\/\/api.w.org\/{rel}","templated":true}]}}