{"id":7477,"date":"2017-05-07T20:14:16","date_gmt":"2017-05-07T18:14:16","guid":{"rendered":"http:\/\/vozobrera.org\/periodico\/?p=7477"},"modified":"2017-05-07T20:14:16","modified_gmt":"2017-05-07T18:14:16","slug":"la-pobreza-aumenta","status":"publish","type":"post","link":"https:\/\/vozobrera.org\/periodico\/la-pobreza-aumenta\/","title":{"rendered":"La pobreza aumenta"},"content":{"rendered":"<p>El Instituto Nacional de Estad\u00edstica dice que en la actualidad hay m\u00e1s riesgo de pobreza que en 2011; este a\u00f1o \u2013recordemos- fue precisamente el a\u00f1o en que Rajoy lleg\u00f3 a la presidencia del gobierno. Con lo cual la tan cacareada \u201crecuperaci\u00f3n econ\u00f3mica\u201d es algo que los \u201cpeperos\u201d se sacan de la manga o bien es una conclusi\u00f3n l\u00f3gica si s\u00f3lo se estudian ellos mismos, visto lo visto.<br \/>\nEn cambio este dato choca con la evoluci\u00f3n del PIB (Producto Interior Bruto, lo que se produce en el pa\u00eds en un a\u00f1o), que seg\u00fan el INE s\u00ed ha subido. \u00bfD\u00f3nde est\u00e1 tal aumento de la riqueza en Espa\u00f1a? \u00bfEs real? \u00bfPor qu\u00e9 no se nota? El mismo organismo se\u00f1ala que los hogares espa\u00f1oles ingresan hoy menos dinero que en a\u00f1os anteriores, cu\u00e1ndo\u00a0 -se supone- la crisis golpeaba m\u00e1s duro.<br \/>\nPues una de dos, o es una mentira estad\u00edstica o bien esa riqueza se encuentra en los bolsillos o para\u00edsos fiscales de aquellos que pueden esconderla: grandes empresarios y banqueros.<\/p>\n","protected":false},"excerpt":{"rendered":"<p>El Instituto Nacional de Estad\u00edstica dice que en la actualidad hay m\u00e1s riesgo de pobreza que en 2011; este a\u00f1o \u2013recordemos- fue precisamente el a\u00f1o en que Rajoy lleg\u00f3 a la presidencia del gobierno. Con lo cual la tan cacareada \u201crecuperaci\u00f3n econ\u00f3mica\u201d es algo que los \u201cpeperos\u201d se sacan de la manga o bien es&hellip;&nbsp;<a href=\"https:\/\/vozobrera.org\/periodico\/la-pobreza-aumenta\/\" rel=\"bookmark\">Leer m\u00e1s &raquo;<span class=\"screen-reader-text\">La pobreza aumenta<\/span><\/a><\/p>\n","protected":false},"author":5,"featured_media":0,"comment_status":"closed","ping_status":"closed","sticky":false,"template":"","format":"standard","meta":{"neve_meta_sidebar":"","neve_meta_container":"","neve_meta_enable_content_width":"","neve_meta_content_width":0,"neve_meta_title_alignment":"","neve_meta_author_avatar":"","neve_post_elements_order":"","neve_meta_disable_header":"","neve_meta_disable_footer":"","neve_meta_disable_title":"","footnotes":""},"categories":[10],"tags":[],"class_list":["post-7477","post","type-post","status-publish","format-standard","hentry","category-mensual"],"_links":{"self":[{"href":"https:\/\/vozobrera.org\/periodico\/wp-json\/wp\/v2\/posts\/7477","targetHints":{"allow":["GET"]}}],"collection":[{"href":"https:\/\/vozobrera.org\/periodico\/wp-json\/wp\/v2\/posts"}],"about":[{"href":"https:\/\/vozobrera.org\/periodico\/wp-json\/wp\/v2\/types\/post"}],"author":[{"embeddable":true,"href":"https:\/\/vozobrera.org\/periodico\/wp-json\/wp\/v2\/users\/5"}],"replies":[{"embeddable":true,"href":"https:\/\/vozobrera.org\/periodico\/wp-json\/wp\/v2\/comments?post=7477"}],"version-history":[{"count":1,"href":"https:\/\/vozobrera.org\/periodico\/wp-json\/wp\/v2\/posts\/7477\/revisions"}],"predecessor-version":[{"id":7478,"href":"https:\/\/vozobrera.org\/periodico\/wp-json\/wp\/v2\/posts\/7477\/revisions\/7478"}],"wp:attachment":[{"href":"https:\/\/vozobrera.org\/periodico\/wp-json\/wp\/v2\/media?parent=7477"}],"wp:term":[{"taxonomy":"category","embeddable":true,"href":"https:\/\/vozobrera.org\/periodico\/wp-json\/wp\/v2\/categories?post=7477"},{"taxonomy":"post_tag","embeddable":true,"href":"https:\/\/vozobrera.org\/periodico\/wp-json\/wp\/v2\/tags?post=7477"}],"curies":[{"name":"wp","href":"https:\/\/api.w.org\/{rel}","templated":true}]}}