{"id":7037,"date":"2016-11-10T22:11:49","date_gmt":"2016-11-10T20:11:49","guid":{"rendered":"http:\/\/vozobrera.org\/periodico\/?p=7037"},"modified":"2016-11-14T20:23:05","modified_gmt":"2016-11-14T18:23:05","slug":"vuelven-las-marchas-de-la-dignidad-pan-trabajo-techo-y-dignidad","status":"publish","type":"post","link":"https:\/\/vozobrera.org\/periodico\/vuelven-las-marchas-de-la-dignidad-pan-trabajo-techo-y-dignidad\/","title":{"rendered":"Vuelven las marchas de la dignidad: \u00a1Pan, Trabajo, Techo y Dignidad!"},"content":{"rendered":"<p class=\"western\" lang=\"en-US\" style=\"text-align: justify;\"><span style=\"font-family: Batang,serif;\"><span style=\"font-size: medium;\"><span style=\"font-family: Times New Roman,serif;\"><span style=\"font-size: medium;\"><span lang=\"es-ES\">Las Marchas del 22M, con las que acudimos durante 2 a\u00f1os seguidos a Madrid a expresar nuestra posici\u00f3n de clase ante la situaci\u00f3n laboral y social que estamos padeciendo, convocan para el pr\u00f3ximo <\/span><\/span><\/span><span style=\"font-family: Times New Roman,serif;\"><span style=\"font-size: medium;\"><span lang=\"es-ES\"><b>s\u00e1bado 19 de Noviembre<\/b><\/span><\/span><\/span><span style=\"font-family: Times New Roman,serif;\"><span style=\"font-size: medium;\"><span lang=\"es-ES\"> una <\/span><\/span><\/span><span style=\"font-family: Times New Roman,serif;\"><span style=\"font-size: medium;\"><span lang=\"es-ES\"><b>Manifestaci\u00f3n Andaluza en Sevilla. <\/b><\/span><\/span><\/span><span style=\"font-family: Times New Roman,serif;\"><span style=\"font-size: medium;\"><span lang=\"es-ES\">Saldremos desde distintos lugares y confluiremos a las <\/span><\/span><\/span><span style=\"font-family: Times New Roman,serif;\"><span style=\"font-size: medium;\"><span lang=\"es-ES\"><b>12 hs. en el Prado de San Sebasti\u00e1n.<\/b><\/span><\/span><\/span><\/span><\/span><\/p>\n<p class=\"western\" lang=\"en-US\" style=\"text-align: justify;\"><span style=\"font-family: Batang,serif;\"><span style=\"font-size: medium;\"><span style=\"font-family: Times New Roman,serif;\"><span style=\"font-size: medium;\"><span lang=\"es-ES\">Frente a los recortes, la explotaci\u00f3n, la pobreza y la miseria en la que el gran capital y sus gobiernos nos est\u00e1n sumergiendo \u00a1Acude! <\/span><\/span><\/span><span style=\"font-family: Times New Roman,serif;\"><span style=\"font-size: medium;\">\u00a1Todas y todos debemos expresar nuestra voz!<\/span><\/span><\/span><\/span><\/p>\n<p style=\"text-align: justify;\" align=\"justify\">\u00a0<a href=\"https:\/\/vozobrera.org\/periodico\/wp-content\/uploads\/2016\/11\/Marchas_de_la_Dignidad.jpg\"><img loading=\"lazy\" decoding=\"async\" class=\"size-medium wp-image-7039 aligncenter\" src=\"https:\/\/vozobrera.org\/periodico\/wp-content\/uploads\/2016\/11\/Marchas_de_la_Dignidad-293x300.jpg\" alt=\"marchas_de_la_dignidad\" width=\"293\" height=\"300\" srcset=\"https:\/\/vozobrera.org\/periodico\/wp-content\/uploads\/2016\/11\/Marchas_de_la_Dignidad-293x300.jpg 293w, https:\/\/vozobrera.org\/periodico\/wp-content\/uploads\/2016\/11\/Marchas_de_la_Dignidad.jpg 481w\" sizes=\"auto, (max-width: 293px) 100vw, 293px\" \/><\/a><\/p>\n","protected":false},"excerpt":{"rendered":"<p>Las Marchas del 22M, con las que acudimos durante 2 a\u00f1os seguidos a Madrid a expresar nuestra posici\u00f3n de clase ante la situaci\u00f3n laboral y social que estamos padeciendo, convocan para el pr\u00f3ximo s\u00e1bado 19 de Noviembre una Manifestaci\u00f3n Andaluza en Sevilla. Saldremos desde distintos lugares y confluiremos a las 12 hs. en el Prado&hellip;&nbsp;<a href=\"https:\/\/vozobrera.org\/periodico\/vuelven-las-marchas-de-la-dignidad-pan-trabajo-techo-y-dignidad\/\" rel=\"bookmark\">Leer m\u00e1s &raquo;<span class=\"screen-reader-text\">Vuelven las marchas de la dignidad: \u00a1Pan, Trabajo, Techo y Dignidad!<\/span><\/a><\/p>\n","protected":false},"author":5,"featured_media":0,"comment_status":"closed","ping_status":"closed","sticky":false,"template":"","format":"standard","meta":{"neve_meta_sidebar":"","neve_meta_container":"","neve_meta_enable_content_width":"","neve_meta_content_width":0,"neve_meta_title_alignment":"","neve_meta_author_avatar":"","neve_post_elements_order":"","neve_meta_disable_header":"","neve_meta_disable_footer":"","neve_meta_disable_title":"","footnotes":""},"categories":[10],"tags":[],"class_list":["post-7037","post","type-post","status-publish","format-standard","hentry","category-mensual"],"_links":{"self":[{"href":"https:\/\/vozobrera.org\/periodico\/wp-json\/wp\/v2\/posts\/7037","targetHints":{"allow":["GET"]}}],"collection":[{"href":"https:\/\/vozobrera.org\/periodico\/wp-json\/wp\/v2\/posts"}],"about":[{"href":"https:\/\/vozobrera.org\/periodico\/wp-json\/wp\/v2\/types\/post"}],"author":[{"embeddable":true,"href":"https:\/\/vozobrera.org\/periodico\/wp-json\/wp\/v2\/users\/5"}],"replies":[{"embeddable":true,"href":"https:\/\/vozobrera.org\/periodico\/wp-json\/wp\/v2\/comments?post=7037"}],"version-history":[{"count":2,"href":"https:\/\/vozobrera.org\/periodico\/wp-json\/wp\/v2\/posts\/7037\/revisions"}],"predecessor-version":[{"id":7040,"href":"https:\/\/vozobrera.org\/periodico\/wp-json\/wp\/v2\/posts\/7037\/revisions\/7040"}],"wp:attachment":[{"href":"https:\/\/vozobrera.org\/periodico\/wp-json\/wp\/v2\/media?parent=7037"}],"wp:term":[{"taxonomy":"category","embeddable":true,"href":"https:\/\/vozobrera.org\/periodico\/wp-json\/wp\/v2\/categories?post=7037"},{"taxonomy":"post_tag","embeddable":true,"href":"https:\/\/vozobrera.org\/periodico\/wp-json\/wp\/v2\/tags?post=7037"}],"curies":[{"name":"wp","href":"https:\/\/api.w.org\/{rel}","templated":true}]}}