{"id":5251,"date":"2016-02-13T23:42:10","date_gmt":"2016-02-13T23:42:10","guid":{"rendered":"http:\/\/vozobrera.org\/periodico\/?p=5251"},"modified":"2016-04-17T23:52:26","modified_gmt":"2016-04-17T23:52:26","slug":"grecia-ataque-contra-las-pensiones-y-repuesta-obrera","status":"publish","type":"post","link":"https:\/\/vozobrera.org\/periodico\/grecia-ataque-contra-las-pensiones-y-repuesta-obrera\/","title":{"rendered":"Grecia: ataque contra las pensiones y respuesta obrera"},"content":{"rendered":"<p style=\"text-align: justify;\">El debate sobre la reforma de la seguridad social, especialmente sobre las pensiones, empez\u00f3 en el parlamento griego el martes 26 de enero. Es uno de los aspectos del tercer memor\u00e1ndum que acept\u00f3 el gobierno de Tsipras en el mes de agosto pasado, bajo la presi\u00f3n de los acreedores, a cambio de un pr\u00e9stamo de 86.000 millones de euros que se pagar\u00e1 por partes. Cada parte est\u00e1 supedita a la aplicaci\u00f3n de nuevas medidas de austeridad.<\/p>\n<p style=\"text-align: justify;\">El gobierno griego ya acept\u00f3 la supresi\u00f3n de aqu\u00ed al 2019 de un subsidio de solidaridad, que hasta ahora se sumaba a aproximadamente un tercio de las pensiones, las m\u00e1s bajas; igualmente aprob\u00f3 subir la edad de jubilaci\u00f3n hasta los 62 a\u00f1os con 40 a\u00f1os cotizados y hasta los 67 a\u00f1os con 15 a\u00f1os cotizados. Pero los acreedores exigen m\u00e1s: una reforma total del sistema.<\/p>\n<p style=\"text-align: justify;\">El \u00faltimo proyecto prev\u00e9 esencialmente una pensi\u00f3n m\u00ednima nacional de 384 euros, con criterios en cuanto a edad y a\u00f1os cotizados, a la cual se a\u00f1adir\u00eda la pensi\u00f3n principal calculada en base a todos los a\u00f1os cotizados y no a los cincos \u00faltimos a\u00f1os, y en base al 60% del sueldo en lugar del 70%, sin que pueda superar cierto techo. Esa reforma llevar\u00eda a una bajada de un 15% de la pensi\u00f3n media, actualmente unos 750 euros bruto, y hasta un 30% para les pensiones superiores a 2.000 euros, lo que concierne a cerca de 50.000 jubilados de los 2 millones y medio que son. Pero los acreedores se niegan todav\u00eda a pagar una nueva parte del pr\u00e9stamo y siguen su prueba de fuerza con Tsipras.<\/p>\n<p style=\"text-align: justify;\">Sin embargo, tal cual, la reforma del gobierno es ya un ataque inaceptable contra los trabajadores. Se suma a los de los gobiernos anteriores que, desde el 2010, han recortado las pensiones entre un 30% y un 50%, por ejemplo con la supresi\u00f3n de dos meses de bonus. Recientemente, las cotizaciones de los jubilados a la Seguridad Social aumentaron entre un 4% y un 6%. Vivir con 700 euros, dado los precios en Grecia, es muy dif\u00edcil. Aun as\u00ed muchos jubilados no cobran ni eso y cerca de la mitad viven por debajo del umbral de la pobreza.<\/p>\n<p style=\"text-align: justify;\">El gobierno se defiende afirmando que intenta proteger a los m\u00e1s humildes. Pero no convence.<\/p>\n<p style=\"text-align: justify;\">Las dos organizaciones sindicales de los sectores p\u00fablicos y privados convocaron una huelga general para el jueves 4 de febrero, ya que era evidente que atacar a las pensiones significa atacar a toda la poblaci\u00f3n y hundirla un poco m\u00e1s en la miseria. En Grecia, por el paro que concierne a uno de cada cuatro trabajadores y a uno de cada dos j\u00f3venes, la mitad de las familias viven, o sobreviven, \u00fanicamente con la pensi\u00f3n de un miembro de la familia.<\/p>\n<p style=\"text-align: justify;\">La huelga fue un \u00e9xito, paralizando el pa\u00eds con una participaci\u00f3n casi total en el sector privado. Hasta los peque\u00f1os comercios cerraron masivamente. La manifestaci\u00f3n en Atenas sum\u00f3 a decenas de miles de participantes. Como siempre, a la hora de defenderse, los trabajadores no pueden confiar sino en su propia lucha y movilizaci\u00f3n.<\/p>\n","protected":false},"excerpt":{"rendered":"<p>El debate sobre la reforma de la seguridad social, especialmente sobre las pensiones, empez\u00f3 en el parlamento griego el martes 26 de enero. Es uno de los aspectos del tercer memor\u00e1ndum que acept\u00f3 el gobierno de Tsipras en el mes de agosto pasado, bajo la presi\u00f3n de los acreedores, a cambio de un pr\u00e9stamo de&hellip;&nbsp;<a href=\"https:\/\/vozobrera.org\/periodico\/grecia-ataque-contra-las-pensiones-y-repuesta-obrera\/\" rel=\"bookmark\">Leer m\u00e1s &raquo;<span class=\"screen-reader-text\">Grecia: ataque contra las pensiones y respuesta obrera<\/span><\/a><\/p>\n","protected":false},"author":3,"featured_media":0,"comment_status":"closed","ping_status":"closed","sticky":false,"template":"","format":"standard","meta":{"neve_meta_sidebar":"","neve_meta_container":"","neve_meta_enable_content_width":"","neve_meta_content_width":0,"neve_meta_title_alignment":"","neve_meta_author_avatar":"","neve_post_elements_order":"","neve_meta_disable_header":"","neve_meta_disable_footer":"","neve_meta_disable_title":"","footnotes":""},"categories":[10],"tags":[],"class_list":["post-5251","post","type-post","status-publish","format-standard","hentry","category-mensual"],"_links":{"self":[{"href":"https:\/\/vozobrera.org\/periodico\/wp-json\/wp\/v2\/posts\/5251","targetHints":{"allow":["GET"]}}],"collection":[{"href":"https:\/\/vozobrera.org\/periodico\/wp-json\/wp\/v2\/posts"}],"about":[{"href":"https:\/\/vozobrera.org\/periodico\/wp-json\/wp\/v2\/types\/post"}],"author":[{"embeddable":true,"href":"https:\/\/vozobrera.org\/periodico\/wp-json\/wp\/v2\/users\/3"}],"replies":[{"embeddable":true,"href":"https:\/\/vozobrera.org\/periodico\/wp-json\/wp\/v2\/comments?post=5251"}],"version-history":[{"count":5,"href":"https:\/\/vozobrera.org\/periodico\/wp-json\/wp\/v2\/posts\/5251\/revisions"}],"predecessor-version":[{"id":6210,"href":"https:\/\/vozobrera.org\/periodico\/wp-json\/wp\/v2\/posts\/5251\/revisions\/6210"}],"wp:attachment":[{"href":"https:\/\/vozobrera.org\/periodico\/wp-json\/wp\/v2\/media?parent=5251"}],"wp:term":[{"taxonomy":"category","embeddable":true,"href":"https:\/\/vozobrera.org\/periodico\/wp-json\/wp\/v2\/categories?post=5251"},{"taxonomy":"post_tag","embeddable":true,"href":"https:\/\/vozobrera.org\/periodico\/wp-json\/wp\/v2\/tags?post=5251"}],"curies":[{"name":"wp","href":"https:\/\/api.w.org\/{rel}","templated":true}]}}