{"id":5119,"date":"2015-12-09T23:16:03","date_gmt":"2015-12-09T23:16:03","guid":{"rendered":"http:\/\/vozobrera.org\/periodico\/?p=5119"},"modified":"2016-04-18T00:18:33","modified_gmt":"2016-04-18T00:18:33","slug":"las-elecciones-que-vienen-traeran-un-cambio-social-y-politico-en-espana-2","status":"publish","type":"post","link":"https:\/\/vozobrera.org\/periodico\/las-elecciones-que-vienen-traeran-un-cambio-social-y-politico-en-espana-2\/","title":{"rendered":"Las elecciones que vienen, \u00bftraer\u00e1n un cambio social y pol\u00edtico en Espa\u00f1a?"},"content":{"rendered":"<p style=\"text-align: justify;\">Muchos est\u00e1n presentado las elecciones generales del 20D como una oportunidad de cambio real; aunque el slogan \u201ccambio\u201d est\u00e1 muy manoseado de tan utilizado, parece \u2013para algunos- que las pr\u00f3ximas elecciones son tan trascendentales que Espa\u00f1a cambiar\u00e1. Se van a acabar de esta forma \u2013dicen\u2013 las mayor\u00edas absolutas de forma que los apoyos entre distintas fuerzas ser\u00e1n necesarios.<\/p>\n<p style=\"text-align: justify;\">Sin embargo, los hechos nos muestran que los nuevos ayuntamientos, como el de Madrid, Barcelona o C\u00e1diz, aparte del nuevo talante progresista y de aspectos formales, no han podido parar muchos desahucios, ni frenar el paro o la precariedad. Claro, se nos dir\u00e1 que no tienen competencias, que es el gobierno central, que cuando -como en Andaluc\u00eda- se hace una ley contra los desahucios despu\u00e9s la paran. Y es verdad. Si el futuro de nuestra perspectiva pol\u00edtica como trabajadores s\u00f3lo lo dejamos al arbitrio de las elecciones y de las instituciones del Estado, el fracaso ser\u00e1 rotundo.<\/p>\n<p style=\"text-align: justify;\">La derecha con Rajoy hace su trabajo. Y bien hecho para los capitalistas: rescate de bancos y aumento de beneficios de las grandes empresas, a costa de los trabajadores que han visto sus salarios bajar, la precariedad y pobreza, el paro y despidos aumentar, los recortes y los desahucios\u2026 La necesidad de un cambio social y econ\u00f3mico se hace urgente para la clase trabajadora. Este cambio, \u00bfvendr\u00e1 de las pr\u00f3ximas elecciones con los nuevos partidos? Creemos que no.<\/p>\n<p style=\"text-align: justify;\">Desde hace 40 a\u00f1os los turnos electorales en el poder de PSOE y PP no han cambiado realmente los problemas de siempre de las clases trabajadoras. Pero no es un problema de bipartidismo, de nuevos partidos, o de gobiernos elegidos. El problema est\u00e1 en qui\u00e9nes verdaderamente tienen el poder efectivo, que son los grandes empresarios y los banqueros. Con las elecciones puedes tener el gobierno, pero no tienes el poder. Aquellos que deciden en \u00faltima instancia sobre los grandes problemas que nos ata\u00f1en a toda la sociedad y que conciernen a las clases populares son la gran patronal y los banqueros, la burgues\u00eda que domina no s\u00f3lo las grandes empresas y el sistema financiero, sino tambi\u00e9n los medios de comunicaci\u00f3n y sus pol\u00edticos. El ejemplo de ello es Grecia. De esta verdad hay que ser consciente.<\/p>\n<p style=\"text-align: justify;\">No quiere esto decir que las elecciones no sirvan para nada. Los que conocieron la dictadura franquista saben bien el valor de las libertades. Muchos trabajadores y militantes antifranquistas sufrieron c\u00e1rceles, represi\u00f3n y muerte por decir lo que nosotros decimos, por defender los derechos de los trabajadores y denunciar el capitalismo.<\/p>\n<p style=\"text-align: justify;\">Pero no podemos confundir libertad de expresi\u00f3n, democracia y elecciones. La libertad de expresi\u00f3n es muy importante para defender puntos de vistas y luchar por mejorar la vida. Pero atribuir a la papeleta de voto el poder cuasi milagroso de cambiar a fondo la sociedad es una equivocaci\u00f3n. Y los medios de comunicaci\u00f3n, los pol\u00edticos de la burgues\u00eda son conscientes de este enga\u00f1o, porque les interesa ahora mantener la ficci\u00f3n de que es posible electoralmente cambiar. Con las elecciones expresamos nuestra opini\u00f3n sobre qu\u00e9 medidas de gobierno realizar, sobre las reivindicaciones que plasmar, y rechazamos la pol\u00edtica de Rajoy o de otro pol\u00edtico, cosas todas muy importantes. Pero vemos siempre que entre lo que se promete y luego se hace hay una diferencia puesto que la realidad depende de los banqueros y grandes empresarios.<\/p>\n<p style=\"text-align: justify;\">No por ello los trabajadores estamos reducidos a la impotencia; todo lo contrario. En realidad, tenemos la sart\u00e9n por el mango puesto que es la clase obrera la que hace funcionar la sociedad. A pesar de no tener los medios econ\u00f3micos de la burgues\u00eda, y muchas veces ni la ayuda de las estructuras sindicales, miles de trabajadores han salido a la calle, hecho huelgas, organizado protestas desde que la crisis capitalista puso a cada uno en su sitio: por una parte los grandes empresarios, los banqueros y sus pol\u00edticos con su corrupci\u00f3n y explotaci\u00f3n de los trabajadores, los despidos y el paro y por otra los trabajadores que se opon\u00edan en su respuesta de lucha.<\/p>\n<p style=\"text-align: justify;\">Para un verdadero cambio de sociedad necesitamos organizarnos, movilizarnos y luchar. Pongamos en marcha nuestra memoria de la lucha obrera. Las Marchas de la Dignidad, las Mareas, la lucha contra los desahucios, Coca-Cola, Panrico, subcontratas de Telef\u00f3nica-Movistar, etc&#8230; muestran el camino. Detr\u00e1s de estas luchas hay toda una historia del movimiento obrero que ha permitido cambiar muchas cosas, conquistar derechos, a pesar de muchas derrotas, incluso intentar construir sociedades igualitarias, socialistas, sin la explotaci\u00f3n del hombre por el hombre.<\/p>\n","protected":false},"excerpt":{"rendered":"<p>Muchos est\u00e1n presentado las elecciones generales del 20D como una oportunidad de cambio real; aunque el slogan \u201ccambio\u201d est\u00e1 muy manoseado de tan utilizado, parece \u2013para algunos- que las pr\u00f3ximas elecciones son tan trascendentales que Espa\u00f1a cambiar\u00e1. Se van a acabar de esta forma \u2013dicen\u2013 las mayor\u00edas absolutas de forma que los apoyos entre distintas&hellip;&nbsp;<a href=\"https:\/\/vozobrera.org\/periodico\/las-elecciones-que-vienen-traeran-un-cambio-social-y-politico-en-espana-2\/\" rel=\"bookmark\">Leer m\u00e1s &raquo;<span class=\"screen-reader-text\">Las elecciones que vienen, \u00bftraer\u00e1n un cambio social y pol\u00edtico en Espa\u00f1a?<\/span><\/a><\/p>\n","protected":false},"author":3,"featured_media":0,"comment_status":"closed","ping_status":"closed","sticky":false,"template":"","format":"standard","meta":{"neve_meta_sidebar":"","neve_meta_container":"","neve_meta_enable_content_width":"","neve_meta_content_width":0,"neve_meta_title_alignment":"","neve_meta_author_avatar":"","neve_post_elements_order":"","neve_meta_disable_header":"","neve_meta_disable_footer":"","neve_meta_disable_title":"","footnotes":""},"categories":[10],"tags":[],"class_list":["post-5119","post","type-post","status-publish","format-standard","hentry","category-mensual"],"_links":{"self":[{"href":"https:\/\/vozobrera.org\/periodico\/wp-json\/wp\/v2\/posts\/5119","targetHints":{"allow":["GET"]}}],"collection":[{"href":"https:\/\/vozobrera.org\/periodico\/wp-json\/wp\/v2\/posts"}],"about":[{"href":"https:\/\/vozobrera.org\/periodico\/wp-json\/wp\/v2\/types\/post"}],"author":[{"embeddable":true,"href":"https:\/\/vozobrera.org\/periodico\/wp-json\/wp\/v2\/users\/3"}],"replies":[{"embeddable":true,"href":"https:\/\/vozobrera.org\/periodico\/wp-json\/wp\/v2\/comments?post=5119"}],"version-history":[{"count":3,"href":"https:\/\/vozobrera.org\/periodico\/wp-json\/wp\/v2\/posts\/5119\/revisions"}],"predecessor-version":[{"id":6252,"href":"https:\/\/vozobrera.org\/periodico\/wp-json\/wp\/v2\/posts\/5119\/revisions\/6252"}],"wp:attachment":[{"href":"https:\/\/vozobrera.org\/periodico\/wp-json\/wp\/v2\/media?parent=5119"}],"wp:term":[{"taxonomy":"category","embeddable":true,"href":"https:\/\/vozobrera.org\/periodico\/wp-json\/wp\/v2\/categories?post=5119"},{"taxonomy":"post_tag","embeddable":true,"href":"https:\/\/vozobrera.org\/periodico\/wp-json\/wp\/v2\/tags?post=5119"}],"curies":[{"name":"wp","href":"https:\/\/api.w.org\/{rel}","templated":true}]}}