{"id":5012,"date":"2015-10-09T13:57:59","date_gmt":"2015-10-09T13:57:59","guid":{"rendered":"http:\/\/vozobrera.org\/periodico\/?p=5012"},"modified":"2016-04-17T13:27:40","modified_gmt":"2016-04-17T13:27:40","slug":"no-al-ere-de-vodafone-y-ono","status":"publish","type":"post","link":"https:\/\/vozobrera.org\/periodico\/no-al-ere-de-vodafone-y-ono\/","title":{"rendered":"\u00a1No al ERE de Vodafone y ONO!"},"content":{"rendered":"<p style=\"text-align: justify;\">Hace un a\u00f1o, el grupo Vodafone compr\u00f3 la empresa Ono por 7.200 millones de euros. Son 7.200 millones que no servir\u00e1n para desarrollar nada ni crear empleos, sino al rev\u00e9s: al fusionar las dos operadoras plantearon un ERE (Expediente de Regulaci\u00f3n de Empleo) que pod\u00eda afectar a 1.300 trabajadores en toda Espa\u00f1a &#8211; lo que supone casi un 20% de la plantilla de las dos empresas.<\/p>\n<p style=\"text-align: justify;\">La multinacional Vodafone ha realizado en los \u00faltimos tres a\u00f1os sendos EREs; en el 2012 plante\u00f3 un ERE que afectaba al 25% de la plantilla, en 2014 despidi\u00f3 a 620 trabajadores m\u00e1s y en el 2015 vuelve a la carga.<\/p>\n<p style=\"text-align: justify;\">Vodafone justifica los despidos por la necesidad de competitividad y eficiencia, las redundancias generadas por la fusi\u00f3n de las dos empresas, y el coste de las inversiones en redes de nueva generaci\u00f3n, adem\u00e1s de la ca\u00edda de sus resultados de explotaci\u00f3n en los \u00faltimos a\u00f1os. Es cierto que se puede confiar en los dirigentes de Vodafone y Ono para aumentar la rentabilidad y los beneficios de la empresa, si los trabajadores no les obligan a retroceder, pero ser\u00e1 a cambio de m\u00e1s paro y m\u00e1s precariedad en Espa\u00f1a.<\/p>\n<p style=\"text-align: justify;\">El 19 de septiembre varias centenas de compa\u00f1eros y compa\u00f1eras de Vodafone y Ono se manifestaron en las calles de Madrid en contra del ERE, convocadas por CCOO, UGT y STC (Sindicato de Trabajadores de Comunicaciones). A ra\u00edz de esta protesta la direcci\u00f3n de Vodafone anunci\u00f3 que el n\u00famero de despidos se quedar\u00eda en unos 1059. Los sindicatos UGT y STC han firmado esa propuesta a finales de septiembre, despu\u00e9s de haber convocado tres d\u00edas de huelga.<\/p>\n<p style=\"text-align: justify;\">Contra el paro y la precariedad, los trabajadores no tienen otro camino que la solidaridad obrera y la lucha colectiva. Juntos tendremos que imponer lo que se vuelve cada d\u00eda m\u00e1s vital para nosotros: la prohibici\u00f3n de los despidos y EREs, y el reparto del trabajo entre todos sin bajar los salarios. Frente a la l\u00f3gica capitalista, tendremos que imponer las reivindicaciones obreras.<\/p>\n<p style=\"text-align: justify;\">Hay que impedir que la burgues\u00eda se dedique a despedir a los trabajadores mientras que ellos engordan sus bolsillos y sus plusval\u00edas con crisis, o sin ella.<\/p>\n","protected":false},"excerpt":{"rendered":"<p>Hace un a\u00f1o, el grupo Vodafone compr\u00f3 la empresa Ono por 7.200 millones de euros. Son 7.200 millones que no servir\u00e1n para desarrollar nada ni crear empleos, sino al rev\u00e9s: al fusionar las dos operadoras plantearon un ERE (Expediente de Regulaci\u00f3n de Empleo) que pod\u00eda afectar a 1.300 trabajadores en toda Espa\u00f1a &#8211; lo que&hellip;&nbsp;<a href=\"https:\/\/vozobrera.org\/periodico\/no-al-ere-de-vodafone-y-ono\/\" rel=\"bookmark\">Leer m\u00e1s &raquo;<span class=\"screen-reader-text\">\u00a1No al ERE de Vodafone y ONO!<\/span><\/a><\/p>\n","protected":false},"author":3,"featured_media":0,"comment_status":"closed","ping_status":"closed","sticky":false,"template":"","format":"standard","meta":{"neve_meta_sidebar":"","neve_meta_container":"","neve_meta_enable_content_width":"","neve_meta_content_width":0,"neve_meta_title_alignment":"","neve_meta_author_avatar":"","neve_post_elements_order":"","neve_meta_disable_header":"","neve_meta_disable_footer":"","neve_meta_disable_title":"","footnotes":""},"categories":[10],"tags":[],"class_list":["post-5012","post","type-post","status-publish","format-standard","hentry","category-mensual"],"_links":{"self":[{"href":"https:\/\/vozobrera.org\/periodico\/wp-json\/wp\/v2\/posts\/5012","targetHints":{"allow":["GET"]}}],"collection":[{"href":"https:\/\/vozobrera.org\/periodico\/wp-json\/wp\/v2\/posts"}],"about":[{"href":"https:\/\/vozobrera.org\/periodico\/wp-json\/wp\/v2\/types\/post"}],"author":[{"embeddable":true,"href":"https:\/\/vozobrera.org\/periodico\/wp-json\/wp\/v2\/users\/3"}],"replies":[{"embeddable":true,"href":"https:\/\/vozobrera.org\/periodico\/wp-json\/wp\/v2\/comments?post=5012"}],"version-history":[{"count":1,"href":"https:\/\/vozobrera.org\/periodico\/wp-json\/wp\/v2\/posts\/5012\/revisions"}],"predecessor-version":[{"id":5013,"href":"https:\/\/vozobrera.org\/periodico\/wp-json\/wp\/v2\/posts\/5012\/revisions\/5013"}],"wp:attachment":[{"href":"https:\/\/vozobrera.org\/periodico\/wp-json\/wp\/v2\/media?parent=5012"}],"wp:term":[{"taxonomy":"category","embeddable":true,"href":"https:\/\/vozobrera.org\/periodico\/wp-json\/wp\/v2\/categories?post=5012"},{"taxonomy":"post_tag","embeddable":true,"href":"https:\/\/vozobrera.org\/periodico\/wp-json\/wp\/v2\/tags?post=5012"}],"curies":[{"name":"wp","href":"https:\/\/api.w.org\/{rel}","templated":true}]}}