{"id":5008,"date":"2015-10-09T13:52:53","date_gmt":"2015-10-09T13:52:53","guid":{"rendered":"http:\/\/vozobrera.org\/periodico\/?p=5008"},"modified":"2016-04-17T13:18:01","modified_gmt":"2016-04-17T13:18:01","slug":"directivos-de-air-france-agredidos-los-corderos-se-convierten-en-leones","status":"publish","type":"post","link":"https:\/\/vozobrera.org\/periodico\/directivos-de-air-france-agredidos-los-corderos-se-convierten-en-leones\/","title":{"rendered":"Directivos de Air France agredidos: los corderos se convierten en leones"},"content":{"rendered":"<p style=\"text-align: justify;\">Los periodistas de la derecha se han escandalizado al ver la reacci\u00f3n de grupos de trabajadores de Air France agrediendo a directivos de la empresa al enterarse de los 2.900 despidos que prepara esta empresa.<\/p>\n<p style=\"text-align: justify;\">Como sabemos la industria aeron\u00e1utica est\u00e1 llevando a cabo reconversiones en todas partes del mundo que suponen el despido de cientos de miles de trabajadores y la privatizaci\u00f3n de las empresas relacionadas con este sector.<\/p>\n<p style=\"text-align: justify;\">En Espa\u00f1a Iberia fue privatizada y hubo cientos de despidos a trav\u00e9s de los EREs. La privatizaci\u00f3n de Aena y posterior eliminaci\u00f3n de empleos, es otro ejemplo en Espa\u00f1a. En Francia los despidos colectivos de trabajadores han sido, como aqu\u00ed, continuos y en Air France tambi\u00e9n.<\/p>\n<p style=\"text-align: justify;\">Digamos que la cosa viene de lejos. El capitalismo y la patronal solo ven la cuenta de resultados y sin beneficios este sistema econ\u00f3mico no funciona. Por ello tratan de abaratar la mano de obra despidiendo a trabajadores para que el paro presione a la baja los salarios y con las subcontratas los trabajadores est\u00e9n divididos y con bajos salarios.<\/p>\n<p style=\"text-align: justify;\">Es la fuerza colectiva de los trabajadores y la generalizaci\u00f3n de las luchas la que nos dar\u00e1 la victoria y parar\u00e1 las agresiones a nuestras condiciones de vida.<\/p>\n<p style=\"text-align: justify;\">Ver a un directivo con la camisa y la corbata rotas por la indignaci\u00f3n de los trabajadores es una buena noticia pues muestra quienes son nuestros enemigos, quienes se enriquecen y cobran sueldos millonarios a costa de los despidos y la miseria de los trabajadores.<\/p>\n<hr \/>\n<p style=\"text-align: justify;\">A continuaci\u00f3n, el comunicado de Lutte Ouvri\u00e8re del martes 6 de octubre:<\/p>\n<p style=\"text-align: justify;\">\u00abQuiero expresar mi apoyo a los trabajadores en lucha de Air France, indignados por el anuncio de 2.900 despidos en su empresa.<\/p>\n<p style=\"text-align: justify;\">Las im\u00e1genes de dirigentes de Air France huyendo del Comit\u00e9 de empresa, altercados, muestran que la rabia ha estallado. \u00bfQu\u00e9 se cre\u00edan? \u00bfAcaso que los trabajadores de Air France iban a dejar que los echasen sin m\u00e1s, que iban a aceptar el paro y despu\u00e9s a depender del comedor social, sin ninguna oposici\u00f3n, sin gritar su rabia?<\/p>\n<p style=\"text-align: justify;\">Los trabajadores de Air France, todos ya sean personal de tierra, azafatas o pilotos, han hecho muchos y grandes sacrificios, sacrificios sobre su sueldo y sacrificios sobre sus condiciones laborales. \u00a1Y contra ellos contin\u00faa ahora el chantaje de la quiebra de la empresa! Amenazan a los trabajadores culpabilizandoles, con hacerles pagar el af\u00e1n de ganancias durante todo este tiempo, de la direcci\u00f3n de la empresa.<\/p>\n<p style=\"text-align: justify;\">Los ministros Macron y Valls condenaron con fuertes palabras los trabajadores pero ni una palabra para preocuparse de la violencia cometida al arrojar al paro a sus trabajadores, en un pa\u00eds con 6 millones de parados. Expresan desde el principio su total apoyo a la direcci\u00f3n de Air France, que ordena los despidos. Se posicionan de nuevo en cuerpo y alma del lado de la patronal.<br \/>\nPor todo, los trabajadore de Air France \u00a1s\u00ed que tienen motivo por cabrearse!<\/p>\n<p style=\"text-align: right;\">Nathalie Arthaud\u00bb<\/p>\n<p style=\"text-align: justify;\">\n","protected":false},"excerpt":{"rendered":"<p>Los periodistas de la derecha se han escandalizado al ver la reacci\u00f3n de grupos de trabajadores de Air France agrediendo a directivos de la empresa al enterarse de los 2.900 despidos que prepara esta empresa. Como sabemos la industria aeron\u00e1utica est\u00e1 llevando a cabo reconversiones en todas partes del mundo que suponen el despido de&hellip;&nbsp;<a href=\"https:\/\/vozobrera.org\/periodico\/directivos-de-air-france-agredidos-los-corderos-se-convierten-en-leones\/\" rel=\"bookmark\">Leer m\u00e1s &raquo;<span class=\"screen-reader-text\">Directivos de Air France agredidos: los corderos se convierten en leones<\/span><\/a><\/p>\n","protected":false},"author":3,"featured_media":0,"comment_status":"closed","ping_status":"closed","sticky":false,"template":"","format":"standard","meta":{"neve_meta_sidebar":"","neve_meta_container":"","neve_meta_enable_content_width":"","neve_meta_content_width":0,"neve_meta_title_alignment":"","neve_meta_author_avatar":"","neve_post_elements_order":"","neve_meta_disable_header":"","neve_meta_disable_footer":"","neve_meta_disable_title":"","footnotes":""},"categories":[10],"tags":[],"class_list":["post-5008","post","type-post","status-publish","format-standard","hentry","category-mensual"],"_links":{"self":[{"href":"https:\/\/vozobrera.org\/periodico\/wp-json\/wp\/v2\/posts\/5008","targetHints":{"allow":["GET"]}}],"collection":[{"href":"https:\/\/vozobrera.org\/periodico\/wp-json\/wp\/v2\/posts"}],"about":[{"href":"https:\/\/vozobrera.org\/periodico\/wp-json\/wp\/v2\/types\/post"}],"author":[{"embeddable":true,"href":"https:\/\/vozobrera.org\/periodico\/wp-json\/wp\/v2\/users\/3"}],"replies":[{"embeddable":true,"href":"https:\/\/vozobrera.org\/periodico\/wp-json\/wp\/v2\/comments?post=5008"}],"version-history":[{"count":2,"href":"https:\/\/vozobrera.org\/periodico\/wp-json\/wp\/v2\/posts\/5008\/revisions"}],"predecessor-version":[{"id":5356,"href":"https:\/\/vozobrera.org\/periodico\/wp-json\/wp\/v2\/posts\/5008\/revisions\/5356"}],"wp:attachment":[{"href":"https:\/\/vozobrera.org\/periodico\/wp-json\/wp\/v2\/media?parent=5008"}],"wp:term":[{"taxonomy":"category","embeddable":true,"href":"https:\/\/vozobrera.org\/periodico\/wp-json\/wp\/v2\/categories?post=5008"},{"taxonomy":"post_tag","embeddable":true,"href":"https:\/\/vozobrera.org\/periodico\/wp-json\/wp\/v2\/tags?post=5008"}],"curies":[{"name":"wp","href":"https:\/\/api.w.org\/{rel}","templated":true}]}}