{"id":4225,"date":"2015-04-22T16:38:42","date_gmt":"2015-04-22T16:38:42","guid":{"rendered":"http:\/\/vozobrera.org\/periodico\/?p=4225"},"modified":"2016-06-18T18:42:02","modified_gmt":"2016-06-18T16:42:02","slug":"nuevo-naufragio-de-inmigrantes-nueva-verguenza-para-la-ue-2","status":"publish","type":"post","link":"https:\/\/vozobrera.org\/periodico\/nuevo-naufragio-de-inmigrantes-nueva-verguenza-para-la-ue-2\/","title":{"rendered":"Nuevo naufragio de inmigrantes, nueva verg\u00fcenza para la UE"},"content":{"rendered":"<p>Con la llegada del buen tiempo, se suceden las desgracias para los inmigrantes que deciden cruzar el mediterr\u00e1neo. La \u00faltima de estas tragedias en alta mar hace pocos d\u00edas ha supuesto la muerte de entre 700 y 950 inmigrantes, ni\u00f1os incluidos, con rumbo a Italia. <\/p>\n<p>Este naufragio constituye, por el n\u00famero de desaparecidos, el peor ocurrido al sur del Mediterr\u00e1neo en d\u00e9cadas; de momento solo han aparecido 24 cad\u00e1veres.  Desde comienzos de a\u00f1o distintas fuentes hablan ya de 1500 muertos; hay que recordar que pocos d\u00edas antes hab\u00edan muerto de forma similar otros 400 inmigrantes.<\/p>\n<p>Ante la amplitud de estas tragedias humanas y ante la hip\u00f3crita reacci\u00f3n de muchos l\u00edderes europeos, aqu\u00ed en Espa\u00f1a Rajoy no se ha quedado corto y ha declarado: \u201cLos europeos nos jugamos nuestro cr\u00e9dito si no somos capaces de evitar estas dram\u00e1ticas situaciones\u00bb. \u00a1Como vemos, para la derecha en Espa\u00f1a estas tragedias son tan s\u00f3lo una cuesti\u00f3n de cr\u00e9dito!<\/p>\n<p>La Organizaci\u00f3n Mundial de las Migraciones (OIM) pidi\u00f3 hoy a la Uni\u00f3n Europea que act\u00fae para establecer una fuerza de rescate en el mar Mediterr\u00e1neo de la misma envergadura con la que logr\u00f3 acabar con los piratas somal\u00eds. \u00bfLo har\u00e1? \u00bfO no interesa?<\/p>\n","protected":false},"excerpt":{"rendered":"<p>Con la llegada del buen tiempo, se suceden las desgracias para los inmigrantes que deciden cruzar el mediterr\u00e1neo. La \u00faltima de estas tragedias en alta mar hace pocos d\u00edas ha supuesto la muerte de entre 700 y 950 inmigrantes, ni\u00f1os incluidos, con rumbo a Italia. Este naufragio constituye, por el n\u00famero de desaparecidos, el peor&hellip;&nbsp;<a href=\"https:\/\/vozobrera.org\/periodico\/nuevo-naufragio-de-inmigrantes-nueva-verguenza-para-la-ue-2\/\" rel=\"bookmark\">Leer m\u00e1s &raquo;<span class=\"screen-reader-text\">Nuevo naufragio de inmigrantes, nueva verg\u00fcenza para la UE<\/span><\/a><\/p>\n","protected":false},"author":3,"featured_media":0,"comment_status":"open","ping_status":"open","sticky":false,"template":"","format":"standard","meta":{"neve_meta_sidebar":"","neve_meta_container":"","neve_meta_enable_content_width":"","neve_meta_content_width":0,"neve_meta_title_alignment":"","neve_meta_author_avatar":"","neve_post_elements_order":"","neve_meta_disable_header":"","neve_meta_disable_footer":"","neve_meta_disable_title":"","footnotes":""},"categories":[10],"tags":[],"class_list":["post-4225","post","type-post","status-publish","format-standard","hentry","category-mensual"],"_links":{"self":[{"href":"https:\/\/vozobrera.org\/periodico\/wp-json\/wp\/v2\/posts\/4225","targetHints":{"allow":["GET"]}}],"collection":[{"href":"https:\/\/vozobrera.org\/periodico\/wp-json\/wp\/v2\/posts"}],"about":[{"href":"https:\/\/vozobrera.org\/periodico\/wp-json\/wp\/v2\/types\/post"}],"author":[{"embeddable":true,"href":"https:\/\/vozobrera.org\/periodico\/wp-json\/wp\/v2\/users\/3"}],"replies":[{"embeddable":true,"href":"https:\/\/vozobrera.org\/periodico\/wp-json\/wp\/v2\/comments?post=4225"}],"version-history":[{"count":1,"href":"https:\/\/vozobrera.org\/periodico\/wp-json\/wp\/v2\/posts\/4225\/revisions"}],"predecessor-version":[{"id":4226,"href":"https:\/\/vozobrera.org\/periodico\/wp-json\/wp\/v2\/posts\/4225\/revisions\/4226"}],"wp:attachment":[{"href":"https:\/\/vozobrera.org\/periodico\/wp-json\/wp\/v2\/media?parent=4225"}],"wp:term":[{"taxonomy":"category","embeddable":true,"href":"https:\/\/vozobrera.org\/periodico\/wp-json\/wp\/v2\/categories?post=4225"},{"taxonomy":"post_tag","embeddable":true,"href":"https:\/\/vozobrera.org\/periodico\/wp-json\/wp\/v2\/tags?post=4225"}],"curies":[{"name":"wp","href":"https:\/\/api.w.org\/{rel}","templated":true}]}}