{"id":4201,"date":"2015-03-12T21:48:54","date_gmt":"2015-03-12T19:48:54","guid":{"rendered":"http:\/\/vozobrera.org\/periodico\/?p=4201"},"modified":"2017-02-12T23:01:04","modified_gmt":"2017-02-12T21:01:04","slug":"8-de-marzo-dia-internacional-de-la-mujer-trabajadora-2","status":"publish","type":"post","link":"https:\/\/vozobrera.org\/periodico\/8-de-marzo-dia-internacional-de-la-mujer-trabajadora-2\/","title":{"rendered":"8 de marzo, d\u00eda internacional de la mujer trabajadora"},"content":{"rendered":"<p>Fue en Copenhague, en marzo de 1910, cu\u00e1ndo los militantes de la II Internacional Socialista \u2013 cuando todav\u00eda los socialistas eran revolucionarios- en nombre de las mujeres miembros de partidos socialistas del mundo entero, decidieron organizar un d\u00eda internacional de las mujeres. As\u00ed cada 8 de Marzo las mujeres se manifiestan por todo el mundo para defender sus derechos.<\/p>\n<p>A mitad del siglo XIX muchos pensaban que el lugar de la mujer era la casa. Para los comunistas, sin embargo, la emancipaci\u00f3n de las mujeres depend\u00eda de su independencia econ\u00f3mica y, por consiguiente, de su acceso al trabajo asalariado. El hecho de que la clase obrera no pudiera luchar sin las mujeres, a\u00fan menos vencer, se volvi\u00f3 una evidencia para la mayor parte de los obreros organizados.<\/p>\n<p>Evidentemente, todav\u00eda hoy, la emancipaci\u00f3n de las mujeres est\u00e1 lejos de conseguirse a pesar del trayecto realizado. Los prejuicios machistas, la discriminaci\u00f3n en el trabajo, la violencia y cr\u00edmenes contra las mujeres y la esclavitud dom\u00e9stica existen a\u00fan, incluso en los pa\u00edses desarrollados.<\/p>\n<p>Por poner solo un ejemplo, un reciente informe de la UGT, informa de que la brecha salarial entre hombres y mujeres en Espa\u00f1a se sit\u00faa en casi el 24%, la m\u00e1s alta de los \u00faltimos cinco a\u00f1os. Una mujer en Espa\u00f1a para cobrar una pensi\u00f3n de la misma cuant\u00eda que un hombre necesita trabajar once a\u00f1os y medio m\u00e1s, esto medido en un trabajo de igual valor.<\/p>\n<p>Y si hablamos de la violencia contra las mujeres en Espa\u00f1a, el 2014 se cerr\u00f3 con el asesinato de 59 mujeres y en lo que llevamos de 2015, ya van 6. En innumerables pa\u00edses, a menudo las mujeres est\u00e1n obligadas a taparse con el velo, son golpeadas, cortadas, quemadas, encerradas, violadas, casadas a la fuerza.<\/p>\n<p>Muchas mujeres no se someten a esto, como lo muestran las que se manifiestan por las cuatro esquinas del mundo.<\/p>\n<p>Por ello, el 8 de marzo es una ocasi\u00f3n de mostrar nuestra solidaridad con todas estas mujeres que siguen luchando por todas partes.<\/p>\n<p>\u00a1Viva la lucha de la mujer trabajadora!<\/p>\n","protected":false},"excerpt":{"rendered":"<p>Fue en Copenhague, en marzo de 1910, cu\u00e1ndo los militantes de la II Internacional Socialista \u2013 cuando todav\u00eda los socialistas eran revolucionarios- en nombre de las mujeres miembros de partidos socialistas del mundo entero, decidieron organizar un d\u00eda internacional de las mujeres. As\u00ed cada 8 de Marzo las mujeres se manifiestan por todo el mundo&hellip;&nbsp;<a href=\"https:\/\/vozobrera.org\/periodico\/8-de-marzo-dia-internacional-de-la-mujer-trabajadora-2\/\" rel=\"bookmark\">Leer m\u00e1s &raquo;<span class=\"screen-reader-text\">8 de marzo, d\u00eda internacional de la mujer trabajadora<\/span><\/a><\/p>\n","protected":false},"author":3,"featured_media":0,"comment_status":"open","ping_status":"open","sticky":false,"template":"","format":"standard","meta":{"neve_meta_sidebar":"","neve_meta_container":"","neve_meta_enable_content_width":"","neve_meta_content_width":0,"neve_meta_title_alignment":"","neve_meta_author_avatar":"","neve_post_elements_order":"","neve_meta_disable_header":"","neve_meta_disable_footer":"","neve_meta_disable_title":"","footnotes":""},"categories":[535,10],"tags":[],"class_list":["post-4201","post","type-post","status-publish","format-standard","hentry","category-historia","category-mensual"],"_links":{"self":[{"href":"https:\/\/vozobrera.org\/periodico\/wp-json\/wp\/v2\/posts\/4201","targetHints":{"allow":["GET"]}}],"collection":[{"href":"https:\/\/vozobrera.org\/periodico\/wp-json\/wp\/v2\/posts"}],"about":[{"href":"https:\/\/vozobrera.org\/periodico\/wp-json\/wp\/v2\/types\/post"}],"author":[{"embeddable":true,"href":"https:\/\/vozobrera.org\/periodico\/wp-json\/wp\/v2\/users\/3"}],"replies":[{"embeddable":true,"href":"https:\/\/vozobrera.org\/periodico\/wp-json\/wp\/v2\/comments?post=4201"}],"version-history":[{"count":2,"href":"https:\/\/vozobrera.org\/periodico\/wp-json\/wp\/v2\/posts\/4201\/revisions"}],"predecessor-version":[{"id":6819,"href":"https:\/\/vozobrera.org\/periodico\/wp-json\/wp\/v2\/posts\/4201\/revisions\/6819"}],"wp:attachment":[{"href":"https:\/\/vozobrera.org\/periodico\/wp-json\/wp\/v2\/media?parent=4201"}],"wp:term":[{"taxonomy":"category","embeddable":true,"href":"https:\/\/vozobrera.org\/periodico\/wp-json\/wp\/v2\/categories?post=4201"},{"taxonomy":"post_tag","embeddable":true,"href":"https:\/\/vozobrera.org\/periodico\/wp-json\/wp\/v2\/tags?post=4201"}],"curies":[{"name":"wp","href":"https:\/\/api.w.org\/{rel}","templated":true}]}}