{"id":3170,"date":"2012-01-31T18:49:37","date_gmt":"2012-01-31T18:49:37","guid":{"rendered":"http:\/\/vozobrera.org\/periodico\/?p=3170"},"modified":"2014-08-20T19:52:30","modified_gmt":"2014-08-20T19:52:30","slug":"asamblea-general-ya","status":"publish","type":"post","link":"https:\/\/vozobrera.org\/periodico\/asamblea-general-ya\/","title":{"rendered":"ASAMBLEA GENERAL \u00a1YA!"},"content":{"rendered":"<p style=\"text-align: justify;\">Bajo nuestro criterio no vemos mal las asambleas de cada sindicato para sus afiliados, pero en la situaci\u00f3n en la que nos encontramos ser\u00eda m\u00e1s efectiva y elocuente una asamblea general de todos los trabajadores.<\/p>\n<p style=\"text-align: justify;\">Se avecinan tiempos malos y a los trabajadores lo que les hace fuertes es la uni\u00f3n; por eso cada uno de nosotros debe ser participativo y rebelde.<\/p>\n<p style=\"text-align: justify;\">\u00a1Solo con la lucha se consiguen y mantienen los derechos!<\/p>\n","protected":false},"excerpt":{"rendered":"<p>Bajo nuestro criterio no vemos mal las asambleas de cada sindicato para sus afiliados, pero en la situaci\u00f3n en la que nos encontramos ser\u00eda m\u00e1s efectiva y elocuente una asamblea general de todos los trabajadores. Se avecinan tiempos malos y a los trabajadores lo que les hace fuertes es la uni\u00f3n; por eso cada uno&hellip;&nbsp;<a href=\"https:\/\/vozobrera.org\/periodico\/asamblea-general-ya\/\" rel=\"bookmark\">Leer m\u00e1s &raquo;<span class=\"screen-reader-text\">ASAMBLEA GENERAL \u00a1YA!<\/span><\/a><\/p>\n","protected":false},"author":3,"featured_media":0,"comment_status":"open","ping_status":"open","sticky":false,"template":"","format":"standard","meta":{"neve_meta_sidebar":"","neve_meta_container":"","neve_meta_enable_content_width":"","neve_meta_content_width":0,"neve_meta_title_alignment":"","neve_meta_author_avatar":"","neve_post_elements_order":"","neve_meta_disable_header":"","neve_meta_disable_footer":"","neve_meta_disable_title":"","footnotes":""},"categories":[63],"tags":[],"class_list":["post-3170","post","type-post","status-publish","format-standard","hentry","category-quincenal"],"_links":{"self":[{"href":"https:\/\/vozobrera.org\/periodico\/wp-json\/wp\/v2\/posts\/3170","targetHints":{"allow":["GET"]}}],"collection":[{"href":"https:\/\/vozobrera.org\/periodico\/wp-json\/wp\/v2\/posts"}],"about":[{"href":"https:\/\/vozobrera.org\/periodico\/wp-json\/wp\/v2\/types\/post"}],"author":[{"embeddable":true,"href":"https:\/\/vozobrera.org\/periodico\/wp-json\/wp\/v2\/users\/3"}],"replies":[{"embeddable":true,"href":"https:\/\/vozobrera.org\/periodico\/wp-json\/wp\/v2\/comments?post=3170"}],"version-history":[{"count":1,"href":"https:\/\/vozobrera.org\/periodico\/wp-json\/wp\/v2\/posts\/3170\/revisions"}],"predecessor-version":[{"id":3171,"href":"https:\/\/vozobrera.org\/periodico\/wp-json\/wp\/v2\/posts\/3170\/revisions\/3171"}],"wp:attachment":[{"href":"https:\/\/vozobrera.org\/periodico\/wp-json\/wp\/v2\/media?parent=3170"}],"wp:term":[{"taxonomy":"category","embeddable":true,"href":"https:\/\/vozobrera.org\/periodico\/wp-json\/wp\/v2\/categories?post=3170"},{"taxonomy":"post_tag","embeddable":true,"href":"https:\/\/vozobrera.org\/periodico\/wp-json\/wp\/v2\/tags?post=3170"}],"curies":[{"name":"wp","href":"https:\/\/api.w.org\/{rel}","templated":true}]}}