{"id":2377,"date":"2013-10-09T11:09:11","date_gmt":"2013-10-09T11:09:11","guid":{"rendered":"http:\/\/vozobrera.org\/periodico\/?p=2377"},"modified":"2016-04-14T05:44:24","modified_gmt":"2016-04-14T05:44:24","slug":"defiende-la-educacion-publica-huelga-general-el-dia-24","status":"publish","type":"post","link":"https:\/\/vozobrera.org\/periodico\/defiende-la-educacion-publica-huelga-general-el-dia-24\/","title":{"rendered":"\u00a1Defiende la educaci\u00f3n p\u00fablica! \u00a1Huelga general el d\u00eda 24!"},"content":{"rendered":"<p>&#8211; Contra la ley Wert porque supone una nueva segregaci\u00f3n de los alumnos en ricos y pobres.<br \/>\n&#8211; Contra los recortes en la educaci\u00f3n p\u00fablica, mientras se regala suelo a la privada.<br \/>\n&#8211; Contra los despidos del profesorado.<br \/>\n&#8211; Contra la subida de tasas, la reducci\u00f3n de becas&#8230;<\/p>\n<p>Por todas estas razones, y otras m\u00e1s, todos debemos apoyar la huelga en la ense\u00f1anza el d\u00eda 24. \u00a1Acude!<\/p>\n<p>\u201cLa educaci\u00f3n es el motor que promueve la competitividad de la econom\u00eda y el nivel de prosperidad de un pa\u00eds. Su nivel educativo determina la capacidad de competir con \u00e9xito en la arena internacional y de afrontar los desaf\u00edos que se planteen en el futuro.\u201d Esta es la frase que da comienzo a la ley y en ella se encierra su verdadero fin: adecuar el sistema educativo al sector empresarial, a los mercados. Esta ley es un intento m\u00e1s de segregaci\u00f3n de los alumnos desde edades m\u00e1s tempranas, al anticipar los itinerarios formativos para la FP. El PP quiere volver a lo de siempre: una escuela para los ricos, otra para los hijos de la clase obrera y de la poblaci\u00f3n en general.<\/p>\n<p>Al contrario que Wert y sus amigos, pensamos que la verdadera educaci\u00f3n es una instituci\u00f3n universal y gratuita, que esta escuela debe ser financiada \u00edntegramente por el Estado, que las empresas deben quedar fuera del \u00e1mbito educativo y que se debe cuidar la formaci\u00f3n de los maestros para tener todos los recursos que permiten que cada estudiante pueda desarrollar todas sus posibilidades independientemente del medio del que proceden. Es verdad que este sistema educativo cuesta dinero, pero menos que lo que se ha regalado a los banqueros en los \u00faltimos a\u00f1os y tiene el m\u00e9rito de preparar el futuro de nuestra sociedad.<\/p>\n","protected":false},"excerpt":{"rendered":"<p>&#8211; Contra la ley Wert porque supone una nueva segregaci\u00f3n de los alumnos en ricos y pobres. &#8211; Contra los recortes en la educaci\u00f3n p\u00fablica, mientras se regala suelo a la privada. &#8211; Contra los despidos del profesorado. &#8211; Contra la subida de tasas, la reducci\u00f3n de becas&#8230; Por todas estas razones, y otras m\u00e1s,&hellip;&nbsp;<a href=\"https:\/\/vozobrera.org\/periodico\/defiende-la-educacion-publica-huelga-general-el-dia-24\/\" rel=\"bookmark\">Leer m\u00e1s &raquo;<span class=\"screen-reader-text\">\u00a1Defiende la educaci\u00f3n p\u00fablica! \u00a1Huelga general el d\u00eda 24!<\/span><\/a><\/p>\n","protected":false},"author":3,"featured_media":0,"comment_status":"open","ping_status":"open","sticky":false,"template":"","format":"standard","meta":{"neve_meta_sidebar":"","neve_meta_container":"","neve_meta_enable_content_width":"","neve_meta_content_width":0,"neve_meta_title_alignment":"","neve_meta_author_avatar":"","neve_post_elements_order":"","neve_meta_disable_header":"","neve_meta_disable_footer":"","neve_meta_disable_title":"","footnotes":""},"categories":[10],"tags":[],"class_list":["post-2377","post","type-post","status-publish","format-standard","hentry","category-mensual"],"_links":{"self":[{"href":"https:\/\/vozobrera.org\/periodico\/wp-json\/wp\/v2\/posts\/2377","targetHints":{"allow":["GET"]}}],"collection":[{"href":"https:\/\/vozobrera.org\/periodico\/wp-json\/wp\/v2\/posts"}],"about":[{"href":"https:\/\/vozobrera.org\/periodico\/wp-json\/wp\/v2\/types\/post"}],"author":[{"embeddable":true,"href":"https:\/\/vozobrera.org\/periodico\/wp-json\/wp\/v2\/users\/3"}],"replies":[{"embeddable":true,"href":"https:\/\/vozobrera.org\/periodico\/wp-json\/wp\/v2\/comments?post=2377"}],"version-history":[{"count":2,"href":"https:\/\/vozobrera.org\/periodico\/wp-json\/wp\/v2\/posts\/2377\/revisions"}],"predecessor-version":[{"id":5426,"href":"https:\/\/vozobrera.org\/periodico\/wp-json\/wp\/v2\/posts\/2377\/revisions\/5426"}],"wp:attachment":[{"href":"https:\/\/vozobrera.org\/periodico\/wp-json\/wp\/v2\/media?parent=2377"}],"wp:term":[{"taxonomy":"category","embeddable":true,"href":"https:\/\/vozobrera.org\/periodico\/wp-json\/wp\/v2\/categories?post=2377"},{"taxonomy":"post_tag","embeddable":true,"href":"https:\/\/vozobrera.org\/periodico\/wp-json\/wp\/v2\/tags?post=2377"}],"curies":[{"name":"wp","href":"https:\/\/api.w.org\/{rel}","templated":true}]}}