{"id":2375,"date":"2013-10-09T11:07:44","date_gmt":"2013-10-09T11:07:44","guid":{"rendered":"http:\/\/vozobrera.org\/periodico\/?p=2375"},"modified":"2016-04-14T05:44:24","modified_gmt":"2016-04-14T05:44:24","slug":"la-bajada-de-las-pensiones","status":"publish","type":"post","link":"https:\/\/vozobrera.org\/periodico\/la-bajada-de-las-pensiones\/","title":{"rendered":"La bajada de las pensiones"},"content":{"rendered":"<p>La ministra F\u00e1tima B\u00e1\u00f1ez no ceja en su empe\u00f1o en sacar adelante la reforma de las pensiones. El pasado viernes 27 se aprob\u00f3 el anteproyecto de ley. Con el entusiasmo que \u00faltimamente se gasta el gobierno la ministra difunde por doquier que las pensiones van a subir, que esta reforma es para dar \u201ctranquilidad\u201d, para \u201cblindarla de congelaciones\u201d. \u00bfSe puede ser m\u00e1s c\u00ednica?<\/p>\n<p>La cruda realidad es que la subida de las pensiones ser\u00e1 s\u00f3lo de un 0,25% anual, desligadas del IPC (\u00cdndice de precios de consumo) si la econom\u00eda va mal y s\u00f3lo, si la econom\u00eda va bien, subir\u00e1n ese 0,25 m\u00e1s lo que suba el IPC, es decir, lo que suba el coste de la vida. Lo que quiere decir que los precios de consumo van a subir por encima de las pensiones, o hablando en plata, que los pensionistas van a perder capacidad de compra. Por si el cinismo de B\u00e1\u00f1ez fuera poco, adecua adem\u00e1s las pensiones a la esperanza de vida: como vivimos m\u00e1s a\u00f1os habr\u00eda que cobrar menos.<\/p>\n<p>No respetar la vinculaci\u00f3n de las pensiones al coste de la vida, al IPC, no es m\u00e1s que una bajada en la pensi\u00f3n. Y de muestra un bot\u00f3n: el precio del aceite ha aumentado un 23,3%, las patatas un 31,2%, las medicinas un 7,9%, el transporte p\u00fablico un 4,7%, la bombona de butano un 7,2% y la luz un 11,9%.<br \/>\nMontoro, de Hacienda, respecto al tema ha declarado que \u201cderivar que la ley conlleva una p\u00e9rdida de poder adquisitivo es un \u201cerror\u201d y supone no confiar en la evoluci\u00f3n del pa\u00eds\u201d. Pero en quien no podemos confiar m\u00e1s es en  ning\u00fan miembro de este gobierno que cu\u00e1ndo bajan las pensiones las presentan como una subida y si el paro baja en tan s\u00f3lo 31 personas lo presentan como muestra de la recuperaci\u00f3n econ\u00f3mica del pa\u00eds. \u00a1Mienten y mienten!<\/p>\n<p>\u00a1Su cinismo y sus mentiras merecen una respuesta contundente!<\/p>\n","protected":false},"excerpt":{"rendered":"<p>La ministra F\u00e1tima B\u00e1\u00f1ez no ceja en su empe\u00f1o en sacar adelante la reforma de las pensiones. El pasado viernes 27 se aprob\u00f3 el anteproyecto de ley. Con el entusiasmo que \u00faltimamente se gasta el gobierno la ministra difunde por doquier que las pensiones van a subir, que esta reforma es para dar \u201ctranquilidad\u201d, para&hellip;&nbsp;<a href=\"https:\/\/vozobrera.org\/periodico\/la-bajada-de-las-pensiones\/\" rel=\"bookmark\">Leer m\u00e1s &raquo;<span class=\"screen-reader-text\">La bajada de las pensiones<\/span><\/a><\/p>\n","protected":false},"author":3,"featured_media":0,"comment_status":"open","ping_status":"open","sticky":false,"template":"","format":"standard","meta":{"neve_meta_sidebar":"","neve_meta_container":"","neve_meta_enable_content_width":"","neve_meta_content_width":0,"neve_meta_title_alignment":"","neve_meta_author_avatar":"","neve_post_elements_order":"","neve_meta_disable_header":"","neve_meta_disable_footer":"","neve_meta_disable_title":"","footnotes":""},"categories":[10],"tags":[],"class_list":["post-2375","post","type-post","status-publish","format-standard","hentry","category-mensual"],"_links":{"self":[{"href":"https:\/\/vozobrera.org\/periodico\/wp-json\/wp\/v2\/posts\/2375","targetHints":{"allow":["GET"]}}],"collection":[{"href":"https:\/\/vozobrera.org\/periodico\/wp-json\/wp\/v2\/posts"}],"about":[{"href":"https:\/\/vozobrera.org\/periodico\/wp-json\/wp\/v2\/types\/post"}],"author":[{"embeddable":true,"href":"https:\/\/vozobrera.org\/periodico\/wp-json\/wp\/v2\/users\/3"}],"replies":[{"embeddable":true,"href":"https:\/\/vozobrera.org\/periodico\/wp-json\/wp\/v2\/comments?post=2375"}],"version-history":[{"count":2,"href":"https:\/\/vozobrera.org\/periodico\/wp-json\/wp\/v2\/posts\/2375\/revisions"}],"predecessor-version":[{"id":5427,"href":"https:\/\/vozobrera.org\/periodico\/wp-json\/wp\/v2\/posts\/2375\/revisions\/5427"}],"wp:attachment":[{"href":"https:\/\/vozobrera.org\/periodico\/wp-json\/wp\/v2\/media?parent=2375"}],"wp:term":[{"taxonomy":"category","embeddable":true,"href":"https:\/\/vozobrera.org\/periodico\/wp-json\/wp\/v2\/categories?post=2375"},{"taxonomy":"post_tag","embeddable":true,"href":"https:\/\/vozobrera.org\/periodico\/wp-json\/wp\/v2\/tags?post=2375"}],"curies":[{"name":"wp","href":"https:\/\/api.w.org\/{rel}","templated":true}]}}