{"id":2355,"date":"2013-11-09T10:37:19","date_gmt":"2013-11-09T10:37:19","guid":{"rendered":"http:\/\/vozobrera.org\/periodico\/?p=2355"},"modified":"2016-04-14T05:40:32","modified_gmt":"2016-04-14T05:40:32","slug":"los-desempleados-esos-delincuentes","status":"publish","type":"post","link":"https:\/\/vozobrera.org\/periodico\/los-desempleados-esos-delincuentes\/","title":{"rendered":"Los desempleados, esos \u201cdelincuentes\u201d"},"content":{"rendered":"<p>La vicepresidenta del gobierno, Soraya S\u00e1enz de Santamar\u00eda, ofreci\u00f3 una rueda de prensa vergonzosa d\u00f3nde explic\u00f3 que van a aumentar el control y las sanciones a aquellos desempleados que rechacen ofertas de empleo y contra los \u201cfalsos\u201d parados que cobran prestaciones que no les corresponden. Para ello preparan una nueva ley de forma que si un desempleado rechaza una vez una oferta de trabajo, sea esta la que sea, ser\u00e1 considerado \u201cinfracci\u00f3n grave\u201d; si rechaza una segunda vez se le suspende la prestaci\u00f3n por tres meses y si a\u00fan hay una negativa por tercera vez se le anula toda la prestaci\u00f3n.<\/p>\n<p>Lo peor, si cabe, fue el falseamiento de datos ofrecido; seg\u00fan la vicepresidenta existen en Espa\u00f1a 520.572 \u201cfalsos parados\u201d que cobran prestaciones al mismo tiempo que trabajan \u201cen negro\u201d. Esta cifra luego ha sido matizada por el propio Ministerio de Empleo, lo cual no ha llevado a Santamar\u00eda a disculparse por tremenda afirmaci\u00f3n.<\/p>\n<p>Pues mejor les ir\u00eda si tuvieran tanto rigor en sus propias filas, en su propia casa.<\/p>\n","protected":false},"excerpt":{"rendered":"<p>La vicepresidenta del gobierno, Soraya S\u00e1enz de Santamar\u00eda, ofreci\u00f3 una rueda de prensa vergonzosa d\u00f3nde explic\u00f3 que van a aumentar el control y las sanciones a aquellos desempleados que rechacen ofertas de empleo y contra los \u201cfalsos\u201d parados que cobran prestaciones que no les corresponden. Para ello preparan una nueva ley de forma que si&hellip;&nbsp;<a href=\"https:\/\/vozobrera.org\/periodico\/los-desempleados-esos-delincuentes\/\" rel=\"bookmark\">Leer m\u00e1s &raquo;<span class=\"screen-reader-text\">Los desempleados, esos \u201cdelincuentes\u201d<\/span><\/a><\/p>\n","protected":false},"author":3,"featured_media":0,"comment_status":"open","ping_status":"open","sticky":false,"template":"","format":"standard","meta":{"neve_meta_sidebar":"","neve_meta_container":"","neve_meta_enable_content_width":"","neve_meta_content_width":0,"neve_meta_title_alignment":"","neve_meta_author_avatar":"","neve_post_elements_order":"","neve_meta_disable_header":"","neve_meta_disable_footer":"","neve_meta_disable_title":"","footnotes":""},"categories":[10],"tags":[],"class_list":["post-2355","post","type-post","status-publish","format-standard","hentry","category-mensual"],"_links":{"self":[{"href":"https:\/\/vozobrera.org\/periodico\/wp-json\/wp\/v2\/posts\/2355","targetHints":{"allow":["GET"]}}],"collection":[{"href":"https:\/\/vozobrera.org\/periodico\/wp-json\/wp\/v2\/posts"}],"about":[{"href":"https:\/\/vozobrera.org\/periodico\/wp-json\/wp\/v2\/types\/post"}],"author":[{"embeddable":true,"href":"https:\/\/vozobrera.org\/periodico\/wp-json\/wp\/v2\/users\/3"}],"replies":[{"embeddable":true,"href":"https:\/\/vozobrera.org\/periodico\/wp-json\/wp\/v2\/comments?post=2355"}],"version-history":[{"count":3,"href":"https:\/\/vozobrera.org\/periodico\/wp-json\/wp\/v2\/posts\/2355\/revisions"}],"predecessor-version":[{"id":2518,"href":"https:\/\/vozobrera.org\/periodico\/wp-json\/wp\/v2\/posts\/2355\/revisions\/2518"}],"wp:attachment":[{"href":"https:\/\/vozobrera.org\/periodico\/wp-json\/wp\/v2\/media?parent=2355"}],"wp:term":[{"taxonomy":"category","embeddable":true,"href":"https:\/\/vozobrera.org\/periodico\/wp-json\/wp\/v2\/categories?post=2355"},{"taxonomy":"post_tag","embeddable":true,"href":"https:\/\/vozobrera.org\/periodico\/wp-json\/wp\/v2\/tags?post=2355"}],"curies":[{"name":"wp","href":"https:\/\/api.w.org\/{rel}","templated":true}]}}