{"id":2353,"date":"2013-11-09T10:36:33","date_gmt":"2013-11-09T10:36:33","guid":{"rendered":"http:\/\/vozobrera.org\/periodico\/?p=2353"},"modified":"2016-04-14T05:40:32","modified_gmt":"2016-04-14T05:40:32","slug":"huelga-en-renfe-contra-la-privatizacion","status":"publish","type":"post","link":"https:\/\/vozobrera.org\/periodico\/huelga-en-renfe-contra-la-privatizacion\/","title":{"rendered":"Huelga en Renfe: contra la privatizaci\u00f3n"},"content":{"rendered":"<p>Los trabajadores de Renfe y Adif, empresas p\u00fablicas que dependen del Ministerio de Fomento, han iniciado una huelga de 24 horas en v\u00edsperas del puente de primeros de noviembre, como medida de presi\u00f3n contra la divisi\u00f3n de estas en varias empresas.<\/p>\n<p>Este intento de divisi\u00f3n viene precedido de la presentaci\u00f3n de un ERE por parte de Adif, que afectar\u00e1 a un 2% de la plantilla; y Renfe ya anuncia para el pr\u00f3ximo a\u00f1o otro ERE que afectar\u00eda a unos 300 trabajadores. Estos EREs y la intenci\u00f3n actual de segregar ambas compa\u00f1\u00edas hacen temer a los trabajadores que el camino emprendido lleva a la privatizaci\u00f3n, con la merma del servicio p\u00fablico que ello supondr\u00eda y el despido de trabajadores.<\/p>\n<p>Pero est\u00e1 claro que a este gobierno ni le importa la seguridad en los trenes, ni la suerte de los trabajadores. Por ello dicen los trabajadores de estas empresas que la huelga de 24 horas solo ser\u00e1 un comienzo de sus luchas.<\/p>\n","protected":false},"excerpt":{"rendered":"<p>Los trabajadores de Renfe y Adif, empresas p\u00fablicas que dependen del Ministerio de Fomento, han iniciado una huelga de 24 horas en v\u00edsperas del puente de primeros de noviembre, como medida de presi\u00f3n contra la divisi\u00f3n de estas en varias empresas. Este intento de divisi\u00f3n viene precedido de la presentaci\u00f3n de un ERE por parte&hellip;&nbsp;<a href=\"https:\/\/vozobrera.org\/periodico\/huelga-en-renfe-contra-la-privatizacion\/\" rel=\"bookmark\">Leer m\u00e1s &raquo;<span class=\"screen-reader-text\">Huelga en Renfe: contra la privatizaci\u00f3n<\/span><\/a><\/p>\n","protected":false},"author":3,"featured_media":0,"comment_status":"open","ping_status":"open","sticky":false,"template":"","format":"standard","meta":{"neve_meta_sidebar":"","neve_meta_container":"","neve_meta_enable_content_width":"","neve_meta_content_width":0,"neve_meta_title_alignment":"","neve_meta_author_avatar":"","neve_post_elements_order":"","neve_meta_disable_header":"","neve_meta_disable_footer":"","neve_meta_disable_title":"","footnotes":""},"categories":[10],"tags":[],"class_list":["post-2353","post","type-post","status-publish","format-standard","hentry","category-mensual"],"_links":{"self":[{"href":"https:\/\/vozobrera.org\/periodico\/wp-json\/wp\/v2\/posts\/2353","targetHints":{"allow":["GET"]}}],"collection":[{"href":"https:\/\/vozobrera.org\/periodico\/wp-json\/wp\/v2\/posts"}],"about":[{"href":"https:\/\/vozobrera.org\/periodico\/wp-json\/wp\/v2\/types\/post"}],"author":[{"embeddable":true,"href":"https:\/\/vozobrera.org\/periodico\/wp-json\/wp\/v2\/users\/3"}],"replies":[{"embeddable":true,"href":"https:\/\/vozobrera.org\/periodico\/wp-json\/wp\/v2\/comments?post=2353"}],"version-history":[{"count":2,"href":"https:\/\/vozobrera.org\/periodico\/wp-json\/wp\/v2\/posts\/2353\/revisions"}],"predecessor-version":[{"id":2519,"href":"https:\/\/vozobrera.org\/periodico\/wp-json\/wp\/v2\/posts\/2353\/revisions\/2519"}],"wp:attachment":[{"href":"https:\/\/vozobrera.org\/periodico\/wp-json\/wp\/v2\/media?parent=2353"}],"wp:term":[{"taxonomy":"category","embeddable":true,"href":"https:\/\/vozobrera.org\/periodico\/wp-json\/wp\/v2\/categories?post=2353"},{"taxonomy":"post_tag","embeddable":true,"href":"https:\/\/vozobrera.org\/periodico\/wp-json\/wp\/v2\/tags?post=2353"}],"curies":[{"name":"wp","href":"https:\/\/api.w.org\/{rel}","templated":true}]}}