{"id":2351,"date":"2013-11-09T10:35:41","date_gmt":"2013-11-09T10:35:41","guid":{"rendered":"http:\/\/vozobrera.org\/periodico\/?p=2351"},"modified":"2016-04-14T05:40:32","modified_gmt":"2016-04-14T05:40:32","slug":"nueva-reforma-fiscal","status":"publish","type":"post","link":"https:\/\/vozobrera.org\/periodico\/nueva-reforma-fiscal\/","title":{"rendered":"Nueva reforma fiscal"},"content":{"rendered":"<p>El gobierno ya tiene designado otro \u201ccomit\u00e9 de expertos\u201d para una nueva reforma fiscal; nada bueno se puede esperar de ello dada la trayectoria del gobierno. Hemos asistido a una amnist\u00eda fiscal d\u00f3nde hasta el propio B\u00e1rcenas se acogi\u00f3, y ahora lo que se huele es que barajan la posibilidad de bajar el Impuesto de Sociedades, es decir, bajar impuestos a las grandes empresas, que ser\u00e1n las beneficiadas. Dice Lu\u00eds de Guindos que se trata de compensar lo que pagan las grandes empresas y por otro lado las peque\u00f1as y medianas. Estas \u00faltimas pueden echarse a temblar.<\/p>\n","protected":false},"excerpt":{"rendered":"<p>El gobierno ya tiene designado otro \u201ccomit\u00e9 de expertos\u201d para una nueva reforma fiscal; nada bueno se puede esperar de ello dada la trayectoria del gobierno. Hemos asistido a una amnist\u00eda fiscal d\u00f3nde hasta el propio B\u00e1rcenas se acogi\u00f3, y ahora lo que se huele es que barajan la posibilidad de bajar el Impuesto de&hellip;&nbsp;<a href=\"https:\/\/vozobrera.org\/periodico\/nueva-reforma-fiscal\/\" rel=\"bookmark\">Leer m\u00e1s &raquo;<span class=\"screen-reader-text\">Nueva reforma fiscal<\/span><\/a><\/p>\n","protected":false},"author":3,"featured_media":0,"comment_status":"open","ping_status":"open","sticky":false,"template":"","format":"standard","meta":{"neve_meta_sidebar":"","neve_meta_container":"","neve_meta_enable_content_width":"","neve_meta_content_width":0,"neve_meta_title_alignment":"","neve_meta_author_avatar":"","neve_post_elements_order":"","neve_meta_disable_header":"","neve_meta_disable_footer":"","neve_meta_disable_title":"","footnotes":""},"categories":[10],"tags":[],"class_list":["post-2351","post","type-post","status-publish","format-standard","hentry","category-mensual"],"_links":{"self":[{"href":"https:\/\/vozobrera.org\/periodico\/wp-json\/wp\/v2\/posts\/2351","targetHints":{"allow":["GET"]}}],"collection":[{"href":"https:\/\/vozobrera.org\/periodico\/wp-json\/wp\/v2\/posts"}],"about":[{"href":"https:\/\/vozobrera.org\/periodico\/wp-json\/wp\/v2\/types\/post"}],"author":[{"embeddable":true,"href":"https:\/\/vozobrera.org\/periodico\/wp-json\/wp\/v2\/users\/3"}],"replies":[{"embeddable":true,"href":"https:\/\/vozobrera.org\/periodico\/wp-json\/wp\/v2\/comments?post=2351"}],"version-history":[{"count":2,"href":"https:\/\/vozobrera.org\/periodico\/wp-json\/wp\/v2\/posts\/2351\/revisions"}],"predecessor-version":[{"id":2520,"href":"https:\/\/vozobrera.org\/periodico\/wp-json\/wp\/v2\/posts\/2351\/revisions\/2520"}],"wp:attachment":[{"href":"https:\/\/vozobrera.org\/periodico\/wp-json\/wp\/v2\/media?parent=2351"}],"wp:term":[{"taxonomy":"category","embeddable":true,"href":"https:\/\/vozobrera.org\/periodico\/wp-json\/wp\/v2\/categories?post=2351"},{"taxonomy":"post_tag","embeddable":true,"href":"https:\/\/vozobrera.org\/periodico\/wp-json\/wp\/v2\/tags?post=2351"}],"curies":[{"name":"wp","href":"https:\/\/api.w.org\/{rel}","templated":true}]}}