{"id":2345,"date":"2013-11-09T10:33:04","date_gmt":"2013-11-09T10:33:04","guid":{"rendered":"http:\/\/vozobrera.org\/periodico\/?p=2345"},"modified":"2016-04-14T05:40:32","modified_gmt":"2016-04-14T05:40:32","slug":"funcionarios-congelados-de-nuevo","status":"publish","type":"post","link":"https:\/\/vozobrera.org\/periodico\/funcionarios-congelados-de-nuevo\/","title":{"rendered":"Funcionarios congelados, de nuevo"},"content":{"rendered":"<p>Tambi\u00e9n ha anunciado Montoro que el sueldo de los funcionarios va a seguir congelado para el 2014; ser\u00e1 el cuarto a\u00f1o consecutivo que estos trabajadores ver\u00e1n su poder adquisitivo caer. No obstante, desde el 2011 que empez\u00f3 esta congelaci\u00f3n, no ha dejado de subir el IPC (\u00cdndice de Precios de Consumo) ni tampoco el precio de alimentos b\u00e1sicos, ropa o calzado. Tambi\u00e9n en 2010 los sueldos de los funcionarios sufrieron, como media, una bajada de un 5%, y en 2012 perdieron una paga extra. En total, mientras todos los precios suben, sus salarios han sufrido de forma global una bajada de un 30% como media.<\/p>\n<p>El colectivo de funcionarios est\u00e1 siendo golpeado de forma dura; y hay que tener en cuenta que muchos funcionarios son mileuristas. Por dem\u00e1s, los recortes no son solo salariales; tambi\u00e9n est\u00e1n sufriendo en sus trabajos la tasa de reposici\u00f3n cero, la reducci\u00f3n de d\u00edas por asuntos propios o el incremento en dos horas y media de su jornada laboral.<\/p>\n<p>\u201cHay que bajarles un 30% el sueldo, no congelarlo. Hay que echar al 30% de los empleados p\u00fablicos. El 30% de los empleados p\u00fablicos cada d\u00eda no van a trabajar, sobran\u201d. Estas lindezas las dijo Miguel \u00c1ngel Rodr\u00edguez, que fue ministro con Aznar, en un programa televisivo. A la pregunta del entrevistador sobre si ten\u00eda datos que corroboraran sus opiniones contest\u00f3: \u201cNo, eso lo digo yo\u201d. Sobran los comentarios ante tanta desfachatez.<\/p>\n","protected":false},"excerpt":{"rendered":"<p>Tambi\u00e9n ha anunciado Montoro que el sueldo de los funcionarios va a seguir congelado para el 2014; ser\u00e1 el cuarto a\u00f1o consecutivo que estos trabajadores ver\u00e1n su poder adquisitivo caer. No obstante, desde el 2011 que empez\u00f3 esta congelaci\u00f3n, no ha dejado de subir el IPC (\u00cdndice de Precios de Consumo) ni tampoco el precio&hellip;&nbsp;<a href=\"https:\/\/vozobrera.org\/periodico\/funcionarios-congelados-de-nuevo\/\" rel=\"bookmark\">Leer m\u00e1s &raquo;<span class=\"screen-reader-text\">Funcionarios congelados, de nuevo<\/span><\/a><\/p>\n","protected":false},"author":3,"featured_media":0,"comment_status":"open","ping_status":"open","sticky":false,"template":"","format":"standard","meta":{"neve_meta_sidebar":"","neve_meta_container":"","neve_meta_enable_content_width":"","neve_meta_content_width":0,"neve_meta_title_alignment":"","neve_meta_author_avatar":"","neve_post_elements_order":"","neve_meta_disable_header":"","neve_meta_disable_footer":"","neve_meta_disable_title":"","footnotes":""},"categories":[10],"tags":[],"class_list":["post-2345","post","type-post","status-publish","format-standard","hentry","category-mensual"],"_links":{"self":[{"href":"https:\/\/vozobrera.org\/periodico\/wp-json\/wp\/v2\/posts\/2345","targetHints":{"allow":["GET"]}}],"collection":[{"href":"https:\/\/vozobrera.org\/periodico\/wp-json\/wp\/v2\/posts"}],"about":[{"href":"https:\/\/vozobrera.org\/periodico\/wp-json\/wp\/v2\/types\/post"}],"author":[{"embeddable":true,"href":"https:\/\/vozobrera.org\/periodico\/wp-json\/wp\/v2\/users\/3"}],"replies":[{"embeddable":true,"href":"https:\/\/vozobrera.org\/periodico\/wp-json\/wp\/v2\/comments?post=2345"}],"version-history":[{"count":2,"href":"https:\/\/vozobrera.org\/periodico\/wp-json\/wp\/v2\/posts\/2345\/revisions"}],"predecessor-version":[{"id":2523,"href":"https:\/\/vozobrera.org\/periodico\/wp-json\/wp\/v2\/posts\/2345\/revisions\/2523"}],"wp:attachment":[{"href":"https:\/\/vozobrera.org\/periodico\/wp-json\/wp\/v2\/media?parent=2345"}],"wp:term":[{"taxonomy":"category","embeddable":true,"href":"https:\/\/vozobrera.org\/periodico\/wp-json\/wp\/v2\/categories?post=2345"},{"taxonomy":"post_tag","embeddable":true,"href":"https:\/\/vozobrera.org\/periodico\/wp-json\/wp\/v2\/tags?post=2345"}],"curies":[{"name":"wp","href":"https:\/\/api.w.org\/{rel}","templated":true}]}}