{"id":2331,"date":"2013-11-09T10:22:12","date_gmt":"2013-11-09T10:22:12","guid":{"rendered":"http:\/\/vozobrera.org\/periodico\/?p=2331"},"modified":"2016-04-14T05:40:33","modified_gmt":"2016-04-14T05:40:33","slug":"grecia-salida-de-la-crisis","status":"publish","type":"post","link":"https:\/\/vozobrera.org\/periodico\/grecia-salida-de-la-crisis\/","title":{"rendered":"Grecia: \u00bfSalida de la crisis?"},"content":{"rendered":"<p>Grecia va a salir de la recesi\u00f3n, con una subida del 0,6% del producto interior bruto (PIB) en 2014 en lugar de la bajada en torno al 4% del 2013. Es al menos lo que ha declarado el ministro de econom\u00eda, Yannis Stournaras, a\u00f1adiendo que ser\u00e1 necesario continuar aplicando las medidas indispensables para fortalecer esta mejor\u00eda.<\/p>\n<p>El proyecto de presupuestos, presentado el 7 de octubre, prev\u00e9 un aumento de los impuestos, especialmente el  nuevo impuesto de bienes inmuebles, odiado por la poblaci\u00f3n. Esta \u201csangr\u00eda\u201d suplementaria supondr\u00eda, seg\u00fan el diario Elegtherotypia, 400 euros de media por cabeza, para 5,7 millones de contribuyentes. En el terreno econ\u00f3mico, est\u00e1 tambi\u00e9n previsto reducir las indemnizaciones por desempleo, los gastos de sanidad y las pensiones de los jubilados.<\/p>\n<p>Aparte de los bancos, cuya situaci\u00f3n se ha saneado a golpes de ayudas p\u00fablicas y de supresiones de empleo, no est\u00e1 claro qui\u00e9n puede creer en \u201cla salida del t\u00fanel\u201d. La vida cotidiana de los trabajadores griegos, consiste en un salario m\u00ednimo de 500 euros y las m\u00e1s de las veces muy inferior, la imposibilidad de pagar el alquiler y la necesidad de ara\u00f1ar en todos los gastos, incluso los de alimentaci\u00f3n. Est\u00e1 tambi\u00e9n la tasa de desempleo del 27% al mismo tiempo que, seg\u00fan una encuesta reciente, el tercio de trabajadores activos dicen trabajar m\u00e1s tiempo que antes, en particular en el sector privado pero tambi\u00e9n en el p\u00fablico, lo que explica la subida de un 25% de la competitividad, de la que se jacta Stournaras.<\/p>\n<p>Las recientes medidas de excedencia forzosa de miles de funcionarios, durante ocho meses con el 75% del salario, son para muchos de ellos la antesala del despido. La subida del desempleo es por tanto infinitamente m\u00e1s probable que su bajada, profetizada por el gobierno, aunque la cifra de 34% de parados en el horizonte de 2016 barajada por el instituto laboral vinculado al sindicato GSEE sea cuestionable.<br \/>\nEn Grecia como en todas partes, la \u00ab salida de la crisis \u00bb est\u00e1 de moda. Pero, frente a la realidad, estas palabras son una verdadera provocaci\u00f3n.<\/p>\n","protected":false},"excerpt":{"rendered":"<p>Grecia va a salir de la recesi\u00f3n, con una subida del 0,6% del producto interior bruto (PIB) en 2014 en lugar de la bajada en torno al 4% del 2013. Es al menos lo que ha declarado el ministro de econom\u00eda, Yannis Stournaras, a\u00f1adiendo que ser\u00e1 necesario continuar aplicando las medidas indispensables para fortalecer esta&hellip;&nbsp;<a href=\"https:\/\/vozobrera.org\/periodico\/grecia-salida-de-la-crisis\/\" rel=\"bookmark\">Leer m\u00e1s &raquo;<span class=\"screen-reader-text\">Grecia: \u00bfSalida de la crisis?<\/span><\/a><\/p>\n","protected":false},"author":3,"featured_media":0,"comment_status":"open","ping_status":"open","sticky":false,"template":"","format":"standard","meta":{"neve_meta_sidebar":"","neve_meta_container":"","neve_meta_enable_content_width":"","neve_meta_content_width":0,"neve_meta_title_alignment":"","neve_meta_author_avatar":"","neve_post_elements_order":"","neve_meta_disable_header":"","neve_meta_disable_footer":"","neve_meta_disable_title":"","footnotes":""},"categories":[10],"tags":[],"class_list":["post-2331","post","type-post","status-publish","format-standard","hentry","category-mensual"],"_links":{"self":[{"href":"https:\/\/vozobrera.org\/periodico\/wp-json\/wp\/v2\/posts\/2331","targetHints":{"allow":["GET"]}}],"collection":[{"href":"https:\/\/vozobrera.org\/periodico\/wp-json\/wp\/v2\/posts"}],"about":[{"href":"https:\/\/vozobrera.org\/periodico\/wp-json\/wp\/v2\/types\/post"}],"author":[{"embeddable":true,"href":"https:\/\/vozobrera.org\/periodico\/wp-json\/wp\/v2\/users\/3"}],"replies":[{"embeddable":true,"href":"https:\/\/vozobrera.org\/periodico\/wp-json\/wp\/v2\/comments?post=2331"}],"version-history":[{"count":3,"href":"https:\/\/vozobrera.org\/periodico\/wp-json\/wp\/v2\/posts\/2331\/revisions"}],"predecessor-version":[{"id":5412,"href":"https:\/\/vozobrera.org\/periodico\/wp-json\/wp\/v2\/posts\/2331\/revisions\/5412"}],"wp:attachment":[{"href":"https:\/\/vozobrera.org\/periodico\/wp-json\/wp\/v2\/media?parent=2331"}],"wp:term":[{"taxonomy":"category","embeddable":true,"href":"https:\/\/vozobrera.org\/periodico\/wp-json\/wp\/v2\/categories?post=2331"},{"taxonomy":"post_tag","embeddable":true,"href":"https:\/\/vozobrera.org\/periodico\/wp-json\/wp\/v2\/tags?post=2331"}],"curies":[{"name":"wp","href":"https:\/\/api.w.org\/{rel}","templated":true}]}}