{"id":2327,"date":"2013-11-09T10:18:55","date_gmt":"2013-11-09T10:18:55","guid":{"rendered":"http:\/\/vozobrera.org\/periodico\/?p=2327"},"modified":"2016-04-14T05:40:33","modified_gmt":"2016-04-14T05:40:33","slug":"el-pp-se-retrata-una-vez-mas","status":"publish","type":"post","link":"https:\/\/vozobrera.org\/periodico\/el-pp-se-retrata-una-vez-mas\/","title":{"rendered":"El PP se retrata una vez m\u00e1s"},"content":{"rendered":"<p>En el Congreso ha habido una moci\u00f3n de todos los grupos pol\u00edticos que ped\u00eda tipificar como delito la apolog\u00eda o enaltecimiento del franquismo, o cualquier tipo de fascismo. El PP en solitario ha rechazado la moci\u00f3n, alegando que ello ya consta en nuestro c\u00f3digo penal. Pues muy claro no debe andar el c\u00f3digo penal pues en los \u00faltimos meses hemos visto a trav\u00e9s de los medios de comunicaci\u00f3n actos que rayaban en una exaltaci\u00f3n de la dictadura franquista, con participaci\u00f3n de miembros del PP incluida.<\/p>\n<p>\u00a1Y qu\u00e9 decir de algunos miembros de las juventudes de PP valenciano saludando con el brazo en alto y con banderas franquistas! El PP se limit\u00f3 a decir que son \u201cchiquilladas\u201d Y es que, claro, no les molesta exhibir lo que en realidad son.<\/p>\n","protected":false},"excerpt":{"rendered":"<p>En el Congreso ha habido una moci\u00f3n de todos los grupos pol\u00edticos que ped\u00eda tipificar como delito la apolog\u00eda o enaltecimiento del franquismo, o cualquier tipo de fascismo. El PP en solitario ha rechazado la moci\u00f3n, alegando que ello ya consta en nuestro c\u00f3digo penal. Pues muy claro no debe andar el c\u00f3digo penal pues&hellip;&nbsp;<a href=\"https:\/\/vozobrera.org\/periodico\/el-pp-se-retrata-una-vez-mas\/\" rel=\"bookmark\">Leer m\u00e1s &raquo;<span class=\"screen-reader-text\">El PP se retrata una vez m\u00e1s<\/span><\/a><\/p>\n","protected":false},"author":3,"featured_media":0,"comment_status":"open","ping_status":"open","sticky":false,"template":"","format":"standard","meta":{"neve_meta_sidebar":"","neve_meta_container":"","neve_meta_enable_content_width":"","neve_meta_content_width":0,"neve_meta_title_alignment":"","neve_meta_author_avatar":"","neve_post_elements_order":"","neve_meta_disable_header":"","neve_meta_disable_footer":"","neve_meta_disable_title":"","footnotes":""},"categories":[10],"tags":[],"class_list":["post-2327","post","type-post","status-publish","format-standard","hentry","category-mensual"],"_links":{"self":[{"href":"https:\/\/vozobrera.org\/periodico\/wp-json\/wp\/v2\/posts\/2327","targetHints":{"allow":["GET"]}}],"collection":[{"href":"https:\/\/vozobrera.org\/periodico\/wp-json\/wp\/v2\/posts"}],"about":[{"href":"https:\/\/vozobrera.org\/periodico\/wp-json\/wp\/v2\/types\/post"}],"author":[{"embeddable":true,"href":"https:\/\/vozobrera.org\/periodico\/wp-json\/wp\/v2\/users\/3"}],"replies":[{"embeddable":true,"href":"https:\/\/vozobrera.org\/periodico\/wp-json\/wp\/v2\/comments?post=2327"}],"version-history":[{"count":2,"href":"https:\/\/vozobrera.org\/periodico\/wp-json\/wp\/v2\/posts\/2327\/revisions"}],"predecessor-version":[{"id":5414,"href":"https:\/\/vozobrera.org\/periodico\/wp-json\/wp\/v2\/posts\/2327\/revisions\/5414"}],"wp:attachment":[{"href":"https:\/\/vozobrera.org\/periodico\/wp-json\/wp\/v2\/media?parent=2327"}],"wp:term":[{"taxonomy":"category","embeddable":true,"href":"https:\/\/vozobrera.org\/periodico\/wp-json\/wp\/v2\/categories?post=2327"},{"taxonomy":"post_tag","embeddable":true,"href":"https:\/\/vozobrera.org\/periodico\/wp-json\/wp\/v2\/tags?post=2327"}],"curies":[{"name":"wp","href":"https:\/\/api.w.org\/{rel}","templated":true}]}}