{"id":1905,"date":"2013-06-18T07:07:36","date_gmt":"2013-06-18T07:07:36","guid":{"rendered":"http:\/\/vozobrera.org\/periodico\/?p=1905"},"modified":"2013-08-06T07:08:59","modified_gmt":"2013-08-06T07:08:59","slug":"despido-fulminante-en-casal","status":"publish","type":"post","link":"https:\/\/vozobrera.org\/periodico\/despido-fulminante-en-casal\/","title":{"rendered":"DESPIDO FULMINANTE EN CASAL"},"content":{"rendered":"<p style=\"text-align: justify;\">\u00a0\u00a0\u00a0\u00a0\u00a0\u00a0\u00a0\u00a0\u00a0 Semanas atr\u00e1s nos comunicaban los compa\u00f1eros de la empresa CASAL, el despido de un conductor. La Direcci\u00f3n aplic\u00f3 \u201cdespido disciplinario\u201d, es decir, sin derecho a finiquito ni a indemnizaci\u00f3n econ\u00f3mica alguna.<\/p>\n<p style=\"text-align: justify;\">\u00a0\u00a0\u00a0\u00a0\u00a0\u00a0\u00a0\u00a0 El delito del trabajador fue el siguiente; el autob\u00fas que iba por delante se qued\u00f3 atrasado y dej\u00f3 de tomar pasaje, el compa\u00f1ero que ven\u00eda detr\u00e1s empez\u00f3 a ayudarlo, pero en una de las paradas los usuarios no levantaron la mano y este no par\u00f3. El final de la triste historia es un acuerdo de indemnizaci\u00f3n de 14.600 euros.<\/p>\n<p style=\"text-align: justify;\">\u00a0\u00a0\u00a0\u00a0\u00a0\u00a0\u00a0\u00a0\u00a0 \u00a1Si el apoyo de toda la plantilla hubiese sido masivo, el resultado seguro que hubiera sido diferente! Esto nos demuestra que s\u00f3lo somos fuertes si permanecemos unidos!<\/p>\n","protected":false},"excerpt":{"rendered":"<p>\u00a0\u00a0\u00a0\u00a0\u00a0\u00a0\u00a0\u00a0\u00a0 Semanas atr\u00e1s nos comunicaban los compa\u00f1eros de la empresa CASAL, el despido de un conductor. La Direcci\u00f3n aplic\u00f3 \u201cdespido disciplinario\u201d, es decir, sin derecho a finiquito ni a indemnizaci\u00f3n econ\u00f3mica alguna. \u00a0\u00a0\u00a0\u00a0\u00a0\u00a0\u00a0\u00a0 El delito del trabajador fue el siguiente; el autob\u00fas que iba por delante se qued\u00f3 atrasado y dej\u00f3 de tomar pasaje, el&hellip;&nbsp;<a href=\"https:\/\/vozobrera.org\/periodico\/despido-fulminante-en-casal\/\" rel=\"bookmark\">Leer m\u00e1s &raquo;<span class=\"screen-reader-text\">DESPIDO FULMINANTE EN CASAL<\/span><\/a><\/p>\n","protected":false},"author":3,"featured_media":0,"comment_status":"open","ping_status":"open","sticky":false,"template":"","format":"standard","meta":{"neve_meta_sidebar":"","neve_meta_container":"","neve_meta_enable_content_width":"","neve_meta_content_width":0,"neve_meta_title_alignment":"","neve_meta_author_avatar":"","neve_post_elements_order":"","neve_meta_disable_header":"","neve_meta_disable_footer":"","neve_meta_disable_title":"","footnotes":""},"categories":[63],"tags":[],"class_list":["post-1905","post","type-post","status-publish","format-standard","hentry","category-quincenal"],"_links":{"self":[{"href":"https:\/\/vozobrera.org\/periodico\/wp-json\/wp\/v2\/posts\/1905","targetHints":{"allow":["GET"]}}],"collection":[{"href":"https:\/\/vozobrera.org\/periodico\/wp-json\/wp\/v2\/posts"}],"about":[{"href":"https:\/\/vozobrera.org\/periodico\/wp-json\/wp\/v2\/types\/post"}],"author":[{"embeddable":true,"href":"https:\/\/vozobrera.org\/periodico\/wp-json\/wp\/v2\/users\/3"}],"replies":[{"embeddable":true,"href":"https:\/\/vozobrera.org\/periodico\/wp-json\/wp\/v2\/comments?post=1905"}],"version-history":[{"count":1,"href":"https:\/\/vozobrera.org\/periodico\/wp-json\/wp\/v2\/posts\/1905\/revisions"}],"predecessor-version":[{"id":1906,"href":"https:\/\/vozobrera.org\/periodico\/wp-json\/wp\/v2\/posts\/1905\/revisions\/1906"}],"wp:attachment":[{"href":"https:\/\/vozobrera.org\/periodico\/wp-json\/wp\/v2\/media?parent=1905"}],"wp:term":[{"taxonomy":"category","embeddable":true,"href":"https:\/\/vozobrera.org\/periodico\/wp-json\/wp\/v2\/categories?post=1905"},{"taxonomy":"post_tag","embeddable":true,"href":"https:\/\/vozobrera.org\/periodico\/wp-json\/wp\/v2\/tags?post=1905"}],"curies":[{"name":"wp","href":"https:\/\/api.w.org\/{rel}","templated":true}]}}