{"id":1798,"date":"2013-05-13T19:48:33","date_gmt":"2013-05-13T19:48:33","guid":{"rendered":"http:\/\/vozobrera.org\/periodico\/?p=1798"},"modified":"2017-12-18T19:47:05","modified_gmt":"2017-12-18T17:47:05","slug":"carga-psicosocial","status":"publish","type":"post","link":"https:\/\/vozobrera.org\/periodico\/carga-psicosocial\/","title":{"rendered":"CARGA PSICOSOCIAL"},"content":{"rendered":"<p style=\"text-align: justify;\">\u00a0\u00a0\u00a0\u00a0 \u00bfPara cu\u00e1ndo una encuesta de carga psicosocial en todos los departamentos y no s\u00f3lo en determinadas \u00e1reas de comercial? La presi\u00f3n est\u00e1 aumentando en toda la plantilla y la empresa sigue sin reconocer la carga psicosocial que genera en los trabajadores y la ansiedad que pueda estar causando en m\u00e1s de uno.<\/p>\n<p style=\"text-align: justify;\">\u00a0\u00a0\u00a0\u00a0 Hay que tener en cuenta que venimos a trabajar por un salario en condiciones dignas y no para encontrar la enfermedad mental, la carga mental o los efectos a largo plazo que pueden tener estas presiones. \u00a1La salud de los trabajadores est\u00e1 antes que cualquier par\u00e1metro de productividad!<\/p>\n","protected":false},"excerpt":{"rendered":"<p>\u00a0\u00a0\u00a0\u00a0 \u00bfPara cu\u00e1ndo una encuesta de carga psicosocial en todos los departamentos y no s\u00f3lo en determinadas \u00e1reas de comercial? La presi\u00f3n est\u00e1 aumentando en toda la plantilla y la empresa sigue sin reconocer la carga psicosocial que genera en los trabajadores y la ansiedad que pueda estar causando en m\u00e1s de uno. \u00a0\u00a0\u00a0\u00a0 Hay&hellip;&nbsp;<a href=\"https:\/\/vozobrera.org\/periodico\/carga-psicosocial\/\" rel=\"bookmark\">Leer m\u00e1s &raquo;<span class=\"screen-reader-text\">CARGA PSICOSOCIAL<\/span><\/a><\/p>\n","protected":false},"author":3,"featured_media":0,"comment_status":"open","ping_status":"open","sticky":false,"template":"","format":"standard","meta":{"neve_meta_sidebar":"","neve_meta_container":"","neve_meta_enable_content_width":"","neve_meta_content_width":0,"neve_meta_title_alignment":"","neve_meta_author_avatar":"","neve_post_elements_order":"","neve_meta_disable_header":"","neve_meta_disable_footer":"","neve_meta_disable_title":"","footnotes":""},"categories":[63,553],"tags":[],"class_list":["post-1798","post","type-post","status-publish","format-standard","hentry","category-quincenal","category-telefonica"],"_links":{"self":[{"href":"https:\/\/vozobrera.org\/periodico\/wp-json\/wp\/v2\/posts\/1798","targetHints":{"allow":["GET"]}}],"collection":[{"href":"https:\/\/vozobrera.org\/periodico\/wp-json\/wp\/v2\/posts"}],"about":[{"href":"https:\/\/vozobrera.org\/periodico\/wp-json\/wp\/v2\/types\/post"}],"author":[{"embeddable":true,"href":"https:\/\/vozobrera.org\/periodico\/wp-json\/wp\/v2\/users\/3"}],"replies":[{"embeddable":true,"href":"https:\/\/vozobrera.org\/periodico\/wp-json\/wp\/v2\/comments?post=1798"}],"version-history":[{"count":4,"href":"https:\/\/vozobrera.org\/periodico\/wp-json\/wp\/v2\/posts\/1798\/revisions"}],"predecessor-version":[{"id":7518,"href":"https:\/\/vozobrera.org\/periodico\/wp-json\/wp\/v2\/posts\/1798\/revisions\/7518"}],"wp:attachment":[{"href":"https:\/\/vozobrera.org\/periodico\/wp-json\/wp\/v2\/media?parent=1798"}],"wp:term":[{"taxonomy":"category","embeddable":true,"href":"https:\/\/vozobrera.org\/periodico\/wp-json\/wp\/v2\/categories?post=1798"},{"taxonomy":"post_tag","embeddable":true,"href":"https:\/\/vozobrera.org\/periodico\/wp-json\/wp\/v2\/tags?post=1798"}],"curies":[{"name":"wp","href":"https:\/\/api.w.org\/{rel}","templated":true}]}}