{"id":17607,"date":"2026-09-02T13:30:31","date_gmt":"2026-09-02T11:30:31","guid":{"rendered":"https:\/\/vozobrera.org\/periodico\/?p=17607"},"modified":"2026-09-02T13:30:31","modified_gmt":"2026-09-02T11:30:31","slug":"la-plantilla-de-airbus-decide-continuar-con-la-huelga","status":"publish","type":"post","link":"https:\/\/vozobrera.org\/periodico\/la-plantilla-de-airbus-decide-continuar-con-la-huelga\/","title":{"rendered":"La plantilla de Airbus decide continuar con la huelga"},"content":{"rendered":"<p style=\"text-align: justify;\">Tras las vacaciones, desde el d\u00eda 24 de agosto la plantilla de Airbus ha seguido en huelga indefinida. La empresa no solo no resuelve las reivindicaciones, sino que ahora ofrece peores condiciones que en el acuerdo de julio.<\/p>\n<p style=\"text-align: justify;\">La nueva responsable global de RRHH, Carmen Maja Rex, ha llegado con amenazas de llevarse la carga de trabajo a otros pa\u00edses. Pero sabemos bien que esto no depende de la de la huelga ni de los trabajadores, sino de su b\u00fasqueda de maximizaci\u00f3n de beneficios. Es algo que pueden decidir en cualquier momento, seg\u00fan los intereses de la direcci\u00f3n. Ya lo vimos en Puerto Real: paralizar la huelga no garantiz\u00f3 que la f\u00e1brica siguiera abierta.<\/p>\n<p style=\"text-align: justify;\">Adem\u00e1s, en la mesa de negociaci\u00f3n dicen que \u201ccon la huelga activa no avanzan las negociaciones\u201d, lo que supone una clara vulneraci\u00f3n del derecho a huelga. Queda claro lo que quieren: empleados sumisos, obedientes y mal pagados para aumentar sus beneficios a costa de la explotaci\u00f3n de los trabajadores. Pese a todo: la huelga ya ha dado sus primeros resultados, pues la empresa ha renunciado a aplicar el sistema de productividad Bradford, odiado por los empleados. Pero se han topado con una plantilla valiente y que no se amedrenta f\u00e1cilmente. \u00a1Esto no se para!<\/p>\n<p style=\"text-align: justify;\"><strong>Los trabajadores de Airbus votan no a pausar la huelga<\/strong><\/p>\n<p style=\"text-align: justify;\">Este lunes 31 de agosto, los trabajadores de Airbus decidieron no pausar la huelga indefinida con un 81,2% de los votos de los centros de Getafe (Madrid), San Pablo y Tablada (Sevilla). Por su parte, un 16,4% eligi\u00f3 lo contrario con 2,4% de abstenciones. Por su parte, Illescas (Toledo) vot\u00f3 que no pausaba el viernes y en Albacete y C\u00e1diz se han abstenido, aceptando la decisi\u00f3n de la mayor\u00eda. La propuesta parti\u00f3 de la propia compa\u00f1\u00eda y de su negativa a negociar con la huelga en activo, proponiendo a los sindicatos \u2014CGT, UGT y UTIL\u2014 pausar un d\u00eda para negociar, quienes trasladaron esta consulta a todas las asambleas.<\/p>\n<p style=\"text-align: justify;\">Tras un fin de semana de deliberaci\u00f3n, los trabajadores decidieron por m\u00e1s de un 80% en la votaci\u00f3n celebrada el 31 de agosto que no se iba a pausar y que iban a continuar la huelga. Los motivos fueron claros:<br \/>\n&#8211; La empresa no ha cumplido el grueso de las reivindicaciones (\u00fanicamente ha retirado el sistema Bradford \u00a1lo cual ya es un verdadero logro de la huelga!). Pero se ha negado a negociar y no ha ofrecido nada s\u00f3lido en materia del IPC y vacaciones y teletrabajo lo deja igual<br \/>\n&#8211; La propuesta de pausa se ve mayoritariamente como una maniobra patronal para dividir a los trabajadores y lograr que entren a trabajar es \u201cdarle ox\u00edgeno a la empresa\u201d<\/p>\n<p style=\"text-align: justify;\">La respuesta de los trabajadores se da en un contexto de enorme presi\u00f3n para ellos: la empresa ha comenzado la negociaci\u00f3n con la pol\u00edtica del miedo: amenazando con llevarse cargas de trabajo fuera, parar las contrataciones o cerrar f\u00e1bricas. Por si fuera poco, el ministro de Industria y Turismo, Jordi Hereu, amenaz\u00f3 con \u201cintervenir en la huelga\u201d si no hay acuerdo.<\/p>\n<p style=\"text-align: justify;\">Los contratos de Defensa contra\u00eddos con Francia, Alemania y Espa\u00f1a (recordemos que el Gobierno tiene participaci\u00f3n en la compa\u00f1\u00eda con la SEPI, el 4,08%) han sido usados de excusa para defender los beneficios de los accionistas\u2026 \u00a1Bajo la excusa de la \u201cseguridad europea\u201d! Adem\u00e1s, la empresa amenaza con cerrar la reuni\u00f3n del SIMA (Servicio Interconfederal de Mediaci\u00f3n y Arbitraje formado por patronal y sindicatos) con los sindicatos que apoyan la huelga, para volver a pactar con los sindicatos que traicionaron a las asambleas en julio aceptando un acuerdo lesivo para la plantilla.<\/p>\n<p style=\"text-align: justify;\">Los trabajadores no pueden esperar buena fe de la compa\u00f1\u00eda y no pueden esperar nada del Estado, solo confiar en sus propias fuerzas. Y han identificado correctamente que su verdadera arma es la huelga. \u00a1Viva la lucha de los trabajadores de Airbus!<\/p>\n<p style=\"text-align: justify;\"><strong>El de Airbus es un problema pol\u00edtico<\/strong><\/p>\n<p style=\"text-align: justify;\">La empresa busca recuperar el modelo antiguo de concertaci\u00f3n sindical con organizaciones integradas en el Estado \u2014 como CCOO\u2014, acostumbradas a preguntar a los trabajadores si aceptan un acuerdo ya pactado de antemano con la patronal, para hacerlo cumplir. El conflicto trasciende el plano puramente econ\u00f3mico de los n\u00fameros y se convierte en un problema pol\u00edtico. En reuniones privadas con algunos dirigentes sindicales, la multinacional ha manifestado abiertamente que no va a negociar con la asamblea de trabajadores. Es decir, una gran corporaci\u00f3n se niega a negociar con los trabajadores organizados democr\u00e1ticamente, prefiriendo interlocutores que controlen a una plantilla sumisa.<\/p>\n<p style=\"text-align: justify;\">La negativa a aceptar la verdadera democracia obrera responde a una realidad fundamental: es el poder obrero frente al poder de la patronal, evidenciando intereses contrapuestos: la pura lucha de clases.<\/p>\n","protected":false},"excerpt":{"rendered":"<p>Tras las vacaciones, desde el d\u00eda 24 de agosto la plantilla de Airbus ha seguido en huelga indefinida. La empresa no solo no resuelve las reivindicaciones, sino que ahora ofrece peores condiciones que en el acuerdo de julio. La nueva responsable global de RRHH, Carmen Maja Rex, ha llegado con amenazas de llevarse la carga&hellip;&nbsp;<a href=\"https:\/\/vozobrera.org\/periodico\/la-plantilla-de-airbus-decide-continuar-con-la-huelga\/\" rel=\"bookmark\">Leer m\u00e1s &raquo;<span class=\"screen-reader-text\">La plantilla de Airbus decide continuar con la huelga<\/span><\/a><\/p>\n","protected":false},"author":5,"featured_media":0,"comment_status":"closed","ping_status":"closed","sticky":false,"template":"","format":"standard","meta":{"neve_meta_sidebar":"","neve_meta_container":"","neve_meta_enable_content_width":"off","neve_meta_content_width":70,"neve_meta_title_alignment":"","neve_meta_author_avatar":"","neve_post_elements_order":"","neve_meta_disable_header":"","neve_meta_disable_footer":"","neve_meta_disable_title":"","footnotes":""},"categories":[10],"tags":[700],"class_list":["post-17607","post","type-post","status-publish","format-standard","hentry","category-mensual","tag-sep26"],"yoast_head":"<!-- This site is optimized with the Yoast SEO plugin v28.4 - https:\/\/yoast.com\/product\/yoast-seo-wordpress\/ -->\n<title>La plantilla de Airbus decide continuar con la huelga | Voz Obrera<\/title>\n<meta name=\"description\" content=\"Tras las vacaciones, desde el d\u00eda 24 de agosto la plantilla de Airbus ha seguido en huelga indefinida. La empresa no solo no resuelve las\" \/>\n<meta name=\"robots\" content=\"index, follow, max-snippet:-1, max-image-preview:large, max-video-preview:-1\" \/>\n<link rel=\"canonical\" href=\"https:\/\/vozobrera.org\/periodico\/la-plantilla-de-airbus-decide-continuar-con-la-huelga\/\" \/>\n<meta property=\"og:locale\" content=\"es_ES\" \/>\n<meta property=\"og:type\" content=\"article\" \/>\n<meta property=\"og:title\" content=\"La plantilla de Airbus decide continuar con la huelga | Voz Obrera\" \/>\n<meta property=\"og:description\" content=\"Tras las vacaciones, desde el d\u00eda 24 de agosto la plantilla de Airbus ha seguido en huelga indefinida. La empresa no solo no resuelve las\" \/>\n<meta property=\"og:url\" content=\"https:\/\/vozobrera.org\/periodico\/la-plantilla-de-airbus-decide-continuar-con-la-huelga\/\" \/>\n<meta property=\"og:site_name\" content=\"Voz Obrera\" \/>\n<meta property=\"article:published_time\" content=\"2026-09-02T11:30:31+00:00\" \/>\n<meta name=\"author\" content=\"Voz Obrera\" \/>\n<meta name=\"twitter:card\" content=\"summary_large_image\" \/>\n<meta name=\"twitter:label1\" content=\"Escrito por\" \/>\n\t<meta name=\"twitter:data1\" content=\"Voz Obrera\" \/>\n\t<meta name=\"twitter:label2\" content=\"Tiempo de lectura\" \/>\n\t<meta name=\"twitter:data2\" content=\"4 minutos\" \/>\n<script type=\"application\/ld+json\" class=\"yoast-schema-graph\">{\"@context\":\"https:\\\/\\\/schema.org\",\"@graph\":[{\"@type\":\"Article\",\"@id\":\"https:\\\/\\\/vozobrera.org\\\/periodico\\\/la-plantilla-de-airbus-decide-continuar-con-la-huelga\\\/#article\",\"isPartOf\":{\"@id\":\"https:\\\/\\\/vozobrera.org\\\/periodico\\\/la-plantilla-de-airbus-decide-continuar-con-la-huelga\\\/\"},\"author\":{\"name\":\"Voz Obrera\",\"@id\":\"https:\\\/\\\/vozobrera.org\\\/periodico\\\/#\\\/schema\\\/person\\\/89186dfca9d430042515d0f170d7d2ad\"},\"headline\":\"La plantilla de Airbus decide continuar con la huelga\",\"datePublished\":\"2026-09-02T11:30:31+00:00\",\"mainEntityOfPage\":{\"@id\":\"https:\\\/\\\/vozobrera.org\\\/periodico\\\/la-plantilla-de-airbus-decide-continuar-con-la-huelga\\\/\"},\"wordCount\":819,\"publisher\":{\"@id\":\"https:\\\/\\\/vozobrera.org\\\/periodico\\\/#organization\"},\"keywords\":[\"SEP26\"],\"articleSection\":[\"Mensual\"],\"inLanguage\":\"es\"},{\"@type\":\"WebPage\",\"@id\":\"https:\\\/\\\/vozobrera.org\\\/periodico\\\/la-plantilla-de-airbus-decide-continuar-con-la-huelga\\\/\",\"url\":\"https:\\\/\\\/vozobrera.org\\\/periodico\\\/la-plantilla-de-airbus-decide-continuar-con-la-huelga\\\/\",\"name\":\"La plantilla de Airbus decide continuar con la huelga | Voz Obrera\",\"isPartOf\":{\"@id\":\"https:\\\/\\\/vozobrera.org\\\/periodico\\\/#website\"},\"datePublished\":\"2026-09-02T11:30:31+00:00\",\"description\":\"Tras las vacaciones, desde el d\u00eda 24 de agosto la plantilla de Airbus ha seguido en huelga indefinida. La empresa no solo no resuelve las\",\"breadcrumb\":{\"@id\":\"https:\\\/\\\/vozobrera.org\\\/periodico\\\/la-plantilla-de-airbus-decide-continuar-con-la-huelga\\\/#breadcrumb\"},\"inLanguage\":\"es\",\"potentialAction\":[{\"@type\":\"ReadAction\",\"target\":[\"https:\\\/\\\/vozobrera.org\\\/periodico\\\/la-plantilla-de-airbus-decide-continuar-con-la-huelga\\\/\"]}]},{\"@type\":\"BreadcrumbList\",\"@id\":\"https:\\\/\\\/vozobrera.org\\\/periodico\\\/la-plantilla-de-airbus-decide-continuar-con-la-huelga\\\/#breadcrumb\",\"itemListElement\":[{\"@type\":\"ListItem\",\"position\":1,\"name\":\"Portada\",\"item\":\"https:\\\/\\\/vozobrera.org\\\/periodico\\\/\"},{\"@type\":\"ListItem\",\"position\":2,\"name\":\"La plantilla de Airbus decide continuar con la huelga\"}]},{\"@type\":\"WebSite\",\"@id\":\"https:\\\/\\\/vozobrera.org\\\/periodico\\\/#website\",\"url\":\"https:\\\/\\\/vozobrera.org\\\/periodico\\\/\",\"name\":\"Voz Obrera\",\"description\":\"Uni\u00f3n Comunista Internacionalista\",\"publisher\":{\"@id\":\"https:\\\/\\\/vozobrera.org\\\/periodico\\\/#organization\"},\"potentialAction\":[{\"@type\":\"SearchAction\",\"target\":{\"@type\":\"EntryPoint\",\"urlTemplate\":\"https:\\\/\\\/vozobrera.org\\\/periodico\\\/?s={search_term_string}\"},\"query-input\":{\"@type\":\"PropertyValueSpecification\",\"valueRequired\":true,\"valueName\":\"search_term_string\"}}],\"inLanguage\":\"es\"},{\"@type\":\"Organization\",\"@id\":\"https:\\\/\\\/vozobrera.org\\\/periodico\\\/#organization\",\"name\":\"voz obrera\",\"url\":\"https:\\\/\\\/vozobrera.org\\\/periodico\\\/\",\"logo\":{\"@type\":\"ImageObject\",\"inLanguage\":\"es\",\"@id\":\"https:\\\/\\\/vozobrera.org\\\/periodico\\\/#\\\/schema\\\/logo\\\/image\\\/\",\"url\":\"https:\\\/\\\/vozobrera.org\\\/periodico\\\/wp-content\\\/uploads\\\/2020\\\/07\\\/cropped-bandera_mitad_cuarto.png\",\"contentUrl\":\"https:\\\/\\\/vozobrera.org\\\/periodico\\\/wp-content\\\/uploads\\\/2020\\\/07\\\/cropped-bandera_mitad_cuarto.png\",\"width\":636,\"height\":222,\"caption\":\"voz obrera\"},\"image\":{\"@id\":\"https:\\\/\\\/vozobrera.org\\\/periodico\\\/#\\\/schema\\\/logo\\\/image\\\/\"},\"sameAs\":[\"https:\\\/\\\/www.instagram.com\\\/voz.obrera\\\/\"]},{\"@type\":\"Person\",\"@id\":\"https:\\\/\\\/vozobrera.org\\\/periodico\\\/#\\\/schema\\\/person\\\/89186dfca9d430042515d0f170d7d2ad\",\"name\":\"Voz Obrera\",\"image\":{\"@type\":\"ImageObject\",\"inLanguage\":\"es\",\"@id\":\"https:\\\/\\\/secure.gravatar.com\\\/avatar\\\/88146f3afc8434eee17c4a99d06699bfeedb3b68ea3847ee3d9dc5faa628f6d2?s=96&d=mm&r=g\",\"url\":\"https:\\\/\\\/secure.gravatar.com\\\/avatar\\\/88146f3afc8434eee17c4a99d06699bfeedb3b68ea3847ee3d9dc5faa628f6d2?s=96&d=mm&r=g\",\"contentUrl\":\"https:\\\/\\\/secure.gravatar.com\\\/avatar\\\/88146f3afc8434eee17c4a99d06699bfeedb3b68ea3847ee3d9dc5faa628f6d2?s=96&d=mm&r=g\",\"caption\":\"Voz Obrera\"},\"sameAs\":[\"http:\\\/\\\/www.vozobrera.org\"],\"url\":\"https:\\\/\\\/vozobrera.org\\\/periodico\\\/author\\\/vozobrera\\\/\"}]}<\/script>\n<!-- \/ Yoast SEO plugin. -->","yoast_head_json":{"title":"La plantilla de Airbus decide continuar con la huelga | Voz Obrera","description":"Tras las vacaciones, desde el d\u00eda 24 de agosto la plantilla de Airbus ha seguido en huelga indefinida. La empresa no solo no resuelve las","robots":{"index":"index","follow":"follow","max-snippet":"max-snippet:-1","max-image-preview":"max-image-preview:large","max-video-preview":"max-video-preview:-1"},"canonical":"https:\/\/vozobrera.org\/periodico\/la-plantilla-de-airbus-decide-continuar-con-la-huelga\/","og_locale":"es_ES","og_type":"article","og_title":"La plantilla de Airbus decide continuar con la huelga | Voz Obrera","og_description":"Tras las vacaciones, desde el d\u00eda 24 de agosto la plantilla de Airbus ha seguido en huelga indefinida. La empresa no solo no resuelve las","og_url":"https:\/\/vozobrera.org\/periodico\/la-plantilla-de-airbus-decide-continuar-con-la-huelga\/","og_site_name":"Voz Obrera","article_published_time":"2026-09-02T11:30:31+00:00","author":"Voz Obrera","twitter_card":"summary_large_image","twitter_misc":{"Escrito por":"Voz Obrera","Tiempo de lectura":"4 minutos"},"schema":{"@context":"https:\/\/schema.org","@graph":[{"@type":"Article","@id":"https:\/\/vozobrera.org\/periodico\/la-plantilla-de-airbus-decide-continuar-con-la-huelga\/#article","isPartOf":{"@id":"https:\/\/vozobrera.org\/periodico\/la-plantilla-de-airbus-decide-continuar-con-la-huelga\/"},"author":{"name":"Voz Obrera","@id":"https:\/\/vozobrera.org\/periodico\/#\/schema\/person\/89186dfca9d430042515d0f170d7d2ad"},"headline":"La plantilla de Airbus decide continuar con la huelga","datePublished":"2026-09-02T11:30:31+00:00","mainEntityOfPage":{"@id":"https:\/\/vozobrera.org\/periodico\/la-plantilla-de-airbus-decide-continuar-con-la-huelga\/"},"wordCount":819,"publisher":{"@id":"https:\/\/vozobrera.org\/periodico\/#organization"},"keywords":["SEP26"],"articleSection":["Mensual"],"inLanguage":"es"},{"@type":"WebPage","@id":"https:\/\/vozobrera.org\/periodico\/la-plantilla-de-airbus-decide-continuar-con-la-huelga\/","url":"https:\/\/vozobrera.org\/periodico\/la-plantilla-de-airbus-decide-continuar-con-la-huelga\/","name":"La plantilla de Airbus decide continuar con la huelga | Voz Obrera","isPartOf":{"@id":"https:\/\/vozobrera.org\/periodico\/#website"},"datePublished":"2026-09-02T11:30:31+00:00","description":"Tras las vacaciones, desde el d\u00eda 24 de agosto la plantilla de Airbus ha seguido en huelga indefinida. La empresa no solo no resuelve las","breadcrumb":{"@id":"https:\/\/vozobrera.org\/periodico\/la-plantilla-de-airbus-decide-continuar-con-la-huelga\/#breadcrumb"},"inLanguage":"es","potentialAction":[{"@type":"ReadAction","target":["https:\/\/vozobrera.org\/periodico\/la-plantilla-de-airbus-decide-continuar-con-la-huelga\/"]}]},{"@type":"BreadcrumbList","@id":"https:\/\/vozobrera.org\/periodico\/la-plantilla-de-airbus-decide-continuar-con-la-huelga\/#breadcrumb","itemListElement":[{"@type":"ListItem","position":1,"name":"Portada","item":"https:\/\/vozobrera.org\/periodico\/"},{"@type":"ListItem","position":2,"name":"La plantilla de Airbus decide continuar con la huelga"}]},{"@type":"WebSite","@id":"https:\/\/vozobrera.org\/periodico\/#website","url":"https:\/\/vozobrera.org\/periodico\/","name":"Voz Obrera","description":"Uni\u00f3n Comunista Internacionalista","publisher":{"@id":"https:\/\/vozobrera.org\/periodico\/#organization"},"potentialAction":[{"@type":"SearchAction","target":{"@type":"EntryPoint","urlTemplate":"https:\/\/vozobrera.org\/periodico\/?s={search_term_string}"},"query-input":{"@type":"PropertyValueSpecification","valueRequired":true,"valueName":"search_term_string"}}],"inLanguage":"es"},{"@type":"Organization","@id":"https:\/\/vozobrera.org\/periodico\/#organization","name":"voz obrera","url":"https:\/\/vozobrera.org\/periodico\/","logo":{"@type":"ImageObject","inLanguage":"es","@id":"https:\/\/vozobrera.org\/periodico\/#\/schema\/logo\/image\/","url":"https:\/\/vozobrera.org\/periodico\/wp-content\/uploads\/2020\/07\/cropped-bandera_mitad_cuarto.png","contentUrl":"https:\/\/vozobrera.org\/periodico\/wp-content\/uploads\/2020\/07\/cropped-bandera_mitad_cuarto.png","width":636,"height":222,"caption":"voz obrera"},"image":{"@id":"https:\/\/vozobrera.org\/periodico\/#\/schema\/logo\/image\/"},"sameAs":["https:\/\/www.instagram.com\/voz.obrera\/"]},{"@type":"Person","@id":"https:\/\/vozobrera.org\/periodico\/#\/schema\/person\/89186dfca9d430042515d0f170d7d2ad","name":"Voz Obrera","image":{"@type":"ImageObject","inLanguage":"es","@id":"https:\/\/secure.gravatar.com\/avatar\/88146f3afc8434eee17c4a99d06699bfeedb3b68ea3847ee3d9dc5faa628f6d2?s=96&d=mm&r=g","url":"https:\/\/secure.gravatar.com\/avatar\/88146f3afc8434eee17c4a99d06699bfeedb3b68ea3847ee3d9dc5faa628f6d2?s=96&d=mm&r=g","contentUrl":"https:\/\/secure.gravatar.com\/avatar\/88146f3afc8434eee17c4a99d06699bfeedb3b68ea3847ee3d9dc5faa628f6d2?s=96&d=mm&r=g","caption":"Voz Obrera"},"sameAs":["http:\/\/www.vozobrera.org"],"url":"https:\/\/vozobrera.org\/periodico\/author\/vozobrera\/"}]}},"_links":{"self":[{"href":"https:\/\/vozobrera.org\/periodico\/wp-json\/wp\/v2\/posts\/17607","targetHints":{"allow":["GET"]}}],"collection":[{"href":"https:\/\/vozobrera.org\/periodico\/wp-json\/wp\/v2\/posts"}],"about":[{"href":"https:\/\/vozobrera.org\/periodico\/wp-json\/wp\/v2\/types\/post"}],"author":[{"embeddable":true,"href":"https:\/\/vozobrera.org\/periodico\/wp-json\/wp\/v2\/users\/5"}],"replies":[{"embeddable":true,"href":"https:\/\/vozobrera.org\/periodico\/wp-json\/wp\/v2\/comments?post=17607"}],"version-history":[{"count":1,"href":"https:\/\/vozobrera.org\/periodico\/wp-json\/wp\/v2\/posts\/17607\/revisions"}],"predecessor-version":[{"id":17608,"href":"https:\/\/vozobrera.org\/periodico\/wp-json\/wp\/v2\/posts\/17607\/revisions\/17608"}],"wp:attachment":[{"href":"https:\/\/vozobrera.org\/periodico\/wp-json\/wp\/v2\/media?parent=17607"}],"wp:term":[{"taxonomy":"category","embeddable":true,"href":"https:\/\/vozobrera.org\/periodico\/wp-json\/wp\/v2\/categories?post=17607"},{"taxonomy":"post_tag","embeddable":true,"href":"https:\/\/vozobrera.org\/periodico\/wp-json\/wp\/v2\/tags?post=17607"}],"curies":[{"name":"wp","href":"https:\/\/api.w.org\/{rel}","templated":true}]}}