{"id":17605,"date":"2026-09-02T13:27:19","date_gmt":"2026-09-02T11:27:19","guid":{"rendered":"https:\/\/vozobrera.org\/periodico\/?p=17605"},"modified":"2026-09-02T13:27:19","modified_gmt":"2026-09-02T11:27:19","slug":"las-muertes-en-el-trabajo-detras-de-las-cadenas-de-subcontratacion-en-madrid","status":"publish","type":"post","link":"https:\/\/vozobrera.org\/periodico\/las-muertes-en-el-trabajo-detras-de-las-cadenas-de-subcontratacion-en-madrid\/","title":{"rendered":"Las muertes en el trabajo detr\u00e1s de las cadenas de subcontrataci\u00f3n en Madrid"},"content":{"rendered":"<p style=\"text-align: justify;\">En lo que va de a\u00f1o, seg\u00fan El Pa\u00eds, se concentran 45 muertes en el sector de la construcci\u00f3n y servicios en la Comunidad de Madrid. Seg\u00fan datos de UGT, en todo el pa\u00eds se contabilizan 377 muertes en lo que va de a\u00f1o. En una sola comunidad aut\u00f3noma se acumula en dos sectores m\u00e1s de una d\u00e9cima parte de todas las muertes laborales de todo el pa\u00eds, reflejando c\u00f3mo la presi\u00f3n en los ritmos y la precariedad en los tajos devoran vidas a un ritmo insostenible.<\/p>\n<p style=\"text-align: justify;\">Salvo excepciones, las subcontratas son las que m\u00e1s empujan a sus plantillas a realizar el mayor n\u00famero de trabajos al menor costo posible. Ese costo no solo se traduce en recortes de salario, tambi\u00e9n se recortan medios preventivos. Se anteponen los beneficios a la seguridad y la salud. La causa \u00faltima es la precariedad laboral a la que nos vemos arrastrados los trabajadores: por mantener el empleo y ganar un sueldo que no da para vivir nos vemos obligados a hacer cosas que no deber\u00edamos hacer, en menos tiempo del que har\u00eda falta, sin medidas de seguridad adecuadas y con menos personal del que fuera necesario.<\/p>\n<p style=\"text-align: justify;\">La subcontrata solo resulta rentable si recorta costes y para ellos la seguridad y la vida es eso, un coste, que no tiene nada que hacer frente al sacrosanto lucro. En Espa\u00f1a se permiten hasta tres niveles de subcontrataci\u00f3n, que permiten a las empresas matrices no responsabilizarse de los accidentes, echarse la pelota unas a otras y dejan a los trabajadores en una mayor indefensi\u00f3n. Es la espada de Damocles del capitalismo: para sobrevivir debes vender tu fuerza de trabajo al capitalista, que es due\u00f1o de las empresas y dicta las normas. Es la dictadura de la patronal: o lo tomas o lo dejas. Y esto hay que denunciarlo, no basta solo con mostrar las cifras cada a\u00f1o. Hay que citar y denunciar a los empresarios que se enriquecen con estas pr\u00e1cticas.<\/p>\n<p style=\"text-align: justify;\">Esto solo puede pararse si los trabajadores decimos \u00a1Basta ya! Y hacemos valer nuestros derechos. Y mandamos este sistema al cubo de la basura de la historia.<\/p>\n","protected":false},"excerpt":{"rendered":"<p>En lo que va de a\u00f1o, seg\u00fan El Pa\u00eds, se concentran 45 muertes en el sector de la construcci\u00f3n y servicios en la Comunidad de Madrid. Seg\u00fan datos de UGT, en todo el pa\u00eds se contabilizan 377 muertes en lo que va de a\u00f1o. En una sola comunidad aut\u00f3noma se acumula en dos sectores m\u00e1s&hellip;&nbsp;<a href=\"https:\/\/vozobrera.org\/periodico\/las-muertes-en-el-trabajo-detras-de-las-cadenas-de-subcontratacion-en-madrid\/\" rel=\"bookmark\">Leer m\u00e1s &raquo;<span class=\"screen-reader-text\">Las muertes en el trabajo detr\u00e1s de las cadenas de subcontrataci\u00f3n en Madrid<\/span><\/a><\/p>\n","protected":false},"author":5,"featured_media":0,"comment_status":"closed","ping_status":"closed","sticky":false,"template":"","format":"standard","meta":{"neve_meta_sidebar":"","neve_meta_container":"","neve_meta_enable_content_width":"off","neve_meta_content_width":70,"neve_meta_title_alignment":"","neve_meta_author_avatar":"","neve_post_elements_order":"","neve_meta_disable_header":"","neve_meta_disable_footer":"","neve_meta_disable_title":"","footnotes":""},"categories":[10],"tags":[700],"class_list":["post-17605","post","type-post","status-publish","format-standard","hentry","category-mensual","tag-sep26"],"yoast_head":"<!-- This site is optimized with the Yoast SEO plugin v28.4 - https:\/\/yoast.com\/product\/yoast-seo-wordpress\/ -->\n<title>Las muertes en el trabajo detr\u00e1s de las cadenas de subcontrataci\u00f3n en Madrid | Voz Obrera<\/title>\n<meta name=\"description\" content=\"En lo que va de a\u00f1o, seg\u00fan El Pa\u00eds, se concentran 45 muertes en el sector de la construcci\u00f3n y servicios en la Comunidad de Madrid. Seg\u00fan datos de UGT, en\" \/>\n<meta name=\"robots\" content=\"index, follow, max-snippet:-1, max-image-preview:large, max-video-preview:-1\" \/>\n<link rel=\"canonical\" href=\"https:\/\/vozobrera.org\/periodico\/las-muertes-en-el-trabajo-detras-de-las-cadenas-de-subcontratacion-en-madrid\/\" \/>\n<meta property=\"og:locale\" content=\"es_ES\" \/>\n<meta property=\"og:type\" content=\"article\" \/>\n<meta property=\"og:title\" content=\"Las muertes en el trabajo detr\u00e1s de las cadenas de subcontrataci\u00f3n en Madrid | Voz Obrera\" \/>\n<meta property=\"og:description\" content=\"En lo que va de a\u00f1o, seg\u00fan El Pa\u00eds, se concentran 45 muertes en el sector de la construcci\u00f3n y servicios en la Comunidad de Madrid. Seg\u00fan datos de UGT, en\" \/>\n<meta property=\"og:url\" content=\"https:\/\/vozobrera.org\/periodico\/las-muertes-en-el-trabajo-detras-de-las-cadenas-de-subcontratacion-en-madrid\/\" \/>\n<meta property=\"og:site_name\" content=\"Voz Obrera\" \/>\n<meta property=\"article:published_time\" content=\"2026-09-02T11:27:19+00:00\" \/>\n<meta name=\"author\" content=\"Voz Obrera\" \/>\n<meta name=\"twitter:card\" content=\"summary_large_image\" \/>\n<meta name=\"twitter:label1\" content=\"Escrito por\" \/>\n\t<meta name=\"twitter:data1\" content=\"Voz Obrera\" \/>\n\t<meta name=\"twitter:label2\" content=\"Tiempo de lectura\" \/>\n\t<meta name=\"twitter:data2\" content=\"2 minutos\" \/>\n<script type=\"application\/ld+json\" class=\"yoast-schema-graph\">{\"@context\":\"https:\\\/\\\/schema.org\",\"@graph\":[{\"@type\":\"Article\",\"@id\":\"https:\\\/\\\/vozobrera.org\\\/periodico\\\/las-muertes-en-el-trabajo-detras-de-las-cadenas-de-subcontratacion-en-madrid\\\/#article\",\"isPartOf\":{\"@id\":\"https:\\\/\\\/vozobrera.org\\\/periodico\\\/las-muertes-en-el-trabajo-detras-de-las-cadenas-de-subcontratacion-en-madrid\\\/\"},\"author\":{\"name\":\"Voz Obrera\",\"@id\":\"https:\\\/\\\/vozobrera.org\\\/periodico\\\/#\\\/schema\\\/person\\\/89186dfca9d430042515d0f170d7d2ad\"},\"headline\":\"Las muertes en el trabajo detr\u00e1s de las cadenas de subcontrataci\u00f3n en Madrid\",\"datePublished\":\"2026-09-02T11:27:19+00:00\",\"mainEntityOfPage\":{\"@id\":\"https:\\\/\\\/vozobrera.org\\\/periodico\\\/las-muertes-en-el-trabajo-detras-de-las-cadenas-de-subcontratacion-en-madrid\\\/\"},\"wordCount\":389,\"publisher\":{\"@id\":\"https:\\\/\\\/vozobrera.org\\\/periodico\\\/#organization\"},\"keywords\":[\"SEP26\"],\"articleSection\":[\"Mensual\"],\"inLanguage\":\"es\"},{\"@type\":\"WebPage\",\"@id\":\"https:\\\/\\\/vozobrera.org\\\/periodico\\\/las-muertes-en-el-trabajo-detras-de-las-cadenas-de-subcontratacion-en-madrid\\\/\",\"url\":\"https:\\\/\\\/vozobrera.org\\\/periodico\\\/las-muertes-en-el-trabajo-detras-de-las-cadenas-de-subcontratacion-en-madrid\\\/\",\"name\":\"Las muertes en el trabajo detr\u00e1s de las cadenas de subcontrataci\u00f3n en Madrid | Voz Obrera\",\"isPartOf\":{\"@id\":\"https:\\\/\\\/vozobrera.org\\\/periodico\\\/#website\"},\"datePublished\":\"2026-09-02T11:27:19+00:00\",\"description\":\"En lo que va de a\u00f1o, seg\u00fan El Pa\u00eds, se concentran 45 muertes en el sector de la construcci\u00f3n y servicios en la Comunidad de Madrid. Seg\u00fan datos de UGT, en\",\"breadcrumb\":{\"@id\":\"https:\\\/\\\/vozobrera.org\\\/periodico\\\/las-muertes-en-el-trabajo-detras-de-las-cadenas-de-subcontratacion-en-madrid\\\/#breadcrumb\"},\"inLanguage\":\"es\",\"potentialAction\":[{\"@type\":\"ReadAction\",\"target\":[\"https:\\\/\\\/vozobrera.org\\\/periodico\\\/las-muertes-en-el-trabajo-detras-de-las-cadenas-de-subcontratacion-en-madrid\\\/\"]}]},{\"@type\":\"BreadcrumbList\",\"@id\":\"https:\\\/\\\/vozobrera.org\\\/periodico\\\/las-muertes-en-el-trabajo-detras-de-las-cadenas-de-subcontratacion-en-madrid\\\/#breadcrumb\",\"itemListElement\":[{\"@type\":\"ListItem\",\"position\":1,\"name\":\"Portada\",\"item\":\"https:\\\/\\\/vozobrera.org\\\/periodico\\\/\"},{\"@type\":\"ListItem\",\"position\":2,\"name\":\"Las muertes en el trabajo detr\u00e1s de las cadenas de subcontrataci\u00f3n en Madrid\"}]},{\"@type\":\"WebSite\",\"@id\":\"https:\\\/\\\/vozobrera.org\\\/periodico\\\/#website\",\"url\":\"https:\\\/\\\/vozobrera.org\\\/periodico\\\/\",\"name\":\"Voz Obrera\",\"description\":\"Uni\u00f3n Comunista Internacionalista\",\"publisher\":{\"@id\":\"https:\\\/\\\/vozobrera.org\\\/periodico\\\/#organization\"},\"potentialAction\":[{\"@type\":\"SearchAction\",\"target\":{\"@type\":\"EntryPoint\",\"urlTemplate\":\"https:\\\/\\\/vozobrera.org\\\/periodico\\\/?s={search_term_string}\"},\"query-input\":{\"@type\":\"PropertyValueSpecification\",\"valueRequired\":true,\"valueName\":\"search_term_string\"}}],\"inLanguage\":\"es\"},{\"@type\":\"Organization\",\"@id\":\"https:\\\/\\\/vozobrera.org\\\/periodico\\\/#organization\",\"name\":\"voz obrera\",\"url\":\"https:\\\/\\\/vozobrera.org\\\/periodico\\\/\",\"logo\":{\"@type\":\"ImageObject\",\"inLanguage\":\"es\",\"@id\":\"https:\\\/\\\/vozobrera.org\\\/periodico\\\/#\\\/schema\\\/logo\\\/image\\\/\",\"url\":\"https:\\\/\\\/vozobrera.org\\\/periodico\\\/wp-content\\\/uploads\\\/2020\\\/07\\\/cropped-bandera_mitad_cuarto.png\",\"contentUrl\":\"https:\\\/\\\/vozobrera.org\\\/periodico\\\/wp-content\\\/uploads\\\/2020\\\/07\\\/cropped-bandera_mitad_cuarto.png\",\"width\":636,\"height\":222,\"caption\":\"voz obrera\"},\"image\":{\"@id\":\"https:\\\/\\\/vozobrera.org\\\/periodico\\\/#\\\/schema\\\/logo\\\/image\\\/\"},\"sameAs\":[\"https:\\\/\\\/www.instagram.com\\\/voz.obrera\\\/\"]},{\"@type\":\"Person\",\"@id\":\"https:\\\/\\\/vozobrera.org\\\/periodico\\\/#\\\/schema\\\/person\\\/89186dfca9d430042515d0f170d7d2ad\",\"name\":\"Voz Obrera\",\"image\":{\"@type\":\"ImageObject\",\"inLanguage\":\"es\",\"@id\":\"https:\\\/\\\/secure.gravatar.com\\\/avatar\\\/88146f3afc8434eee17c4a99d06699bfeedb3b68ea3847ee3d9dc5faa628f6d2?s=96&d=mm&r=g\",\"url\":\"https:\\\/\\\/secure.gravatar.com\\\/avatar\\\/88146f3afc8434eee17c4a99d06699bfeedb3b68ea3847ee3d9dc5faa628f6d2?s=96&d=mm&r=g\",\"contentUrl\":\"https:\\\/\\\/secure.gravatar.com\\\/avatar\\\/88146f3afc8434eee17c4a99d06699bfeedb3b68ea3847ee3d9dc5faa628f6d2?s=96&d=mm&r=g\",\"caption\":\"Voz Obrera\"},\"sameAs\":[\"http:\\\/\\\/www.vozobrera.org\"],\"url\":\"https:\\\/\\\/vozobrera.org\\\/periodico\\\/author\\\/vozobrera\\\/\"}]}<\/script>\n<!-- \/ Yoast SEO plugin. -->","yoast_head_json":{"title":"Las muertes en el trabajo detr\u00e1s de las cadenas de subcontrataci\u00f3n en Madrid | Voz Obrera","description":"En lo que va de a\u00f1o, seg\u00fan El Pa\u00eds, se concentran 45 muertes en el sector de la construcci\u00f3n y servicios en la Comunidad de Madrid. Seg\u00fan datos de UGT, en","robots":{"index":"index","follow":"follow","max-snippet":"max-snippet:-1","max-image-preview":"max-image-preview:large","max-video-preview":"max-video-preview:-1"},"canonical":"https:\/\/vozobrera.org\/periodico\/las-muertes-en-el-trabajo-detras-de-las-cadenas-de-subcontratacion-en-madrid\/","og_locale":"es_ES","og_type":"article","og_title":"Las muertes en el trabajo detr\u00e1s de las cadenas de subcontrataci\u00f3n en Madrid | Voz Obrera","og_description":"En lo que va de a\u00f1o, seg\u00fan El Pa\u00eds, se concentran 45 muertes en el sector de la construcci\u00f3n y servicios en la Comunidad de Madrid. Seg\u00fan datos de UGT, en","og_url":"https:\/\/vozobrera.org\/periodico\/las-muertes-en-el-trabajo-detras-de-las-cadenas-de-subcontratacion-en-madrid\/","og_site_name":"Voz Obrera","article_published_time":"2026-09-02T11:27:19+00:00","author":"Voz Obrera","twitter_card":"summary_large_image","twitter_misc":{"Escrito por":"Voz Obrera","Tiempo de lectura":"2 minutos"},"schema":{"@context":"https:\/\/schema.org","@graph":[{"@type":"Article","@id":"https:\/\/vozobrera.org\/periodico\/las-muertes-en-el-trabajo-detras-de-las-cadenas-de-subcontratacion-en-madrid\/#article","isPartOf":{"@id":"https:\/\/vozobrera.org\/periodico\/las-muertes-en-el-trabajo-detras-de-las-cadenas-de-subcontratacion-en-madrid\/"},"author":{"name":"Voz Obrera","@id":"https:\/\/vozobrera.org\/periodico\/#\/schema\/person\/89186dfca9d430042515d0f170d7d2ad"},"headline":"Las muertes en el trabajo detr\u00e1s de las cadenas de subcontrataci\u00f3n en Madrid","datePublished":"2026-09-02T11:27:19+00:00","mainEntityOfPage":{"@id":"https:\/\/vozobrera.org\/periodico\/las-muertes-en-el-trabajo-detras-de-las-cadenas-de-subcontratacion-en-madrid\/"},"wordCount":389,"publisher":{"@id":"https:\/\/vozobrera.org\/periodico\/#organization"},"keywords":["SEP26"],"articleSection":["Mensual"],"inLanguage":"es"},{"@type":"WebPage","@id":"https:\/\/vozobrera.org\/periodico\/las-muertes-en-el-trabajo-detras-de-las-cadenas-de-subcontratacion-en-madrid\/","url":"https:\/\/vozobrera.org\/periodico\/las-muertes-en-el-trabajo-detras-de-las-cadenas-de-subcontratacion-en-madrid\/","name":"Las muertes en el trabajo detr\u00e1s de las cadenas de subcontrataci\u00f3n en Madrid | Voz Obrera","isPartOf":{"@id":"https:\/\/vozobrera.org\/periodico\/#website"},"datePublished":"2026-09-02T11:27:19+00:00","description":"En lo que va de a\u00f1o, seg\u00fan El Pa\u00eds, se concentran 45 muertes en el sector de la construcci\u00f3n y servicios en la Comunidad de Madrid. Seg\u00fan datos de UGT, en","breadcrumb":{"@id":"https:\/\/vozobrera.org\/periodico\/las-muertes-en-el-trabajo-detras-de-las-cadenas-de-subcontratacion-en-madrid\/#breadcrumb"},"inLanguage":"es","potentialAction":[{"@type":"ReadAction","target":["https:\/\/vozobrera.org\/periodico\/las-muertes-en-el-trabajo-detras-de-las-cadenas-de-subcontratacion-en-madrid\/"]}]},{"@type":"BreadcrumbList","@id":"https:\/\/vozobrera.org\/periodico\/las-muertes-en-el-trabajo-detras-de-las-cadenas-de-subcontratacion-en-madrid\/#breadcrumb","itemListElement":[{"@type":"ListItem","position":1,"name":"Portada","item":"https:\/\/vozobrera.org\/periodico\/"},{"@type":"ListItem","position":2,"name":"Las muertes en el trabajo detr\u00e1s de las cadenas de subcontrataci\u00f3n en Madrid"}]},{"@type":"WebSite","@id":"https:\/\/vozobrera.org\/periodico\/#website","url":"https:\/\/vozobrera.org\/periodico\/","name":"Voz Obrera","description":"Uni\u00f3n Comunista Internacionalista","publisher":{"@id":"https:\/\/vozobrera.org\/periodico\/#organization"},"potentialAction":[{"@type":"SearchAction","target":{"@type":"EntryPoint","urlTemplate":"https:\/\/vozobrera.org\/periodico\/?s={search_term_string}"},"query-input":{"@type":"PropertyValueSpecification","valueRequired":true,"valueName":"search_term_string"}}],"inLanguage":"es"},{"@type":"Organization","@id":"https:\/\/vozobrera.org\/periodico\/#organization","name":"voz obrera","url":"https:\/\/vozobrera.org\/periodico\/","logo":{"@type":"ImageObject","inLanguage":"es","@id":"https:\/\/vozobrera.org\/periodico\/#\/schema\/logo\/image\/","url":"https:\/\/vozobrera.org\/periodico\/wp-content\/uploads\/2020\/07\/cropped-bandera_mitad_cuarto.png","contentUrl":"https:\/\/vozobrera.org\/periodico\/wp-content\/uploads\/2020\/07\/cropped-bandera_mitad_cuarto.png","width":636,"height":222,"caption":"voz obrera"},"image":{"@id":"https:\/\/vozobrera.org\/periodico\/#\/schema\/logo\/image\/"},"sameAs":["https:\/\/www.instagram.com\/voz.obrera\/"]},{"@type":"Person","@id":"https:\/\/vozobrera.org\/periodico\/#\/schema\/person\/89186dfca9d430042515d0f170d7d2ad","name":"Voz Obrera","image":{"@type":"ImageObject","inLanguage":"es","@id":"https:\/\/secure.gravatar.com\/avatar\/88146f3afc8434eee17c4a99d06699bfeedb3b68ea3847ee3d9dc5faa628f6d2?s=96&d=mm&r=g","url":"https:\/\/secure.gravatar.com\/avatar\/88146f3afc8434eee17c4a99d06699bfeedb3b68ea3847ee3d9dc5faa628f6d2?s=96&d=mm&r=g","contentUrl":"https:\/\/secure.gravatar.com\/avatar\/88146f3afc8434eee17c4a99d06699bfeedb3b68ea3847ee3d9dc5faa628f6d2?s=96&d=mm&r=g","caption":"Voz Obrera"},"sameAs":["http:\/\/www.vozobrera.org"],"url":"https:\/\/vozobrera.org\/periodico\/author\/vozobrera\/"}]}},"_links":{"self":[{"href":"https:\/\/vozobrera.org\/periodico\/wp-json\/wp\/v2\/posts\/17605","targetHints":{"allow":["GET"]}}],"collection":[{"href":"https:\/\/vozobrera.org\/periodico\/wp-json\/wp\/v2\/posts"}],"about":[{"href":"https:\/\/vozobrera.org\/periodico\/wp-json\/wp\/v2\/types\/post"}],"author":[{"embeddable":true,"href":"https:\/\/vozobrera.org\/periodico\/wp-json\/wp\/v2\/users\/5"}],"replies":[{"embeddable":true,"href":"https:\/\/vozobrera.org\/periodico\/wp-json\/wp\/v2\/comments?post=17605"}],"version-history":[{"count":1,"href":"https:\/\/vozobrera.org\/periodico\/wp-json\/wp\/v2\/posts\/17605\/revisions"}],"predecessor-version":[{"id":17606,"href":"https:\/\/vozobrera.org\/periodico\/wp-json\/wp\/v2\/posts\/17605\/revisions\/17606"}],"wp:attachment":[{"href":"https:\/\/vozobrera.org\/periodico\/wp-json\/wp\/v2\/media?parent=17605"}],"wp:term":[{"taxonomy":"category","embeddable":true,"href":"https:\/\/vozobrera.org\/periodico\/wp-json\/wp\/v2\/categories?post=17605"},{"taxonomy":"post_tag","embeddable":true,"href":"https:\/\/vozobrera.org\/periodico\/wp-json\/wp\/v2\/tags?post=17605"}],"curies":[{"name":"wp","href":"https:\/\/api.w.org\/{rel}","templated":true}]}}