{"id":17603,"date":"2026-09-02T13:25:46","date_gmt":"2026-09-02T11:25:46","guid":{"rendered":"https:\/\/vozobrera.org\/periodico\/?p=17603"},"modified":"2026-09-02T13:25:46","modified_gmt":"2026-09-02T11:25:46","slug":"contra-el-racismo-y-la-xenofobia-los-migrantes-de-ceuta-no-son-invasores-son-nuestros-hermanos-de-clase","status":"publish","type":"post","link":"https:\/\/vozobrera.org\/periodico\/contra-el-racismo-y-la-xenofobia-los-migrantes-de-ceuta-no-son-invasores-son-nuestros-hermanos-de-clase\/","title":{"rendered":"Contra el racismo y la xenofobia. Los migrantes de Ceuta no son invasores, son nuestros hermanos de clase"},"content":{"rendered":"<p style=\"text-align: justify;\">Las manifestaciones contra los inmigrantes en Ceuta son una reacci\u00f3n insolidaria y xen\u00f3foba contra personas indefensas que solo buscan un trabajo digno. Nuestros enemigos no son ellos. Son los pol\u00edticos de uno y otro bando, tanto en Espa\u00f1a como en Marruecos, que gestionan los intereses de grandes empresarios y explotadores y mantienen a sus pueblos rehenes de la precariedad para mantener sus beneficios. Empezando por Mohamed VI -y su burgues\u00eda- un dictador enriquecido a costa de su pueblo y que vive en Par\u00eds y terminando por Felipe VI y los pol\u00edticos de la derecha y del gobierno llamado de \u201cprogreso\u201d que gestionan los intereses de la burgues\u00eda espa\u00f1ola y sus buenos negocios en Marruecos. Y por supuesto la burgues\u00eda francesa, en realidad toda Europa, que explotan tambi\u00e9n sus negocios en \u00c1frica.<\/p>\n<p style=\"text-align: justify;\">\u201cLo de Ceuta\u201d est\u00e1 en boca de todos. Se ha retransmitido por activa y por pasiva, con un men\u00fa de bulos tambi\u00e9n considerable, los disturbios en las calles, el caos, la \u201cinvasi\u00f3n\u201d de inmigrantes que roban y violan, etc, dando lugar a la persecuci\u00f3n de estos e incluso a actos de violencia contra ellos.<\/p>\n<p style=\"text-align: justify;\">La llamada \u201cavalancha\u201d de Ceuta de hace ya m\u00e1s de un mes, no ha sido la primera ni ser\u00e1 la \u00faltima entrada de inmigrantes, que hay que recordar, no buscan quedarse en Ceuta sino reagruparse con otros familiares diseminados por toda Europa y buscar un trabajo y unas condiciones de vida m\u00e1s dignas que las que tienen en sus pa\u00edses de origen, mayormente Marruecos; huyen de guerras, pobreza y otras atrocidades. En el intento de mejorar su vida y la de los suyos, han muerto casi un centenar.<\/p>\n<p style=\"text-align: justify;\">Es un hecho que el 90% de los que entraron, unas 70.000 personas si creemos la versi\u00f3n oficial, pronto volvieron a Marruecos viendo c\u00f3mo eran recibidos y sopesando las dificultades encontradas, quedando en Ceuta unos 5000 o 7000 inmigrantes, seg\u00fan quien haga el relato. Muchos de ellos son menores.<\/p>\n<p style=\"text-align: justify;\">\u00bfDe verdad alguien cree que Espa\u00f1a no puede permitirse atender y acoger debidamente a unos pocos de miles de inmigrantes? \u00a1Supondr\u00edan, haciendo una burda media aritm\u00e9tica, unos 350 migrantes por cada Comunidad Aut\u00f3noma! Para hacer la comparativa solo tenemos que cotejar que en la \u00faltima visita del papa m\u00e1s 2,5 millones de personas se congregaron para asistir a alguno de los eventos: el m\u00e1s numeroso, que congreg\u00f3 a mill\u00f3n y medio de personas, fue en la plaza de Cibeles; el Estadio Santiago Bernab\u00e9u congreg\u00f3 a otras 70.000 personas tan solo en un d\u00eda. Igualmente, en una ciudad relativamente peque\u00f1a como es Sevilla, 15.000 personas llenaron los recintos del Ayuntamiento para la final del Mundial de Futbol pasado; todos comieron, bebieron y pernoctaron. En cambio, una horquilla de 5.000\/7.000 personas levanta r\u00edos de tinta y parece un problema irresoluble hasta para comprar pan. Siguiendo con la comparativa, una ciudad como C\u00e1diz capital, con menor superficie que la ciudad de Ceuta, ha recibido en un \u00fanico fin de semana hasta 7 buques-cruceros concentr\u00e1ndose en la ciudad m\u00e1s de 15.600 personas.<\/p>\n<p style=\"text-align: justify;\">Es hasta cierto punto comprensible que muchos vecinos ceut\u00edes se vean sobrepasados por la situaci\u00f3n de colapso en Ceuta pues los inmigrantes han sido dejados a su suerte. Ni han sido bien acogidos ni alojados en condiciones dignas de tal nombre. Los pol\u00edticos de un signo y otro se han pasado la pelota unos a otros y lo \u00fanico que parece importarles es su expulsi\u00f3n, c\u00f3mo realizarla \u201cbien\u201d. Ha pasado ya un mes y a\u00fan el gobierno central necesita dos semanas m\u00e1s para contemplar su ubicaci\u00f3n. Estos inmigrantes tienen hambre, visten con los harapos con los que consiguieron llegar hace ya m\u00e1s de un mes, y exigen comida. Han sido atacados, quemadas sus chabolas, pero aun as\u00ed \u2026 \u00a1no desean volver a una realidad que indudablemente para ellos es peor!<\/p>\n<p style=\"text-align: justify;\">El portavoz de una asociaci\u00f3n de vecinos retrata bien el panorama de crisis entre los propios ceut\u00edes cuando relata al \u201cEl Pa\u00eds\u201d (30\/08\/2026) que \u201chan empezado a atacar a los inmigrantes; y de ah\u00ed se ha pasado a atacar a los musulmanes de Ceuta. Si los musulmanes de Ceuta responden, se acab\u00f3\u2026\u201d refiri\u00e9ndose a la convivencia pac\u00edfica que siempre han tenido.<\/p>\n","protected":false},"excerpt":{"rendered":"<p>Las manifestaciones contra los inmigrantes en Ceuta son una reacci\u00f3n insolidaria y xen\u00f3foba contra personas indefensas que solo buscan un trabajo digno. Nuestros enemigos no son ellos. Son los pol\u00edticos de uno y otro bando, tanto en Espa\u00f1a como en Marruecos, que gestionan los intereses de grandes empresarios y explotadores y mantienen a sus pueblos&hellip;&nbsp;<a href=\"https:\/\/vozobrera.org\/periodico\/contra-el-racismo-y-la-xenofobia-los-migrantes-de-ceuta-no-son-invasores-son-nuestros-hermanos-de-clase\/\" rel=\"bookmark\">Leer m\u00e1s &raquo;<span class=\"screen-reader-text\">Contra el racismo y la xenofobia. Los migrantes de Ceuta no son invasores, son nuestros hermanos de clase<\/span><\/a><\/p>\n","protected":false},"author":5,"featured_media":0,"comment_status":"closed","ping_status":"closed","sticky":false,"template":"","format":"standard","meta":{"neve_meta_sidebar":"","neve_meta_container":"","neve_meta_enable_content_width":"off","neve_meta_content_width":70,"neve_meta_title_alignment":"","neve_meta_author_avatar":"","neve_post_elements_order":"","neve_meta_disable_header":"","neve_meta_disable_footer":"","neve_meta_disable_title":"","footnotes":""},"categories":[10],"tags":[700],"class_list":["post-17603","post","type-post","status-publish","format-standard","hentry","category-mensual","tag-sep26"],"yoast_head":"<!-- This site is optimized with the Yoast SEO plugin v28.4 - https:\/\/yoast.com\/product\/yoast-seo-wordpress\/ -->\n<title>Contra el racismo y la xenofobia. Los migrantes de Ceuta no son invasores, son nuestros hermanos de clase | Voz Obrera<\/title>\n<meta name=\"description\" content=\"Las manifestaciones contra los inmigrantes en Ceuta son una reacci\u00f3n insolidaria y xen\u00f3foba contra personas indefensas que solo buscan un trabajo digno.\" \/>\n<meta name=\"robots\" content=\"index, follow, max-snippet:-1, max-image-preview:large, max-video-preview:-1\" \/>\n<link rel=\"canonical\" href=\"https:\/\/vozobrera.org\/periodico\/contra-el-racismo-y-la-xenofobia-los-migrantes-de-ceuta-no-son-invasores-son-nuestros-hermanos-de-clase\/\" \/>\n<meta property=\"og:locale\" content=\"es_ES\" \/>\n<meta property=\"og:type\" content=\"article\" \/>\n<meta property=\"og:title\" content=\"Contra el racismo y la xenofobia. Los migrantes de Ceuta no son invasores, son nuestros hermanos de clase | Voz Obrera\" \/>\n<meta property=\"og:description\" content=\"Las manifestaciones contra los inmigrantes en Ceuta son una reacci\u00f3n insolidaria y xen\u00f3foba contra personas indefensas que solo buscan un trabajo digno.\" \/>\n<meta property=\"og:url\" content=\"https:\/\/vozobrera.org\/periodico\/contra-el-racismo-y-la-xenofobia-los-migrantes-de-ceuta-no-son-invasores-son-nuestros-hermanos-de-clase\/\" \/>\n<meta property=\"og:site_name\" content=\"Voz Obrera\" \/>\n<meta property=\"article:published_time\" content=\"2026-09-02T11:25:46+00:00\" \/>\n<meta name=\"author\" content=\"Voz Obrera\" \/>\n<meta name=\"twitter:card\" content=\"summary_large_image\" \/>\n<meta name=\"twitter:label1\" content=\"Escrito por\" \/>\n\t<meta name=\"twitter:data1\" content=\"Voz Obrera\" \/>\n\t<meta name=\"twitter:label2\" content=\"Tiempo de lectura\" \/>\n\t<meta name=\"twitter:data2\" content=\"4 minutos\" \/>\n<script type=\"application\/ld+json\" class=\"yoast-schema-graph\">{\"@context\":\"https:\\\/\\\/schema.org\",\"@graph\":[{\"@type\":\"Article\",\"@id\":\"https:\\\/\\\/vozobrera.org\\\/periodico\\\/contra-el-racismo-y-la-xenofobia-los-migrantes-de-ceuta-no-son-invasores-son-nuestros-hermanos-de-clase\\\/#article\",\"isPartOf\":{\"@id\":\"https:\\\/\\\/vozobrera.org\\\/periodico\\\/contra-el-racismo-y-la-xenofobia-los-migrantes-de-ceuta-no-son-invasores-son-nuestros-hermanos-de-clase\\\/\"},\"author\":{\"name\":\"Voz Obrera\",\"@id\":\"https:\\\/\\\/vozobrera.org\\\/periodico\\\/#\\\/schema\\\/person\\\/89186dfca9d430042515d0f170d7d2ad\"},\"headline\":\"Contra el racismo y la xenofobia. Los migrantes de Ceuta no son invasores, son nuestros hermanos de clase\",\"datePublished\":\"2026-09-02T11:25:46+00:00\",\"mainEntityOfPage\":{\"@id\":\"https:\\\/\\\/vozobrera.org\\\/periodico\\\/contra-el-racismo-y-la-xenofobia-los-migrantes-de-ceuta-no-son-invasores-son-nuestros-hermanos-de-clase\\\/\"},\"wordCount\":744,\"publisher\":{\"@id\":\"https:\\\/\\\/vozobrera.org\\\/periodico\\\/#organization\"},\"keywords\":[\"SEP26\"],\"articleSection\":[\"Mensual\"],\"inLanguage\":\"es\"},{\"@type\":\"WebPage\",\"@id\":\"https:\\\/\\\/vozobrera.org\\\/periodico\\\/contra-el-racismo-y-la-xenofobia-los-migrantes-de-ceuta-no-son-invasores-son-nuestros-hermanos-de-clase\\\/\",\"url\":\"https:\\\/\\\/vozobrera.org\\\/periodico\\\/contra-el-racismo-y-la-xenofobia-los-migrantes-de-ceuta-no-son-invasores-son-nuestros-hermanos-de-clase\\\/\",\"name\":\"Contra el racismo y la xenofobia. Los migrantes de Ceuta no son invasores, son nuestros hermanos de clase | Voz Obrera\",\"isPartOf\":{\"@id\":\"https:\\\/\\\/vozobrera.org\\\/periodico\\\/#website\"},\"datePublished\":\"2026-09-02T11:25:46+00:00\",\"description\":\"Las manifestaciones contra los inmigrantes en Ceuta son una reacci\u00f3n insolidaria y xen\u00f3foba contra personas indefensas que solo buscan un trabajo digno.\",\"breadcrumb\":{\"@id\":\"https:\\\/\\\/vozobrera.org\\\/periodico\\\/contra-el-racismo-y-la-xenofobia-los-migrantes-de-ceuta-no-son-invasores-son-nuestros-hermanos-de-clase\\\/#breadcrumb\"},\"inLanguage\":\"es\",\"potentialAction\":[{\"@type\":\"ReadAction\",\"target\":[\"https:\\\/\\\/vozobrera.org\\\/periodico\\\/contra-el-racismo-y-la-xenofobia-los-migrantes-de-ceuta-no-son-invasores-son-nuestros-hermanos-de-clase\\\/\"]}]},{\"@type\":\"BreadcrumbList\",\"@id\":\"https:\\\/\\\/vozobrera.org\\\/periodico\\\/contra-el-racismo-y-la-xenofobia-los-migrantes-de-ceuta-no-son-invasores-son-nuestros-hermanos-de-clase\\\/#breadcrumb\",\"itemListElement\":[{\"@type\":\"ListItem\",\"position\":1,\"name\":\"Portada\",\"item\":\"https:\\\/\\\/vozobrera.org\\\/periodico\\\/\"},{\"@type\":\"ListItem\",\"position\":2,\"name\":\"Contra el racismo y la xenofobia. Los migrantes de Ceuta no son invasores, son nuestros hermanos de clase\"}]},{\"@type\":\"WebSite\",\"@id\":\"https:\\\/\\\/vozobrera.org\\\/periodico\\\/#website\",\"url\":\"https:\\\/\\\/vozobrera.org\\\/periodico\\\/\",\"name\":\"Voz Obrera\",\"description\":\"Uni\u00f3n Comunista Internacionalista\",\"publisher\":{\"@id\":\"https:\\\/\\\/vozobrera.org\\\/periodico\\\/#organization\"},\"potentialAction\":[{\"@type\":\"SearchAction\",\"target\":{\"@type\":\"EntryPoint\",\"urlTemplate\":\"https:\\\/\\\/vozobrera.org\\\/periodico\\\/?s={search_term_string}\"},\"query-input\":{\"@type\":\"PropertyValueSpecification\",\"valueRequired\":true,\"valueName\":\"search_term_string\"}}],\"inLanguage\":\"es\"},{\"@type\":\"Organization\",\"@id\":\"https:\\\/\\\/vozobrera.org\\\/periodico\\\/#organization\",\"name\":\"voz obrera\",\"url\":\"https:\\\/\\\/vozobrera.org\\\/periodico\\\/\",\"logo\":{\"@type\":\"ImageObject\",\"inLanguage\":\"es\",\"@id\":\"https:\\\/\\\/vozobrera.org\\\/periodico\\\/#\\\/schema\\\/logo\\\/image\\\/\",\"url\":\"https:\\\/\\\/vozobrera.org\\\/periodico\\\/wp-content\\\/uploads\\\/2020\\\/07\\\/cropped-bandera_mitad_cuarto.png\",\"contentUrl\":\"https:\\\/\\\/vozobrera.org\\\/periodico\\\/wp-content\\\/uploads\\\/2020\\\/07\\\/cropped-bandera_mitad_cuarto.png\",\"width\":636,\"height\":222,\"caption\":\"voz obrera\"},\"image\":{\"@id\":\"https:\\\/\\\/vozobrera.org\\\/periodico\\\/#\\\/schema\\\/logo\\\/image\\\/\"},\"sameAs\":[\"https:\\\/\\\/www.instagram.com\\\/voz.obrera\\\/\"]},{\"@type\":\"Person\",\"@id\":\"https:\\\/\\\/vozobrera.org\\\/periodico\\\/#\\\/schema\\\/person\\\/89186dfca9d430042515d0f170d7d2ad\",\"name\":\"Voz Obrera\",\"image\":{\"@type\":\"ImageObject\",\"inLanguage\":\"es\",\"@id\":\"https:\\\/\\\/secure.gravatar.com\\\/avatar\\\/88146f3afc8434eee17c4a99d06699bfeedb3b68ea3847ee3d9dc5faa628f6d2?s=96&d=mm&r=g\",\"url\":\"https:\\\/\\\/secure.gravatar.com\\\/avatar\\\/88146f3afc8434eee17c4a99d06699bfeedb3b68ea3847ee3d9dc5faa628f6d2?s=96&d=mm&r=g\",\"contentUrl\":\"https:\\\/\\\/secure.gravatar.com\\\/avatar\\\/88146f3afc8434eee17c4a99d06699bfeedb3b68ea3847ee3d9dc5faa628f6d2?s=96&d=mm&r=g\",\"caption\":\"Voz Obrera\"},\"sameAs\":[\"http:\\\/\\\/www.vozobrera.org\"],\"url\":\"https:\\\/\\\/vozobrera.org\\\/periodico\\\/author\\\/vozobrera\\\/\"}]}<\/script>\n<!-- \/ Yoast SEO plugin. -->","yoast_head_json":{"title":"Contra el racismo y la xenofobia. Los migrantes de Ceuta no son invasores, son nuestros hermanos de clase | Voz Obrera","description":"Las manifestaciones contra los inmigrantes en Ceuta son una reacci\u00f3n insolidaria y xen\u00f3foba contra personas indefensas que solo buscan un trabajo digno.","robots":{"index":"index","follow":"follow","max-snippet":"max-snippet:-1","max-image-preview":"max-image-preview:large","max-video-preview":"max-video-preview:-1"},"canonical":"https:\/\/vozobrera.org\/periodico\/contra-el-racismo-y-la-xenofobia-los-migrantes-de-ceuta-no-son-invasores-son-nuestros-hermanos-de-clase\/","og_locale":"es_ES","og_type":"article","og_title":"Contra el racismo y la xenofobia. Los migrantes de Ceuta no son invasores, son nuestros hermanos de clase | Voz Obrera","og_description":"Las manifestaciones contra los inmigrantes en Ceuta son una reacci\u00f3n insolidaria y xen\u00f3foba contra personas indefensas que solo buscan un trabajo digno.","og_url":"https:\/\/vozobrera.org\/periodico\/contra-el-racismo-y-la-xenofobia-los-migrantes-de-ceuta-no-son-invasores-son-nuestros-hermanos-de-clase\/","og_site_name":"Voz Obrera","article_published_time":"2026-09-02T11:25:46+00:00","author":"Voz Obrera","twitter_card":"summary_large_image","twitter_misc":{"Escrito por":"Voz Obrera","Tiempo de lectura":"4 minutos"},"schema":{"@context":"https:\/\/schema.org","@graph":[{"@type":"Article","@id":"https:\/\/vozobrera.org\/periodico\/contra-el-racismo-y-la-xenofobia-los-migrantes-de-ceuta-no-son-invasores-son-nuestros-hermanos-de-clase\/#article","isPartOf":{"@id":"https:\/\/vozobrera.org\/periodico\/contra-el-racismo-y-la-xenofobia-los-migrantes-de-ceuta-no-son-invasores-son-nuestros-hermanos-de-clase\/"},"author":{"name":"Voz Obrera","@id":"https:\/\/vozobrera.org\/periodico\/#\/schema\/person\/89186dfca9d430042515d0f170d7d2ad"},"headline":"Contra el racismo y la xenofobia. Los migrantes de Ceuta no son invasores, son nuestros hermanos de clase","datePublished":"2026-09-02T11:25:46+00:00","mainEntityOfPage":{"@id":"https:\/\/vozobrera.org\/periodico\/contra-el-racismo-y-la-xenofobia-los-migrantes-de-ceuta-no-son-invasores-son-nuestros-hermanos-de-clase\/"},"wordCount":744,"publisher":{"@id":"https:\/\/vozobrera.org\/periodico\/#organization"},"keywords":["SEP26"],"articleSection":["Mensual"],"inLanguage":"es"},{"@type":"WebPage","@id":"https:\/\/vozobrera.org\/periodico\/contra-el-racismo-y-la-xenofobia-los-migrantes-de-ceuta-no-son-invasores-son-nuestros-hermanos-de-clase\/","url":"https:\/\/vozobrera.org\/periodico\/contra-el-racismo-y-la-xenofobia-los-migrantes-de-ceuta-no-son-invasores-son-nuestros-hermanos-de-clase\/","name":"Contra el racismo y la xenofobia. Los migrantes de Ceuta no son invasores, son nuestros hermanos de clase | Voz Obrera","isPartOf":{"@id":"https:\/\/vozobrera.org\/periodico\/#website"},"datePublished":"2026-09-02T11:25:46+00:00","description":"Las manifestaciones contra los inmigrantes en Ceuta son una reacci\u00f3n insolidaria y xen\u00f3foba contra personas indefensas que solo buscan un trabajo digno.","breadcrumb":{"@id":"https:\/\/vozobrera.org\/periodico\/contra-el-racismo-y-la-xenofobia-los-migrantes-de-ceuta-no-son-invasores-son-nuestros-hermanos-de-clase\/#breadcrumb"},"inLanguage":"es","potentialAction":[{"@type":"ReadAction","target":["https:\/\/vozobrera.org\/periodico\/contra-el-racismo-y-la-xenofobia-los-migrantes-de-ceuta-no-son-invasores-son-nuestros-hermanos-de-clase\/"]}]},{"@type":"BreadcrumbList","@id":"https:\/\/vozobrera.org\/periodico\/contra-el-racismo-y-la-xenofobia-los-migrantes-de-ceuta-no-son-invasores-son-nuestros-hermanos-de-clase\/#breadcrumb","itemListElement":[{"@type":"ListItem","position":1,"name":"Portada","item":"https:\/\/vozobrera.org\/periodico\/"},{"@type":"ListItem","position":2,"name":"Contra el racismo y la xenofobia. Los migrantes de Ceuta no son invasores, son nuestros hermanos de clase"}]},{"@type":"WebSite","@id":"https:\/\/vozobrera.org\/periodico\/#website","url":"https:\/\/vozobrera.org\/periodico\/","name":"Voz Obrera","description":"Uni\u00f3n Comunista Internacionalista","publisher":{"@id":"https:\/\/vozobrera.org\/periodico\/#organization"},"potentialAction":[{"@type":"SearchAction","target":{"@type":"EntryPoint","urlTemplate":"https:\/\/vozobrera.org\/periodico\/?s={search_term_string}"},"query-input":{"@type":"PropertyValueSpecification","valueRequired":true,"valueName":"search_term_string"}}],"inLanguage":"es"},{"@type":"Organization","@id":"https:\/\/vozobrera.org\/periodico\/#organization","name":"voz obrera","url":"https:\/\/vozobrera.org\/periodico\/","logo":{"@type":"ImageObject","inLanguage":"es","@id":"https:\/\/vozobrera.org\/periodico\/#\/schema\/logo\/image\/","url":"https:\/\/vozobrera.org\/periodico\/wp-content\/uploads\/2020\/07\/cropped-bandera_mitad_cuarto.png","contentUrl":"https:\/\/vozobrera.org\/periodico\/wp-content\/uploads\/2020\/07\/cropped-bandera_mitad_cuarto.png","width":636,"height":222,"caption":"voz obrera"},"image":{"@id":"https:\/\/vozobrera.org\/periodico\/#\/schema\/logo\/image\/"},"sameAs":["https:\/\/www.instagram.com\/voz.obrera\/"]},{"@type":"Person","@id":"https:\/\/vozobrera.org\/periodico\/#\/schema\/person\/89186dfca9d430042515d0f170d7d2ad","name":"Voz Obrera","image":{"@type":"ImageObject","inLanguage":"es","@id":"https:\/\/secure.gravatar.com\/avatar\/88146f3afc8434eee17c4a99d06699bfeedb3b68ea3847ee3d9dc5faa628f6d2?s=96&d=mm&r=g","url":"https:\/\/secure.gravatar.com\/avatar\/88146f3afc8434eee17c4a99d06699bfeedb3b68ea3847ee3d9dc5faa628f6d2?s=96&d=mm&r=g","contentUrl":"https:\/\/secure.gravatar.com\/avatar\/88146f3afc8434eee17c4a99d06699bfeedb3b68ea3847ee3d9dc5faa628f6d2?s=96&d=mm&r=g","caption":"Voz Obrera"},"sameAs":["http:\/\/www.vozobrera.org"],"url":"https:\/\/vozobrera.org\/periodico\/author\/vozobrera\/"}]}},"_links":{"self":[{"href":"https:\/\/vozobrera.org\/periodico\/wp-json\/wp\/v2\/posts\/17603","targetHints":{"allow":["GET"]}}],"collection":[{"href":"https:\/\/vozobrera.org\/periodico\/wp-json\/wp\/v2\/posts"}],"about":[{"href":"https:\/\/vozobrera.org\/periodico\/wp-json\/wp\/v2\/types\/post"}],"author":[{"embeddable":true,"href":"https:\/\/vozobrera.org\/periodico\/wp-json\/wp\/v2\/users\/5"}],"replies":[{"embeddable":true,"href":"https:\/\/vozobrera.org\/periodico\/wp-json\/wp\/v2\/comments?post=17603"}],"version-history":[{"count":1,"href":"https:\/\/vozobrera.org\/periodico\/wp-json\/wp\/v2\/posts\/17603\/revisions"}],"predecessor-version":[{"id":17604,"href":"https:\/\/vozobrera.org\/periodico\/wp-json\/wp\/v2\/posts\/17603\/revisions\/17604"}],"wp:attachment":[{"href":"https:\/\/vozobrera.org\/periodico\/wp-json\/wp\/v2\/media?parent=17603"}],"wp:term":[{"taxonomy":"category","embeddable":true,"href":"https:\/\/vozobrera.org\/periodico\/wp-json\/wp\/v2\/categories?post=17603"},{"taxonomy":"post_tag","embeddable":true,"href":"https:\/\/vozobrera.org\/periodico\/wp-json\/wp\/v2\/tags?post=17603"}],"curies":[{"name":"wp","href":"https:\/\/api.w.org\/{rel}","templated":true}]}}