{"id":17601,"date":"2026-09-02T13:22:48","date_gmt":"2026-09-02T11:22:48","guid":{"rendered":"https:\/\/vozobrera.org\/periodico\/?p=17601"},"modified":"2026-09-02T13:22:48","modified_gmt":"2026-09-02T11:22:48","slug":"marruecos-una-dictadura-aliada-del-imperialismo-contra-su-propio-pueblo","status":"publish","type":"post","link":"https:\/\/vozobrera.org\/periodico\/marruecos-una-dictadura-aliada-del-imperialismo-contra-su-propio-pueblo\/","title":{"rendered":"Marruecos: una dictadura aliada del imperialismo contra su propio pueblo"},"content":{"rendered":"<p style=\"text-align: justify;\">La ola migratoria que ha conmocionado Ceuta en estos d\u00edas ha sacudido las conciencias de muchos. Sin embargo, obedece a causas profundas que se hunden en el tiempo de una sociedad sometida a la explotaci\u00f3n y la barbarie. Las 80.000 personas, la mayor\u00eda j\u00f3venes, mujeres y menores que en agosto entraron por mar y por tierra a Ceuta, tuvieron que recorrer kil\u00f3metros hasta llegar exhaustos a la ciudad. Sus motivos son la b\u00fasqueda de trabajo y una vida mejor en Espa\u00f1a y Europa ya que en su pa\u00eds de origen, la inmensa mayor\u00eda procedentes de Marruecos, viven en unas condiciones de pobreza producto de un r\u00e9gimen de opresi\u00f3n de su burgues\u00eda y de las potencias imperialistas de Francia y Espa\u00f1a que explotan sus recursos y mano de obra.<\/p>\n<p style=\"text-align: justify;\">Marruecos es parte del Magreb, denominaci\u00f3n geogr\u00e1fica del norte de \u00c1frica que linda unos 13 km con Europa a trav\u00e9s de Espa\u00f1a y el estrecho de Gibraltar su punto m\u00e1s cercano. Incluye cinco Estados reconocidos: Libia, T\u00fanez, Argelia, Marruecos y Mauritania, m\u00e1s el S\u00e1hara Occidental, antigua colonia espa\u00f1ola, ocupada por Marruecos y sin descolonizar. 110 millones de habitantes viven en este espacio bordeado por el Mar Mediterr\u00e1neo, el Oc\u00e9ano Atl\u00e1ntico y el inmenso desierto del S\u00e1hara. Marruecos fue colonizado por Francia y Espa\u00f1a que tuvieron que sostener guerras para frenar a los pueblos de la zona en su lucha por la independencia. Recordemos la guerra de \u00c1frica en los a\u00f1os veinte del pasado siglo que sostuvo Espa\u00f1a en el norte del actual Marruecos, el Rif, su protectorado colonial. El caso de Marruecos es paradigm\u00e1tico en la zona; cuenta con una poblaci\u00f3n de unos 38 millones de habitantes, un 30% de j\u00f3venes, y una poblaci\u00f3n rural que es el 40% del total, muy empobrecida.<\/p>\n<p style=\"text-align: justify;\">El salario m\u00ednimo mensual legal fuera del sector agr\u00edcola es de unos 320 euros, mientras que el salario m\u00ednimo agr\u00edcola asciende a aproximadamente 9 euros por d\u00eda. Los reci\u00e9n graduados, incluidos los maestros de escuelas p\u00fablicas en sus primeros a\u00f1os de carrera, suelen ganar poco m\u00e1s que el salario m\u00ednimo, entre 300 y 350 euros al mes. En la agricultura alrededor del 90 % de los trabajadores agr\u00edcolas carecen de contrato escrito, de cobertura de seguridad social y de protecciones legales. El trabajo es estacional y se centra en la cosecha del olivo, la producci\u00f3n de c\u00edtricos, las hortalizas y la ganader\u00eda.<\/p>\n<p style=\"text-align: justify;\">La pobreza urbana es muy visible. La mendicidad para obtener alimentos est\u00e1 muy extendida. Seg\u00fan ONU-H\u00e1bitat, m\u00e1s de uno de cada diez residentes urbanos vive en asentamientos informales, chabolas, o en barrios marginales a las afueras de las ciudades marroqu\u00edes en expansi\u00f3n, a la vista de los trenes de alta velocidad costeros y los modernos sistemas de tranv\u00eda.<\/p>\n<p style=\"text-align: justify;\">El desplazamiento de personas desde el campo ha ampliado tanto la econom\u00eda informal como los barrios marginales urbanos, lo que ha llevado a una competencia cada vez mayor por empleos precarios y ha ejercido una mayor presi\u00f3n a la baja sobre los salarios, al tiempo que genera ganancias sustanciales para una minor\u00eda. La desigualdad de ingresos es tan grande que explica la oleada masiva de este verano.<\/p>\n","protected":false},"excerpt":{"rendered":"<p>La ola migratoria que ha conmocionado Ceuta en estos d\u00edas ha sacudido las conciencias de muchos. Sin embargo, obedece a causas profundas que se hunden en el tiempo de una sociedad sometida a la explotaci\u00f3n y la barbarie. Las 80.000 personas, la mayor\u00eda j\u00f3venes, mujeres y menores que en agosto entraron por mar y por&hellip;&nbsp;<a href=\"https:\/\/vozobrera.org\/periodico\/marruecos-una-dictadura-aliada-del-imperialismo-contra-su-propio-pueblo\/\" rel=\"bookmark\">Leer m\u00e1s &raquo;<span class=\"screen-reader-text\">Marruecos: una dictadura aliada del imperialismo contra su propio pueblo<\/span><\/a><\/p>\n","protected":false},"author":5,"featured_media":0,"comment_status":"closed","ping_status":"closed","sticky":false,"template":"","format":"standard","meta":{"neve_meta_sidebar":"","neve_meta_container":"","neve_meta_enable_content_width":"off","neve_meta_content_width":70,"neve_meta_title_alignment":"","neve_meta_author_avatar":"","neve_post_elements_order":"","neve_meta_disable_header":"","neve_meta_disable_footer":"","neve_meta_disable_title":"","footnotes":""},"categories":[10],"tags":[700],"class_list":["post-17601","post","type-post","status-publish","format-standard","hentry","category-mensual","tag-sep26"],"yoast_head":"<!-- This site is optimized with the Yoast SEO plugin v28.4 - https:\/\/yoast.com\/product\/yoast-seo-wordpress\/ -->\n<title>Marruecos: una dictadura aliada del imperialismo contra su propio pueblo | Voz Obrera<\/title>\n<meta name=\"description\" content=\"La ola migratoria que ha conmocionado Ceuta en estos d\u00edas ha sacudido las conciencias de muchos. Sin embargo, obedece a causas profundas que se hunden en\" \/>\n<meta name=\"robots\" content=\"index, follow, max-snippet:-1, max-image-preview:large, max-video-preview:-1\" \/>\n<link rel=\"canonical\" href=\"https:\/\/vozobrera.org\/periodico\/marruecos-una-dictadura-aliada-del-imperialismo-contra-su-propio-pueblo\/\" \/>\n<meta property=\"og:locale\" content=\"es_ES\" \/>\n<meta property=\"og:type\" content=\"article\" \/>\n<meta property=\"og:title\" content=\"Marruecos: una dictadura aliada del imperialismo contra su propio pueblo | Voz Obrera\" \/>\n<meta property=\"og:description\" content=\"La ola migratoria que ha conmocionado Ceuta en estos d\u00edas ha sacudido las conciencias de muchos. Sin embargo, obedece a causas profundas que se hunden en\" \/>\n<meta property=\"og:url\" content=\"https:\/\/vozobrera.org\/periodico\/marruecos-una-dictadura-aliada-del-imperialismo-contra-su-propio-pueblo\/\" \/>\n<meta property=\"og:site_name\" content=\"Voz Obrera\" \/>\n<meta property=\"article:published_time\" content=\"2026-09-02T11:22:48+00:00\" \/>\n<meta name=\"author\" content=\"Voz Obrera\" \/>\n<meta name=\"twitter:card\" content=\"summary_large_image\" \/>\n<meta name=\"twitter:label1\" content=\"Escrito por\" \/>\n\t<meta name=\"twitter:data1\" content=\"Voz Obrera\" \/>\n\t<meta name=\"twitter:label2\" content=\"Tiempo de lectura\" \/>\n\t<meta name=\"twitter:data2\" content=\"3 minutos\" \/>\n<script type=\"application\/ld+json\" class=\"yoast-schema-graph\">{\"@context\":\"https:\\\/\\\/schema.org\",\"@graph\":[{\"@type\":\"Article\",\"@id\":\"https:\\\/\\\/vozobrera.org\\\/periodico\\\/marruecos-una-dictadura-aliada-del-imperialismo-contra-su-propio-pueblo\\\/#article\",\"isPartOf\":{\"@id\":\"https:\\\/\\\/vozobrera.org\\\/periodico\\\/marruecos-una-dictadura-aliada-del-imperialismo-contra-su-propio-pueblo\\\/\"},\"author\":{\"name\":\"Voz Obrera\",\"@id\":\"https:\\\/\\\/vozobrera.org\\\/periodico\\\/#\\\/schema\\\/person\\\/89186dfca9d430042515d0f170d7d2ad\"},\"headline\":\"Marruecos: una dictadura aliada del imperialismo contra su propio pueblo\",\"datePublished\":\"2026-09-02T11:22:48+00:00\",\"mainEntityOfPage\":{\"@id\":\"https:\\\/\\\/vozobrera.org\\\/periodico\\\/marruecos-una-dictadura-aliada-del-imperialismo-contra-su-propio-pueblo\\\/\"},\"wordCount\":572,\"publisher\":{\"@id\":\"https:\\\/\\\/vozobrera.org\\\/periodico\\\/#organization\"},\"keywords\":[\"SEP26\"],\"articleSection\":[\"Mensual\"],\"inLanguage\":\"es\"},{\"@type\":\"WebPage\",\"@id\":\"https:\\\/\\\/vozobrera.org\\\/periodico\\\/marruecos-una-dictadura-aliada-del-imperialismo-contra-su-propio-pueblo\\\/\",\"url\":\"https:\\\/\\\/vozobrera.org\\\/periodico\\\/marruecos-una-dictadura-aliada-del-imperialismo-contra-su-propio-pueblo\\\/\",\"name\":\"Marruecos: una dictadura aliada del imperialismo contra su propio pueblo | Voz Obrera\",\"isPartOf\":{\"@id\":\"https:\\\/\\\/vozobrera.org\\\/periodico\\\/#website\"},\"datePublished\":\"2026-09-02T11:22:48+00:00\",\"description\":\"La ola migratoria que ha conmocionado Ceuta en estos d\u00edas ha sacudido las conciencias de muchos. Sin embargo, obedece a causas profundas que se hunden en\",\"breadcrumb\":{\"@id\":\"https:\\\/\\\/vozobrera.org\\\/periodico\\\/marruecos-una-dictadura-aliada-del-imperialismo-contra-su-propio-pueblo\\\/#breadcrumb\"},\"inLanguage\":\"es\",\"potentialAction\":[{\"@type\":\"ReadAction\",\"target\":[\"https:\\\/\\\/vozobrera.org\\\/periodico\\\/marruecos-una-dictadura-aliada-del-imperialismo-contra-su-propio-pueblo\\\/\"]}]},{\"@type\":\"BreadcrumbList\",\"@id\":\"https:\\\/\\\/vozobrera.org\\\/periodico\\\/marruecos-una-dictadura-aliada-del-imperialismo-contra-su-propio-pueblo\\\/#breadcrumb\",\"itemListElement\":[{\"@type\":\"ListItem\",\"position\":1,\"name\":\"Portada\",\"item\":\"https:\\\/\\\/vozobrera.org\\\/periodico\\\/\"},{\"@type\":\"ListItem\",\"position\":2,\"name\":\"Marruecos: una dictadura aliada del imperialismo contra su propio pueblo\"}]},{\"@type\":\"WebSite\",\"@id\":\"https:\\\/\\\/vozobrera.org\\\/periodico\\\/#website\",\"url\":\"https:\\\/\\\/vozobrera.org\\\/periodico\\\/\",\"name\":\"Voz Obrera\",\"description\":\"Uni\u00f3n Comunista Internacionalista\",\"publisher\":{\"@id\":\"https:\\\/\\\/vozobrera.org\\\/periodico\\\/#organization\"},\"potentialAction\":[{\"@type\":\"SearchAction\",\"target\":{\"@type\":\"EntryPoint\",\"urlTemplate\":\"https:\\\/\\\/vozobrera.org\\\/periodico\\\/?s={search_term_string}\"},\"query-input\":{\"@type\":\"PropertyValueSpecification\",\"valueRequired\":true,\"valueName\":\"search_term_string\"}}],\"inLanguage\":\"es\"},{\"@type\":\"Organization\",\"@id\":\"https:\\\/\\\/vozobrera.org\\\/periodico\\\/#organization\",\"name\":\"voz obrera\",\"url\":\"https:\\\/\\\/vozobrera.org\\\/periodico\\\/\",\"logo\":{\"@type\":\"ImageObject\",\"inLanguage\":\"es\",\"@id\":\"https:\\\/\\\/vozobrera.org\\\/periodico\\\/#\\\/schema\\\/logo\\\/image\\\/\",\"url\":\"https:\\\/\\\/vozobrera.org\\\/periodico\\\/wp-content\\\/uploads\\\/2020\\\/07\\\/cropped-bandera_mitad_cuarto.png\",\"contentUrl\":\"https:\\\/\\\/vozobrera.org\\\/periodico\\\/wp-content\\\/uploads\\\/2020\\\/07\\\/cropped-bandera_mitad_cuarto.png\",\"width\":636,\"height\":222,\"caption\":\"voz obrera\"},\"image\":{\"@id\":\"https:\\\/\\\/vozobrera.org\\\/periodico\\\/#\\\/schema\\\/logo\\\/image\\\/\"},\"sameAs\":[\"https:\\\/\\\/www.instagram.com\\\/voz.obrera\\\/\"]},{\"@type\":\"Person\",\"@id\":\"https:\\\/\\\/vozobrera.org\\\/periodico\\\/#\\\/schema\\\/person\\\/89186dfca9d430042515d0f170d7d2ad\",\"name\":\"Voz Obrera\",\"image\":{\"@type\":\"ImageObject\",\"inLanguage\":\"es\",\"@id\":\"https:\\\/\\\/secure.gravatar.com\\\/avatar\\\/88146f3afc8434eee17c4a99d06699bfeedb3b68ea3847ee3d9dc5faa628f6d2?s=96&d=mm&r=g\",\"url\":\"https:\\\/\\\/secure.gravatar.com\\\/avatar\\\/88146f3afc8434eee17c4a99d06699bfeedb3b68ea3847ee3d9dc5faa628f6d2?s=96&d=mm&r=g\",\"contentUrl\":\"https:\\\/\\\/secure.gravatar.com\\\/avatar\\\/88146f3afc8434eee17c4a99d06699bfeedb3b68ea3847ee3d9dc5faa628f6d2?s=96&d=mm&r=g\",\"caption\":\"Voz Obrera\"},\"sameAs\":[\"http:\\\/\\\/www.vozobrera.org\"],\"url\":\"https:\\\/\\\/vozobrera.org\\\/periodico\\\/author\\\/vozobrera\\\/\"}]}<\/script>\n<!-- \/ Yoast SEO plugin. -->","yoast_head_json":{"title":"Marruecos: una dictadura aliada del imperialismo contra su propio pueblo | Voz Obrera","description":"La ola migratoria que ha conmocionado Ceuta en estos d\u00edas ha sacudido las conciencias de muchos. Sin embargo, obedece a causas profundas que se hunden en","robots":{"index":"index","follow":"follow","max-snippet":"max-snippet:-1","max-image-preview":"max-image-preview:large","max-video-preview":"max-video-preview:-1"},"canonical":"https:\/\/vozobrera.org\/periodico\/marruecos-una-dictadura-aliada-del-imperialismo-contra-su-propio-pueblo\/","og_locale":"es_ES","og_type":"article","og_title":"Marruecos: una dictadura aliada del imperialismo contra su propio pueblo | Voz Obrera","og_description":"La ola migratoria que ha conmocionado Ceuta en estos d\u00edas ha sacudido las conciencias de muchos. Sin embargo, obedece a causas profundas que se hunden en","og_url":"https:\/\/vozobrera.org\/periodico\/marruecos-una-dictadura-aliada-del-imperialismo-contra-su-propio-pueblo\/","og_site_name":"Voz Obrera","article_published_time":"2026-09-02T11:22:48+00:00","author":"Voz Obrera","twitter_card":"summary_large_image","twitter_misc":{"Escrito por":"Voz Obrera","Tiempo de lectura":"3 minutos"},"schema":{"@context":"https:\/\/schema.org","@graph":[{"@type":"Article","@id":"https:\/\/vozobrera.org\/periodico\/marruecos-una-dictadura-aliada-del-imperialismo-contra-su-propio-pueblo\/#article","isPartOf":{"@id":"https:\/\/vozobrera.org\/periodico\/marruecos-una-dictadura-aliada-del-imperialismo-contra-su-propio-pueblo\/"},"author":{"name":"Voz Obrera","@id":"https:\/\/vozobrera.org\/periodico\/#\/schema\/person\/89186dfca9d430042515d0f170d7d2ad"},"headline":"Marruecos: una dictadura aliada del imperialismo contra su propio pueblo","datePublished":"2026-09-02T11:22:48+00:00","mainEntityOfPage":{"@id":"https:\/\/vozobrera.org\/periodico\/marruecos-una-dictadura-aliada-del-imperialismo-contra-su-propio-pueblo\/"},"wordCount":572,"publisher":{"@id":"https:\/\/vozobrera.org\/periodico\/#organization"},"keywords":["SEP26"],"articleSection":["Mensual"],"inLanguage":"es"},{"@type":"WebPage","@id":"https:\/\/vozobrera.org\/periodico\/marruecos-una-dictadura-aliada-del-imperialismo-contra-su-propio-pueblo\/","url":"https:\/\/vozobrera.org\/periodico\/marruecos-una-dictadura-aliada-del-imperialismo-contra-su-propio-pueblo\/","name":"Marruecos: una dictadura aliada del imperialismo contra su propio pueblo | Voz Obrera","isPartOf":{"@id":"https:\/\/vozobrera.org\/periodico\/#website"},"datePublished":"2026-09-02T11:22:48+00:00","description":"La ola migratoria que ha conmocionado Ceuta en estos d\u00edas ha sacudido las conciencias de muchos. Sin embargo, obedece a causas profundas que se hunden en","breadcrumb":{"@id":"https:\/\/vozobrera.org\/periodico\/marruecos-una-dictadura-aliada-del-imperialismo-contra-su-propio-pueblo\/#breadcrumb"},"inLanguage":"es","potentialAction":[{"@type":"ReadAction","target":["https:\/\/vozobrera.org\/periodico\/marruecos-una-dictadura-aliada-del-imperialismo-contra-su-propio-pueblo\/"]}]},{"@type":"BreadcrumbList","@id":"https:\/\/vozobrera.org\/periodico\/marruecos-una-dictadura-aliada-del-imperialismo-contra-su-propio-pueblo\/#breadcrumb","itemListElement":[{"@type":"ListItem","position":1,"name":"Portada","item":"https:\/\/vozobrera.org\/periodico\/"},{"@type":"ListItem","position":2,"name":"Marruecos: una dictadura aliada del imperialismo contra su propio pueblo"}]},{"@type":"WebSite","@id":"https:\/\/vozobrera.org\/periodico\/#website","url":"https:\/\/vozobrera.org\/periodico\/","name":"Voz Obrera","description":"Uni\u00f3n Comunista Internacionalista","publisher":{"@id":"https:\/\/vozobrera.org\/periodico\/#organization"},"potentialAction":[{"@type":"SearchAction","target":{"@type":"EntryPoint","urlTemplate":"https:\/\/vozobrera.org\/periodico\/?s={search_term_string}"},"query-input":{"@type":"PropertyValueSpecification","valueRequired":true,"valueName":"search_term_string"}}],"inLanguage":"es"},{"@type":"Organization","@id":"https:\/\/vozobrera.org\/periodico\/#organization","name":"voz obrera","url":"https:\/\/vozobrera.org\/periodico\/","logo":{"@type":"ImageObject","inLanguage":"es","@id":"https:\/\/vozobrera.org\/periodico\/#\/schema\/logo\/image\/","url":"https:\/\/vozobrera.org\/periodico\/wp-content\/uploads\/2020\/07\/cropped-bandera_mitad_cuarto.png","contentUrl":"https:\/\/vozobrera.org\/periodico\/wp-content\/uploads\/2020\/07\/cropped-bandera_mitad_cuarto.png","width":636,"height":222,"caption":"voz obrera"},"image":{"@id":"https:\/\/vozobrera.org\/periodico\/#\/schema\/logo\/image\/"},"sameAs":["https:\/\/www.instagram.com\/voz.obrera\/"]},{"@type":"Person","@id":"https:\/\/vozobrera.org\/periodico\/#\/schema\/person\/89186dfca9d430042515d0f170d7d2ad","name":"Voz Obrera","image":{"@type":"ImageObject","inLanguage":"es","@id":"https:\/\/secure.gravatar.com\/avatar\/88146f3afc8434eee17c4a99d06699bfeedb3b68ea3847ee3d9dc5faa628f6d2?s=96&d=mm&r=g","url":"https:\/\/secure.gravatar.com\/avatar\/88146f3afc8434eee17c4a99d06699bfeedb3b68ea3847ee3d9dc5faa628f6d2?s=96&d=mm&r=g","contentUrl":"https:\/\/secure.gravatar.com\/avatar\/88146f3afc8434eee17c4a99d06699bfeedb3b68ea3847ee3d9dc5faa628f6d2?s=96&d=mm&r=g","caption":"Voz Obrera"},"sameAs":["http:\/\/www.vozobrera.org"],"url":"https:\/\/vozobrera.org\/periodico\/author\/vozobrera\/"}]}},"_links":{"self":[{"href":"https:\/\/vozobrera.org\/periodico\/wp-json\/wp\/v2\/posts\/17601","targetHints":{"allow":["GET"]}}],"collection":[{"href":"https:\/\/vozobrera.org\/periodico\/wp-json\/wp\/v2\/posts"}],"about":[{"href":"https:\/\/vozobrera.org\/periodico\/wp-json\/wp\/v2\/types\/post"}],"author":[{"embeddable":true,"href":"https:\/\/vozobrera.org\/periodico\/wp-json\/wp\/v2\/users\/5"}],"replies":[{"embeddable":true,"href":"https:\/\/vozobrera.org\/periodico\/wp-json\/wp\/v2\/comments?post=17601"}],"version-history":[{"count":1,"href":"https:\/\/vozobrera.org\/periodico\/wp-json\/wp\/v2\/posts\/17601\/revisions"}],"predecessor-version":[{"id":17602,"href":"https:\/\/vozobrera.org\/periodico\/wp-json\/wp\/v2\/posts\/17601\/revisions\/17602"}],"wp:attachment":[{"href":"https:\/\/vozobrera.org\/periodico\/wp-json\/wp\/v2\/media?parent=17601"}],"wp:term":[{"taxonomy":"category","embeddable":true,"href":"https:\/\/vozobrera.org\/periodico\/wp-json\/wp\/v2\/categories?post=17601"},{"taxonomy":"post_tag","embeddable":true,"href":"https:\/\/vozobrera.org\/periodico\/wp-json\/wp\/v2\/tags?post=17601"}],"curies":[{"name":"wp","href":"https:\/\/api.w.org\/{rel}","templated":true}]}}