{"id":17597,"date":"2026-09-02T13:18:31","date_gmt":"2026-09-02T11:18:31","guid":{"rendered":"https:\/\/vozobrera.org\/periodico\/?p=17597"},"modified":"2026-09-02T13:18:31","modified_gmt":"2026-09-02T11:18:31","slug":"espana-y-marruecos-claves-economicas-y-competencia-nacionalista","status":"publish","type":"post","link":"https:\/\/vozobrera.org\/periodico\/espana-y-marruecos-claves-economicas-y-competencia-nacionalista\/","title":{"rendered":"Espa\u00f1a y Marruecos claves econ\u00f3micas y competencia nacionalista"},"content":{"rendered":"<p style=\"text-align: justify;\">Despu\u00e9s de Francia, Espa\u00f1a es el segundo pa\u00eds con m\u00e1s inversiones en el pa\u00eds magreb\u00ed, hay m\u00e1s de 360 empresas espa\u00f1olas con producci\u00f3n deslocalizada o filiales estables en Marruecos, de las cuales un porcentaje significativo pertenece de forma directa o indirecta al sector agr\u00edcola y agroalimentario. Entre ellas, cabr\u00eda citar EBRO Food (Arroces El Brillante y SOS, entre otros); Grupo Borges; Agroatlas &#8211; Nature Growers (hortalizas en particular jud\u00edas verdes); Alicomar, de capital hispano-marroqu\u00ed, dedicada a la elaboraci\u00f3n y envasado de salsas, encurtidos y conservas vegetales bajo marcas como Bangor; Friopuerto T\u00e1nger \/ Frigodar, soluciones log\u00edsticas, almacenes de fr\u00edo y transporte por carretera\u2026<\/p>\n<p style=\"text-align: justify;\">Destaquemos Inditex en el sector textil marroqu\u00ed con unos 200 proveedores y 90.000 empleados. Inditex agrupa empresas bajo su mando creando una red que trabaja para ella. T\u00e9cnicamente se le llama cl\u00faster a esta agrupaci\u00f3n y de los doce que tiene distribuidos por el mundo, Marruecos alberga uno de ellos. No hay que decir que es la mano de obra barata la que hace que Zara mantenga los beneficios mil millonarios y Amancio Ortega sea uno de los grandes multimillonarios del mundo.<\/p>\n<p style=\"text-align: justify;\">Como hemos escrito en el art\u00edculo anterior, el salario m\u00ednimo mensual legal fuera del sector agr\u00edcola es de unos 320 euros, mientras que el salario m\u00ednimo agr\u00edcola asciende a aproximadamente 9 euros por d\u00eda. Con estos salarios se comprende bien los intereses de la burgues\u00eda espa\u00f1ola y su gobierno \u201cde progreso\u201d.<\/p>\n<p style=\"text-align: justify;\">La econom\u00eda capitalista en Marruecos est\u00e1 dominada por el rey, uno de los hombres m\u00e1s ricos de \u00c1frica, quien, a trav\u00e9s de su propiedad de Al Mada, el conglomerado m\u00e1s grande del pa\u00eds, controla e influye en una parte sustancial de la econom\u00eda. Las participaciones de Al Mada incluyen el banco m\u00e1s grande de Marruecos, Attijariwafa Bank; la empresa minera Managem; las cadenas minoristas Marjane y Acima; y participaciones importantes en los sectores agroindustrial, del cemento, inmobiliario y de materiales de construcci\u00f3n.<\/p>\n<p style=\"text-align: justify;\">La burgues\u00eda marroqu\u00ed cada vez m\u00e1s ligada a las burgues\u00edas francesa y espa\u00f1ola mantiene ese tira y afloja con su rey al mando, en sus reivindicaciones del gran Marruecos en un enfrentamiento con Argelia y el Frente Polisario del antiguo S\u00e1hara espa\u00f1ol. De ah\u00ed su ligaz\u00f3n pol\u00edtica con el imperialismo de EEUU e Israel. Por ello la reivindicaci\u00f3n marroqu\u00ed de Ceuta y Melilla se compensa con la cesi\u00f3n del S\u00e1hara por Espa\u00f1a a cambio del control de fronteras e inversiones econ\u00f3micas.<\/p>\n<p style=\"text-align: justify;\">En estos intereses la clase trabajadora espa\u00f1ola y marroqu\u00ed no tiene otra salida que la solidaridad internacionalista, contra aquellos que de verdad nos explotan en Espa\u00f1a y en Marruecos que no son m\u00e1s que la burgues\u00eda y sus pol\u00edticos de un lado y otro del estrecho.<\/p>\n","protected":false},"excerpt":{"rendered":"<p>Despu\u00e9s de Francia, Espa\u00f1a es el segundo pa\u00eds con m\u00e1s inversiones en el pa\u00eds magreb\u00ed, hay m\u00e1s de 360 empresas espa\u00f1olas con producci\u00f3n deslocalizada o filiales estables en Marruecos, de las cuales un porcentaje significativo pertenece de forma directa o indirecta al sector agr\u00edcola y agroalimentario. Entre ellas, cabr\u00eda citar EBRO Food (Arroces El Brillante&hellip;&nbsp;<a href=\"https:\/\/vozobrera.org\/periodico\/espana-y-marruecos-claves-economicas-y-competencia-nacionalista\/\" rel=\"bookmark\">Leer m\u00e1s &raquo;<span class=\"screen-reader-text\">Espa\u00f1a y Marruecos claves econ\u00f3micas y competencia nacionalista<\/span><\/a><\/p>\n","protected":false},"author":5,"featured_media":0,"comment_status":"closed","ping_status":"closed","sticky":false,"template":"","format":"standard","meta":{"neve_meta_sidebar":"","neve_meta_container":"","neve_meta_enable_content_width":"off","neve_meta_content_width":70,"neve_meta_title_alignment":"","neve_meta_author_avatar":"","neve_post_elements_order":"","neve_meta_disable_header":"","neve_meta_disable_footer":"","neve_meta_disable_title":"","footnotes":""},"categories":[10],"tags":[700],"class_list":["post-17597","post","type-post","status-publish","format-standard","hentry","category-mensual","tag-sep26"],"yoast_head":"<!-- This site is optimized with the Yoast SEO plugin v28.4 - https:\/\/yoast.com\/product\/yoast-seo-wordpress\/ -->\n<title>Espa\u00f1a y Marruecos claves econ\u00f3micas y competencia nacionalista | Voz Obrera<\/title>\n<meta name=\"description\" content=\"Despu\u00e9s de Francia, Espa\u00f1a es el segundo pa\u00eds con m\u00e1s inversiones en el pa\u00eds magreb\u00ed, hay m\u00e1s de 360 empresas espa\u00f1olas con producci\u00f3n deslocalizada o\" \/>\n<meta name=\"robots\" content=\"index, follow, max-snippet:-1, max-image-preview:large, max-video-preview:-1\" \/>\n<link rel=\"canonical\" href=\"https:\/\/vozobrera.org\/periodico\/espana-y-marruecos-claves-economicas-y-competencia-nacionalista\/\" \/>\n<meta property=\"og:locale\" content=\"es_ES\" \/>\n<meta property=\"og:type\" content=\"article\" \/>\n<meta property=\"og:title\" content=\"Espa\u00f1a y Marruecos claves econ\u00f3micas y competencia nacionalista | Voz Obrera\" \/>\n<meta property=\"og:description\" content=\"Despu\u00e9s de Francia, Espa\u00f1a es el segundo pa\u00eds con m\u00e1s inversiones en el pa\u00eds magreb\u00ed, hay m\u00e1s de 360 empresas espa\u00f1olas con producci\u00f3n deslocalizada o\" \/>\n<meta property=\"og:url\" content=\"https:\/\/vozobrera.org\/periodico\/espana-y-marruecos-claves-economicas-y-competencia-nacionalista\/\" \/>\n<meta property=\"og:site_name\" content=\"Voz Obrera\" \/>\n<meta property=\"article:published_time\" content=\"2026-09-02T11:18:31+00:00\" \/>\n<meta name=\"author\" content=\"Voz Obrera\" \/>\n<meta name=\"twitter:card\" content=\"summary_large_image\" \/>\n<meta name=\"twitter:label1\" content=\"Escrito por\" \/>\n\t<meta name=\"twitter:data1\" content=\"Voz Obrera\" \/>\n\t<meta name=\"twitter:label2\" content=\"Tiempo de lectura\" \/>\n\t<meta name=\"twitter:data2\" content=\"3 minutos\" \/>\n<script type=\"application\/ld+json\" class=\"yoast-schema-graph\">{\"@context\":\"https:\\\/\\\/schema.org\",\"@graph\":[{\"@type\":\"Article\",\"@id\":\"https:\\\/\\\/vozobrera.org\\\/periodico\\\/espana-y-marruecos-claves-economicas-y-competencia-nacionalista\\\/#article\",\"isPartOf\":{\"@id\":\"https:\\\/\\\/vozobrera.org\\\/periodico\\\/espana-y-marruecos-claves-economicas-y-competencia-nacionalista\\\/\"},\"author\":{\"name\":\"Voz Obrera\",\"@id\":\"https:\\\/\\\/vozobrera.org\\\/periodico\\\/#\\\/schema\\\/person\\\/89186dfca9d430042515d0f170d7d2ad\"},\"headline\":\"Espa\u00f1a y Marruecos claves econ\u00f3micas y competencia nacionalista\",\"datePublished\":\"2026-09-02T11:18:31+00:00\",\"mainEntityOfPage\":{\"@id\":\"https:\\\/\\\/vozobrera.org\\\/periodico\\\/espana-y-marruecos-claves-economicas-y-competencia-nacionalista\\\/\"},\"wordCount\":501,\"publisher\":{\"@id\":\"https:\\\/\\\/vozobrera.org\\\/periodico\\\/#organization\"},\"keywords\":[\"SEP26\"],\"articleSection\":[\"Mensual\"],\"inLanguage\":\"es\"},{\"@type\":\"WebPage\",\"@id\":\"https:\\\/\\\/vozobrera.org\\\/periodico\\\/espana-y-marruecos-claves-economicas-y-competencia-nacionalista\\\/\",\"url\":\"https:\\\/\\\/vozobrera.org\\\/periodico\\\/espana-y-marruecos-claves-economicas-y-competencia-nacionalista\\\/\",\"name\":\"Espa\u00f1a y Marruecos claves econ\u00f3micas y competencia nacionalista | Voz Obrera\",\"isPartOf\":{\"@id\":\"https:\\\/\\\/vozobrera.org\\\/periodico\\\/#website\"},\"datePublished\":\"2026-09-02T11:18:31+00:00\",\"description\":\"Despu\u00e9s de Francia, Espa\u00f1a es el segundo pa\u00eds con m\u00e1s inversiones en el pa\u00eds magreb\u00ed, hay m\u00e1s de 360 empresas espa\u00f1olas con producci\u00f3n deslocalizada o\",\"breadcrumb\":{\"@id\":\"https:\\\/\\\/vozobrera.org\\\/periodico\\\/espana-y-marruecos-claves-economicas-y-competencia-nacionalista\\\/#breadcrumb\"},\"inLanguage\":\"es\",\"potentialAction\":[{\"@type\":\"ReadAction\",\"target\":[\"https:\\\/\\\/vozobrera.org\\\/periodico\\\/espana-y-marruecos-claves-economicas-y-competencia-nacionalista\\\/\"]}]},{\"@type\":\"BreadcrumbList\",\"@id\":\"https:\\\/\\\/vozobrera.org\\\/periodico\\\/espana-y-marruecos-claves-economicas-y-competencia-nacionalista\\\/#breadcrumb\",\"itemListElement\":[{\"@type\":\"ListItem\",\"position\":1,\"name\":\"Portada\",\"item\":\"https:\\\/\\\/vozobrera.org\\\/periodico\\\/\"},{\"@type\":\"ListItem\",\"position\":2,\"name\":\"Espa\u00f1a y Marruecos claves econ\u00f3micas y competencia nacionalista\"}]},{\"@type\":\"WebSite\",\"@id\":\"https:\\\/\\\/vozobrera.org\\\/periodico\\\/#website\",\"url\":\"https:\\\/\\\/vozobrera.org\\\/periodico\\\/\",\"name\":\"Voz Obrera\",\"description\":\"Uni\u00f3n Comunista Internacionalista\",\"publisher\":{\"@id\":\"https:\\\/\\\/vozobrera.org\\\/periodico\\\/#organization\"},\"potentialAction\":[{\"@type\":\"SearchAction\",\"target\":{\"@type\":\"EntryPoint\",\"urlTemplate\":\"https:\\\/\\\/vozobrera.org\\\/periodico\\\/?s={search_term_string}\"},\"query-input\":{\"@type\":\"PropertyValueSpecification\",\"valueRequired\":true,\"valueName\":\"search_term_string\"}}],\"inLanguage\":\"es\"},{\"@type\":\"Organization\",\"@id\":\"https:\\\/\\\/vozobrera.org\\\/periodico\\\/#organization\",\"name\":\"voz obrera\",\"url\":\"https:\\\/\\\/vozobrera.org\\\/periodico\\\/\",\"logo\":{\"@type\":\"ImageObject\",\"inLanguage\":\"es\",\"@id\":\"https:\\\/\\\/vozobrera.org\\\/periodico\\\/#\\\/schema\\\/logo\\\/image\\\/\",\"url\":\"https:\\\/\\\/vozobrera.org\\\/periodico\\\/wp-content\\\/uploads\\\/2020\\\/07\\\/cropped-bandera_mitad_cuarto.png\",\"contentUrl\":\"https:\\\/\\\/vozobrera.org\\\/periodico\\\/wp-content\\\/uploads\\\/2020\\\/07\\\/cropped-bandera_mitad_cuarto.png\",\"width\":636,\"height\":222,\"caption\":\"voz obrera\"},\"image\":{\"@id\":\"https:\\\/\\\/vozobrera.org\\\/periodico\\\/#\\\/schema\\\/logo\\\/image\\\/\"},\"sameAs\":[\"https:\\\/\\\/www.instagram.com\\\/voz.obrera\\\/\"]},{\"@type\":\"Person\",\"@id\":\"https:\\\/\\\/vozobrera.org\\\/periodico\\\/#\\\/schema\\\/person\\\/89186dfca9d430042515d0f170d7d2ad\",\"name\":\"Voz Obrera\",\"image\":{\"@type\":\"ImageObject\",\"inLanguage\":\"es\",\"@id\":\"https:\\\/\\\/secure.gravatar.com\\\/avatar\\\/88146f3afc8434eee17c4a99d06699bfeedb3b68ea3847ee3d9dc5faa628f6d2?s=96&d=mm&r=g\",\"url\":\"https:\\\/\\\/secure.gravatar.com\\\/avatar\\\/88146f3afc8434eee17c4a99d06699bfeedb3b68ea3847ee3d9dc5faa628f6d2?s=96&d=mm&r=g\",\"contentUrl\":\"https:\\\/\\\/secure.gravatar.com\\\/avatar\\\/88146f3afc8434eee17c4a99d06699bfeedb3b68ea3847ee3d9dc5faa628f6d2?s=96&d=mm&r=g\",\"caption\":\"Voz Obrera\"},\"sameAs\":[\"http:\\\/\\\/www.vozobrera.org\"],\"url\":\"https:\\\/\\\/vozobrera.org\\\/periodico\\\/author\\\/vozobrera\\\/\"}]}<\/script>\n<!-- \/ Yoast SEO plugin. -->","yoast_head_json":{"title":"Espa\u00f1a y Marruecos claves econ\u00f3micas y competencia nacionalista | Voz Obrera","description":"Despu\u00e9s de Francia, Espa\u00f1a es el segundo pa\u00eds con m\u00e1s inversiones en el pa\u00eds magreb\u00ed, hay m\u00e1s de 360 empresas espa\u00f1olas con producci\u00f3n deslocalizada o","robots":{"index":"index","follow":"follow","max-snippet":"max-snippet:-1","max-image-preview":"max-image-preview:large","max-video-preview":"max-video-preview:-1"},"canonical":"https:\/\/vozobrera.org\/periodico\/espana-y-marruecos-claves-economicas-y-competencia-nacionalista\/","og_locale":"es_ES","og_type":"article","og_title":"Espa\u00f1a y Marruecos claves econ\u00f3micas y competencia nacionalista | Voz Obrera","og_description":"Despu\u00e9s de Francia, Espa\u00f1a es el segundo pa\u00eds con m\u00e1s inversiones en el pa\u00eds magreb\u00ed, hay m\u00e1s de 360 empresas espa\u00f1olas con producci\u00f3n deslocalizada o","og_url":"https:\/\/vozobrera.org\/periodico\/espana-y-marruecos-claves-economicas-y-competencia-nacionalista\/","og_site_name":"Voz Obrera","article_published_time":"2026-09-02T11:18:31+00:00","author":"Voz Obrera","twitter_card":"summary_large_image","twitter_misc":{"Escrito por":"Voz Obrera","Tiempo de lectura":"3 minutos"},"schema":{"@context":"https:\/\/schema.org","@graph":[{"@type":"Article","@id":"https:\/\/vozobrera.org\/periodico\/espana-y-marruecos-claves-economicas-y-competencia-nacionalista\/#article","isPartOf":{"@id":"https:\/\/vozobrera.org\/periodico\/espana-y-marruecos-claves-economicas-y-competencia-nacionalista\/"},"author":{"name":"Voz Obrera","@id":"https:\/\/vozobrera.org\/periodico\/#\/schema\/person\/89186dfca9d430042515d0f170d7d2ad"},"headline":"Espa\u00f1a y Marruecos claves econ\u00f3micas y competencia nacionalista","datePublished":"2026-09-02T11:18:31+00:00","mainEntityOfPage":{"@id":"https:\/\/vozobrera.org\/periodico\/espana-y-marruecos-claves-economicas-y-competencia-nacionalista\/"},"wordCount":501,"publisher":{"@id":"https:\/\/vozobrera.org\/periodico\/#organization"},"keywords":["SEP26"],"articleSection":["Mensual"],"inLanguage":"es"},{"@type":"WebPage","@id":"https:\/\/vozobrera.org\/periodico\/espana-y-marruecos-claves-economicas-y-competencia-nacionalista\/","url":"https:\/\/vozobrera.org\/periodico\/espana-y-marruecos-claves-economicas-y-competencia-nacionalista\/","name":"Espa\u00f1a y Marruecos claves econ\u00f3micas y competencia nacionalista | Voz Obrera","isPartOf":{"@id":"https:\/\/vozobrera.org\/periodico\/#website"},"datePublished":"2026-09-02T11:18:31+00:00","description":"Despu\u00e9s de Francia, Espa\u00f1a es el segundo pa\u00eds con m\u00e1s inversiones en el pa\u00eds magreb\u00ed, hay m\u00e1s de 360 empresas espa\u00f1olas con producci\u00f3n deslocalizada o","breadcrumb":{"@id":"https:\/\/vozobrera.org\/periodico\/espana-y-marruecos-claves-economicas-y-competencia-nacionalista\/#breadcrumb"},"inLanguage":"es","potentialAction":[{"@type":"ReadAction","target":["https:\/\/vozobrera.org\/periodico\/espana-y-marruecos-claves-economicas-y-competencia-nacionalista\/"]}]},{"@type":"BreadcrumbList","@id":"https:\/\/vozobrera.org\/periodico\/espana-y-marruecos-claves-economicas-y-competencia-nacionalista\/#breadcrumb","itemListElement":[{"@type":"ListItem","position":1,"name":"Portada","item":"https:\/\/vozobrera.org\/periodico\/"},{"@type":"ListItem","position":2,"name":"Espa\u00f1a y Marruecos claves econ\u00f3micas y competencia nacionalista"}]},{"@type":"WebSite","@id":"https:\/\/vozobrera.org\/periodico\/#website","url":"https:\/\/vozobrera.org\/periodico\/","name":"Voz Obrera","description":"Uni\u00f3n Comunista Internacionalista","publisher":{"@id":"https:\/\/vozobrera.org\/periodico\/#organization"},"potentialAction":[{"@type":"SearchAction","target":{"@type":"EntryPoint","urlTemplate":"https:\/\/vozobrera.org\/periodico\/?s={search_term_string}"},"query-input":{"@type":"PropertyValueSpecification","valueRequired":true,"valueName":"search_term_string"}}],"inLanguage":"es"},{"@type":"Organization","@id":"https:\/\/vozobrera.org\/periodico\/#organization","name":"voz obrera","url":"https:\/\/vozobrera.org\/periodico\/","logo":{"@type":"ImageObject","inLanguage":"es","@id":"https:\/\/vozobrera.org\/periodico\/#\/schema\/logo\/image\/","url":"https:\/\/vozobrera.org\/periodico\/wp-content\/uploads\/2020\/07\/cropped-bandera_mitad_cuarto.png","contentUrl":"https:\/\/vozobrera.org\/periodico\/wp-content\/uploads\/2020\/07\/cropped-bandera_mitad_cuarto.png","width":636,"height":222,"caption":"voz obrera"},"image":{"@id":"https:\/\/vozobrera.org\/periodico\/#\/schema\/logo\/image\/"},"sameAs":["https:\/\/www.instagram.com\/voz.obrera\/"]},{"@type":"Person","@id":"https:\/\/vozobrera.org\/periodico\/#\/schema\/person\/89186dfca9d430042515d0f170d7d2ad","name":"Voz Obrera","image":{"@type":"ImageObject","inLanguage":"es","@id":"https:\/\/secure.gravatar.com\/avatar\/88146f3afc8434eee17c4a99d06699bfeedb3b68ea3847ee3d9dc5faa628f6d2?s=96&d=mm&r=g","url":"https:\/\/secure.gravatar.com\/avatar\/88146f3afc8434eee17c4a99d06699bfeedb3b68ea3847ee3d9dc5faa628f6d2?s=96&d=mm&r=g","contentUrl":"https:\/\/secure.gravatar.com\/avatar\/88146f3afc8434eee17c4a99d06699bfeedb3b68ea3847ee3d9dc5faa628f6d2?s=96&d=mm&r=g","caption":"Voz Obrera"},"sameAs":["http:\/\/www.vozobrera.org"],"url":"https:\/\/vozobrera.org\/periodico\/author\/vozobrera\/"}]}},"_links":{"self":[{"href":"https:\/\/vozobrera.org\/periodico\/wp-json\/wp\/v2\/posts\/17597","targetHints":{"allow":["GET"]}}],"collection":[{"href":"https:\/\/vozobrera.org\/periodico\/wp-json\/wp\/v2\/posts"}],"about":[{"href":"https:\/\/vozobrera.org\/periodico\/wp-json\/wp\/v2\/types\/post"}],"author":[{"embeddable":true,"href":"https:\/\/vozobrera.org\/periodico\/wp-json\/wp\/v2\/users\/5"}],"replies":[{"embeddable":true,"href":"https:\/\/vozobrera.org\/periodico\/wp-json\/wp\/v2\/comments?post=17597"}],"version-history":[{"count":1,"href":"https:\/\/vozobrera.org\/periodico\/wp-json\/wp\/v2\/posts\/17597\/revisions"}],"predecessor-version":[{"id":17598,"href":"https:\/\/vozobrera.org\/periodico\/wp-json\/wp\/v2\/posts\/17597\/revisions\/17598"}],"wp:attachment":[{"href":"https:\/\/vozobrera.org\/periodico\/wp-json\/wp\/v2\/media?parent=17597"}],"wp:term":[{"taxonomy":"category","embeddable":true,"href":"https:\/\/vozobrera.org\/periodico\/wp-json\/wp\/v2\/categories?post=17597"},{"taxonomy":"post_tag","embeddable":true,"href":"https:\/\/vozobrera.org\/periodico\/wp-json\/wp\/v2\/tags?post=17597"}],"curies":[{"name":"wp","href":"https:\/\/api.w.org\/{rel}","templated":true}]}}