{"id":17594,"date":"2026-09-02T13:15:33","date_gmt":"2026-09-02T11:15:33","guid":{"rendered":"https:\/\/vozobrera.org\/periodico\/?p=17594"},"modified":"2026-09-02T13:15:33","modified_gmt":"2026-09-02T11:15:33","slug":"los-errores-del-sistema-electrico-quien-los-paga-realmente","status":"publish","type":"post","link":"https:\/\/vozobrera.org\/periodico\/los-errores-del-sistema-electrico-quien-los-paga-realmente\/","title":{"rendered":"Los errores del sistema el\u00e9ctrico \u00bfqui\u00e9n los paga realmente?"},"content":{"rendered":"<p style=\"text-align: justify;\">Las investigaciones llevadas a cabo tras el \u201cGran Apag\u00f3n Ib\u00e9rico\u201d del 28 de abril de 2025 concluyeron que el cero energ\u00e9tico fue un fen\u00f3meno multifactorial: una cascada de sobrevoltajes, oscilaciones de baja frecuencia y la desconexi\u00f3n incorrecta de varios generadores privados.<\/p>\n<p style=\"text-align: justify;\">Para prevenir que se repita, la red europea ENTSO-E y los operadores el\u00e9ctricos nacionales propusieron un paquete integral de soluciones: reformas t\u00e9cnicas, regulatorias y de infraestructura, con el fin de obtener un mayor control din\u00e1mico de la tensi\u00f3n en cada momento.<\/p>\n<p style=\"text-align: justify;\">Los costes de estas medidas se han dividido en tres bloques. El Plan Antiapagones de Respaldo, por 9.000 millones de euros destinados a retribuir econ\u00f3micamente a centrales de generaci\u00f3n para que est\u00e9n siempre operativas. El Sobrecoste Operativo Inmediato , que este a\u00f1o asciende a 5.600 millones de euros. Por \u00faltimo, la Factura de Reposici\u00f3n Directa del Apag\u00f3n, con un coste de 38,7 millones de euros. El dinero para financiar estas multimillonarias reformas estructurales sale sobre todo de recargos en la factura de la luz, de fondos europeos de recuperaci\u00f3n, que no es m\u00e1s que dinero p\u00fablico recaudado del IVA e IRPF y de otros impuestos.<\/p>\n<p style=\"text-align: justify;\">Los propios operadores de red, desarrolladores de parques e\u00f3licos, plantas solares y grandes instalaciones de autoconsumo industrial est\u00e1n obligados a pagar de sus propios ingresos la actualizaci\u00f3n de sus sistemas para cumplir con las nuevas exigencias de Bruselas. Si no lo hacen, pierden el derecho a verter energ\u00eda a la red. Pero no es menos cierto que existen ayudas y subvenciones orientadas \u00e9stas a cubrir los costes de adaptaci\u00f3n, modernizaci\u00f3n y actualizaci\u00f3n de esos sistemas. Vamos, lo que se gastan por un lado lo recuperan con dinero p\u00fablico por otro. Pero el grueso de ese dinero se lo ahorran las empresas y lo pagan los trabajadores.<\/p>\n<p style=\"text-align: justify;\">Con la industria energ\u00e9tica en manos privadas, dado que su objetivo principal es la b\u00fasqueda del beneficio inmediato, por s\u00ed sola nunca se habr\u00eda propuesto invertir su propio capital para llevar a cabo cambios t\u00e9cnicos, mejoras y un mayor control en su forma de producir electricidad, por lo que dar estabilidad y seguridad al conjunto de la red para evitar apagones est\u00e1 fuera de sus prioridades.<\/p>\n<p style=\"text-align: justify;\">Y encima los trabajadores tenemos que mantener a conocidos expol\u00edticos de partidos tanto del PP como del PSOE que desde hace a\u00f1os acupan cargos en empresas como Iberdrola, Enedesa, Naturgy y Red El\u00e9ctrica. Las puertas giratorias las tienen bien engrasadas.<\/p>\n<p style=\"text-align: justify;\">En otras palabras, la causa primera del apag\u00f3n es el descontrol que se origina cuando los capitalistas act\u00faan seg\u00fan los propios intereses de cada uno. Esto es algo que se ve no solo en la electricidad, lo vemos en los trenes, en los servicios p\u00fablicos privatizados, etc.<\/p>\n<p style=\"text-align: justify;\">Para poner al d\u00eda los sistemas t\u00e9cnicos y de control de estas empresas privadas de la energ\u00eda se costea del bolsillo de la poblaci\u00f3n trabajadora, que ya pagan un elevado precio por la electricidad y mientras tanto los salarios en su mayor\u00eda contin\u00faan por debajo del IPC. A eso le llaman colaboraci\u00f3n p\u00fablico-privada.<\/p>\n","protected":false},"excerpt":{"rendered":"<p>Las investigaciones llevadas a cabo tras el \u201cGran Apag\u00f3n Ib\u00e9rico\u201d del 28 de abril de 2025 concluyeron que el cero energ\u00e9tico fue un fen\u00f3meno multifactorial: una cascada de sobrevoltajes, oscilaciones de baja frecuencia y la desconexi\u00f3n incorrecta de varios generadores privados. Para prevenir que se repita, la red europea ENTSO-E y los operadores el\u00e9ctricos nacionales&hellip;&nbsp;<a href=\"https:\/\/vozobrera.org\/periodico\/los-errores-del-sistema-electrico-quien-los-paga-realmente\/\" rel=\"bookmark\">Leer m\u00e1s &raquo;<span class=\"screen-reader-text\">Los errores del sistema el\u00e9ctrico \u00bfqui\u00e9n los paga realmente?<\/span><\/a><\/p>\n","protected":false},"author":5,"featured_media":0,"comment_status":"closed","ping_status":"closed","sticky":false,"template":"","format":"standard","meta":{"neve_meta_sidebar":"","neve_meta_container":"","neve_meta_enable_content_width":"off","neve_meta_content_width":70,"neve_meta_title_alignment":"","neve_meta_author_avatar":"","neve_post_elements_order":"","neve_meta_disable_header":"","neve_meta_disable_footer":"","neve_meta_disable_title":"","footnotes":""},"categories":[10],"tags":[700],"class_list":["post-17594","post","type-post","status-publish","format-standard","hentry","category-mensual","tag-sep26"],"yoast_head":"<!-- This site is optimized with the Yoast SEO plugin v28.4 - https:\/\/yoast.com\/product\/yoast-seo-wordpress\/ -->\n<title>Los errores del sistema el\u00e9ctrico \u00bfqui\u00e9n los paga realmente? | Voz Obrera<\/title>\n<meta name=\"description\" content=\"Las investigaciones llevadas a cabo tras el \u201cGran Apag\u00f3n Ib\u00e9rico\u201d del 28 de abril de 2025 concluyeron que el cero energ\u00e9tico fue un fen\u00f3meno\" \/>\n<meta name=\"robots\" content=\"index, follow, max-snippet:-1, max-image-preview:large, max-video-preview:-1\" \/>\n<link rel=\"canonical\" href=\"https:\/\/vozobrera.org\/periodico\/los-errores-del-sistema-electrico-quien-los-paga-realmente\/\" \/>\n<meta property=\"og:locale\" content=\"es_ES\" \/>\n<meta property=\"og:type\" content=\"article\" \/>\n<meta property=\"og:title\" content=\"Los errores del sistema el\u00e9ctrico \u00bfqui\u00e9n los paga realmente? | Voz Obrera\" \/>\n<meta property=\"og:description\" content=\"Las investigaciones llevadas a cabo tras el \u201cGran Apag\u00f3n Ib\u00e9rico\u201d del 28 de abril de 2025 concluyeron que el cero energ\u00e9tico fue un fen\u00f3meno\" \/>\n<meta property=\"og:url\" content=\"https:\/\/vozobrera.org\/periodico\/los-errores-del-sistema-electrico-quien-los-paga-realmente\/\" \/>\n<meta property=\"og:site_name\" content=\"Voz Obrera\" \/>\n<meta property=\"article:published_time\" content=\"2026-09-02T11:15:33+00:00\" \/>\n<meta name=\"author\" content=\"Voz Obrera\" \/>\n<meta name=\"twitter:card\" content=\"summary_large_image\" \/>\n<meta name=\"twitter:label1\" content=\"Escrito por\" \/>\n\t<meta name=\"twitter:data1\" content=\"Voz Obrera\" \/>\n\t<meta name=\"twitter:label2\" content=\"Tiempo de lectura\" \/>\n\t<meta name=\"twitter:data2\" content=\"3 minutos\" \/>\n<script type=\"application\/ld+json\" class=\"yoast-schema-graph\">{\"@context\":\"https:\\\/\\\/schema.org\",\"@graph\":[{\"@type\":\"Article\",\"@id\":\"https:\\\/\\\/vozobrera.org\\\/periodico\\\/los-errores-del-sistema-electrico-quien-los-paga-realmente\\\/#article\",\"isPartOf\":{\"@id\":\"https:\\\/\\\/vozobrera.org\\\/periodico\\\/los-errores-del-sistema-electrico-quien-los-paga-realmente\\\/\"},\"author\":{\"name\":\"Voz Obrera\",\"@id\":\"https:\\\/\\\/vozobrera.org\\\/periodico\\\/#\\\/schema\\\/person\\\/89186dfca9d430042515d0f170d7d2ad\"},\"headline\":\"Los errores del sistema el\u00e9ctrico \u00bfqui\u00e9n los paga realmente?\",\"datePublished\":\"2026-09-02T11:15:33+00:00\",\"mainEntityOfPage\":{\"@id\":\"https:\\\/\\\/vozobrera.org\\\/periodico\\\/los-errores-del-sistema-electrico-quien-los-paga-realmente\\\/\"},\"wordCount\":549,\"publisher\":{\"@id\":\"https:\\\/\\\/vozobrera.org\\\/periodico\\\/#organization\"},\"keywords\":[\"SEP26\"],\"articleSection\":[\"Mensual\"],\"inLanguage\":\"es\"},{\"@type\":\"WebPage\",\"@id\":\"https:\\\/\\\/vozobrera.org\\\/periodico\\\/los-errores-del-sistema-electrico-quien-los-paga-realmente\\\/\",\"url\":\"https:\\\/\\\/vozobrera.org\\\/periodico\\\/los-errores-del-sistema-electrico-quien-los-paga-realmente\\\/\",\"name\":\"Los errores del sistema el\u00e9ctrico \u00bfqui\u00e9n los paga realmente? | Voz Obrera\",\"isPartOf\":{\"@id\":\"https:\\\/\\\/vozobrera.org\\\/periodico\\\/#website\"},\"datePublished\":\"2026-09-02T11:15:33+00:00\",\"description\":\"Las investigaciones llevadas a cabo tras el \u201cGran Apag\u00f3n Ib\u00e9rico\u201d del 28 de abril de 2025 concluyeron que el cero energ\u00e9tico fue un fen\u00f3meno\",\"breadcrumb\":{\"@id\":\"https:\\\/\\\/vozobrera.org\\\/periodico\\\/los-errores-del-sistema-electrico-quien-los-paga-realmente\\\/#breadcrumb\"},\"inLanguage\":\"es\",\"potentialAction\":[{\"@type\":\"ReadAction\",\"target\":[\"https:\\\/\\\/vozobrera.org\\\/periodico\\\/los-errores-del-sistema-electrico-quien-los-paga-realmente\\\/\"]}]},{\"@type\":\"BreadcrumbList\",\"@id\":\"https:\\\/\\\/vozobrera.org\\\/periodico\\\/los-errores-del-sistema-electrico-quien-los-paga-realmente\\\/#breadcrumb\",\"itemListElement\":[{\"@type\":\"ListItem\",\"position\":1,\"name\":\"Portada\",\"item\":\"https:\\\/\\\/vozobrera.org\\\/periodico\\\/\"},{\"@type\":\"ListItem\",\"position\":2,\"name\":\"Los errores del sistema el\u00e9ctrico \u00bfqui\u00e9n los paga realmente?\"}]},{\"@type\":\"WebSite\",\"@id\":\"https:\\\/\\\/vozobrera.org\\\/periodico\\\/#website\",\"url\":\"https:\\\/\\\/vozobrera.org\\\/periodico\\\/\",\"name\":\"Voz Obrera\",\"description\":\"Uni\u00f3n Comunista Internacionalista\",\"publisher\":{\"@id\":\"https:\\\/\\\/vozobrera.org\\\/periodico\\\/#organization\"},\"potentialAction\":[{\"@type\":\"SearchAction\",\"target\":{\"@type\":\"EntryPoint\",\"urlTemplate\":\"https:\\\/\\\/vozobrera.org\\\/periodico\\\/?s={search_term_string}\"},\"query-input\":{\"@type\":\"PropertyValueSpecification\",\"valueRequired\":true,\"valueName\":\"search_term_string\"}}],\"inLanguage\":\"es\"},{\"@type\":\"Organization\",\"@id\":\"https:\\\/\\\/vozobrera.org\\\/periodico\\\/#organization\",\"name\":\"voz obrera\",\"url\":\"https:\\\/\\\/vozobrera.org\\\/periodico\\\/\",\"logo\":{\"@type\":\"ImageObject\",\"inLanguage\":\"es\",\"@id\":\"https:\\\/\\\/vozobrera.org\\\/periodico\\\/#\\\/schema\\\/logo\\\/image\\\/\",\"url\":\"https:\\\/\\\/vozobrera.org\\\/periodico\\\/wp-content\\\/uploads\\\/2020\\\/07\\\/cropped-bandera_mitad_cuarto.png\",\"contentUrl\":\"https:\\\/\\\/vozobrera.org\\\/periodico\\\/wp-content\\\/uploads\\\/2020\\\/07\\\/cropped-bandera_mitad_cuarto.png\",\"width\":636,\"height\":222,\"caption\":\"voz obrera\"},\"image\":{\"@id\":\"https:\\\/\\\/vozobrera.org\\\/periodico\\\/#\\\/schema\\\/logo\\\/image\\\/\"},\"sameAs\":[\"https:\\\/\\\/www.instagram.com\\\/voz.obrera\\\/\"]},{\"@type\":\"Person\",\"@id\":\"https:\\\/\\\/vozobrera.org\\\/periodico\\\/#\\\/schema\\\/person\\\/89186dfca9d430042515d0f170d7d2ad\",\"name\":\"Voz Obrera\",\"image\":{\"@type\":\"ImageObject\",\"inLanguage\":\"es\",\"@id\":\"https:\\\/\\\/secure.gravatar.com\\\/avatar\\\/88146f3afc8434eee17c4a99d06699bfeedb3b68ea3847ee3d9dc5faa628f6d2?s=96&d=mm&r=g\",\"url\":\"https:\\\/\\\/secure.gravatar.com\\\/avatar\\\/88146f3afc8434eee17c4a99d06699bfeedb3b68ea3847ee3d9dc5faa628f6d2?s=96&d=mm&r=g\",\"contentUrl\":\"https:\\\/\\\/secure.gravatar.com\\\/avatar\\\/88146f3afc8434eee17c4a99d06699bfeedb3b68ea3847ee3d9dc5faa628f6d2?s=96&d=mm&r=g\",\"caption\":\"Voz Obrera\"},\"sameAs\":[\"http:\\\/\\\/www.vozobrera.org\"],\"url\":\"https:\\\/\\\/vozobrera.org\\\/periodico\\\/author\\\/vozobrera\\\/\"}]}<\/script>\n<!-- \/ Yoast SEO plugin. -->","yoast_head_json":{"title":"Los errores del sistema el\u00e9ctrico \u00bfqui\u00e9n los paga realmente? | Voz Obrera","description":"Las investigaciones llevadas a cabo tras el \u201cGran Apag\u00f3n Ib\u00e9rico\u201d del 28 de abril de 2025 concluyeron que el cero energ\u00e9tico fue un fen\u00f3meno","robots":{"index":"index","follow":"follow","max-snippet":"max-snippet:-1","max-image-preview":"max-image-preview:large","max-video-preview":"max-video-preview:-1"},"canonical":"https:\/\/vozobrera.org\/periodico\/los-errores-del-sistema-electrico-quien-los-paga-realmente\/","og_locale":"es_ES","og_type":"article","og_title":"Los errores del sistema el\u00e9ctrico \u00bfqui\u00e9n los paga realmente? | Voz Obrera","og_description":"Las investigaciones llevadas a cabo tras el \u201cGran Apag\u00f3n Ib\u00e9rico\u201d del 28 de abril de 2025 concluyeron que el cero energ\u00e9tico fue un fen\u00f3meno","og_url":"https:\/\/vozobrera.org\/periodico\/los-errores-del-sistema-electrico-quien-los-paga-realmente\/","og_site_name":"Voz Obrera","article_published_time":"2026-09-02T11:15:33+00:00","author":"Voz Obrera","twitter_card":"summary_large_image","twitter_misc":{"Escrito por":"Voz Obrera","Tiempo de lectura":"3 minutos"},"schema":{"@context":"https:\/\/schema.org","@graph":[{"@type":"Article","@id":"https:\/\/vozobrera.org\/periodico\/los-errores-del-sistema-electrico-quien-los-paga-realmente\/#article","isPartOf":{"@id":"https:\/\/vozobrera.org\/periodico\/los-errores-del-sistema-electrico-quien-los-paga-realmente\/"},"author":{"name":"Voz Obrera","@id":"https:\/\/vozobrera.org\/periodico\/#\/schema\/person\/89186dfca9d430042515d0f170d7d2ad"},"headline":"Los errores del sistema el\u00e9ctrico \u00bfqui\u00e9n los paga realmente?","datePublished":"2026-09-02T11:15:33+00:00","mainEntityOfPage":{"@id":"https:\/\/vozobrera.org\/periodico\/los-errores-del-sistema-electrico-quien-los-paga-realmente\/"},"wordCount":549,"publisher":{"@id":"https:\/\/vozobrera.org\/periodico\/#organization"},"keywords":["SEP26"],"articleSection":["Mensual"],"inLanguage":"es"},{"@type":"WebPage","@id":"https:\/\/vozobrera.org\/periodico\/los-errores-del-sistema-electrico-quien-los-paga-realmente\/","url":"https:\/\/vozobrera.org\/periodico\/los-errores-del-sistema-electrico-quien-los-paga-realmente\/","name":"Los errores del sistema el\u00e9ctrico \u00bfqui\u00e9n los paga realmente? | Voz Obrera","isPartOf":{"@id":"https:\/\/vozobrera.org\/periodico\/#website"},"datePublished":"2026-09-02T11:15:33+00:00","description":"Las investigaciones llevadas a cabo tras el \u201cGran Apag\u00f3n Ib\u00e9rico\u201d del 28 de abril de 2025 concluyeron que el cero energ\u00e9tico fue un fen\u00f3meno","breadcrumb":{"@id":"https:\/\/vozobrera.org\/periodico\/los-errores-del-sistema-electrico-quien-los-paga-realmente\/#breadcrumb"},"inLanguage":"es","potentialAction":[{"@type":"ReadAction","target":["https:\/\/vozobrera.org\/periodico\/los-errores-del-sistema-electrico-quien-los-paga-realmente\/"]}]},{"@type":"BreadcrumbList","@id":"https:\/\/vozobrera.org\/periodico\/los-errores-del-sistema-electrico-quien-los-paga-realmente\/#breadcrumb","itemListElement":[{"@type":"ListItem","position":1,"name":"Portada","item":"https:\/\/vozobrera.org\/periodico\/"},{"@type":"ListItem","position":2,"name":"Los errores del sistema el\u00e9ctrico \u00bfqui\u00e9n los paga realmente?"}]},{"@type":"WebSite","@id":"https:\/\/vozobrera.org\/periodico\/#website","url":"https:\/\/vozobrera.org\/periodico\/","name":"Voz Obrera","description":"Uni\u00f3n Comunista Internacionalista","publisher":{"@id":"https:\/\/vozobrera.org\/periodico\/#organization"},"potentialAction":[{"@type":"SearchAction","target":{"@type":"EntryPoint","urlTemplate":"https:\/\/vozobrera.org\/periodico\/?s={search_term_string}"},"query-input":{"@type":"PropertyValueSpecification","valueRequired":true,"valueName":"search_term_string"}}],"inLanguage":"es"},{"@type":"Organization","@id":"https:\/\/vozobrera.org\/periodico\/#organization","name":"voz obrera","url":"https:\/\/vozobrera.org\/periodico\/","logo":{"@type":"ImageObject","inLanguage":"es","@id":"https:\/\/vozobrera.org\/periodico\/#\/schema\/logo\/image\/","url":"https:\/\/vozobrera.org\/periodico\/wp-content\/uploads\/2020\/07\/cropped-bandera_mitad_cuarto.png","contentUrl":"https:\/\/vozobrera.org\/periodico\/wp-content\/uploads\/2020\/07\/cropped-bandera_mitad_cuarto.png","width":636,"height":222,"caption":"voz obrera"},"image":{"@id":"https:\/\/vozobrera.org\/periodico\/#\/schema\/logo\/image\/"},"sameAs":["https:\/\/www.instagram.com\/voz.obrera\/"]},{"@type":"Person","@id":"https:\/\/vozobrera.org\/periodico\/#\/schema\/person\/89186dfca9d430042515d0f170d7d2ad","name":"Voz Obrera","image":{"@type":"ImageObject","inLanguage":"es","@id":"https:\/\/secure.gravatar.com\/avatar\/88146f3afc8434eee17c4a99d06699bfeedb3b68ea3847ee3d9dc5faa628f6d2?s=96&d=mm&r=g","url":"https:\/\/secure.gravatar.com\/avatar\/88146f3afc8434eee17c4a99d06699bfeedb3b68ea3847ee3d9dc5faa628f6d2?s=96&d=mm&r=g","contentUrl":"https:\/\/secure.gravatar.com\/avatar\/88146f3afc8434eee17c4a99d06699bfeedb3b68ea3847ee3d9dc5faa628f6d2?s=96&d=mm&r=g","caption":"Voz Obrera"},"sameAs":["http:\/\/www.vozobrera.org"],"url":"https:\/\/vozobrera.org\/periodico\/author\/vozobrera\/"}]}},"_links":{"self":[{"href":"https:\/\/vozobrera.org\/periodico\/wp-json\/wp\/v2\/posts\/17594","targetHints":{"allow":["GET"]}}],"collection":[{"href":"https:\/\/vozobrera.org\/periodico\/wp-json\/wp\/v2\/posts"}],"about":[{"href":"https:\/\/vozobrera.org\/periodico\/wp-json\/wp\/v2\/types\/post"}],"author":[{"embeddable":true,"href":"https:\/\/vozobrera.org\/periodico\/wp-json\/wp\/v2\/users\/5"}],"replies":[{"embeddable":true,"href":"https:\/\/vozobrera.org\/periodico\/wp-json\/wp\/v2\/comments?post=17594"}],"version-history":[{"count":1,"href":"https:\/\/vozobrera.org\/periodico\/wp-json\/wp\/v2\/posts\/17594\/revisions"}],"predecessor-version":[{"id":17595,"href":"https:\/\/vozobrera.org\/periodico\/wp-json\/wp\/v2\/posts\/17594\/revisions\/17595"}],"wp:attachment":[{"href":"https:\/\/vozobrera.org\/periodico\/wp-json\/wp\/v2\/media?parent=17594"}],"wp:term":[{"taxonomy":"category","embeddable":true,"href":"https:\/\/vozobrera.org\/periodico\/wp-json\/wp\/v2\/categories?post=17594"},{"taxonomy":"post_tag","embeddable":true,"href":"https:\/\/vozobrera.org\/periodico\/wp-json\/wp\/v2\/tags?post=17594"}],"curies":[{"name":"wp","href":"https:\/\/api.w.org\/{rel}","templated":true}]}}