{"id":16529,"date":"2025-02-20T13:47:16","date_gmt":"2025-02-20T11:47:16","guid":{"rendered":"https:\/\/vozobrera.org\/periodico\/?p=16529"},"modified":"2025-02-20T13:47:16","modified_gmt":"2025-02-20T11:47:16","slug":"nuevo-acto-de-desprecio-a-la-cultura-por-parte-de-vox","status":"publish","type":"post","link":"https:\/\/vozobrera.org\/periodico\/nuevo-acto-de-desprecio-a-la-cultura-por-parte-de-vox\/","title":{"rendered":"NUEVO ACTO DE DESPRECIO A LA CULTURA POR PARTE DE VOX"},"content":{"rendered":"<p><a href=\"https:\/\/vozobrera.org\/periodico\/wp-content\/uploads\/2025\/02\/voz.obrera_1736508929_3542416114019148960_43325197885.jpg\"><img loading=\"lazy\" decoding=\"async\" class=\"alignleft  wp-image-16478\" src=\"https:\/\/vozobrera.org\/periodico\/wp-content\/uploads\/2025\/02\/voz.obrera_1736508929_3542416114019148960_43325197885.jpg\" alt=\"\" width=\"366\" height=\"458\" srcset=\"https:\/\/vozobrera.org\/periodico\/wp-content\/uploads\/2025\/02\/voz.obrera_1736508929_3542416114019148960_43325197885.jpg 320w, https:\/\/vozobrera.org\/periodico\/wp-content\/uploads\/2025\/02\/voz.obrera_1736508929_3542416114019148960_43325197885-240x300.jpg 240w\" sizes=\"auto, (max-width: 366px) 100vw, 366px\" \/><\/a><br \/>\nEl ateneo socio cultural \u00abViento del pueblo\u00bb ha denunciado la retirada por parte de la concejal\u00eda cultural de Orihuela, Alicante , en manos de Vox, de 17 fotograf\u00edas sobre el poeta Miguel Hern\u00e1ndez.<\/p>\n<p>ELEG\u00cdA.<br \/>\n( En Orihuela, su pueblo y el m\u00edo, se me ha muerto como del rayo ram\u00f3n Sij\u00e9, a quien tanto quer\u00eda)<\/p>\n<p>Yo quiero ser llorando el hortelano<br \/>\nde la tierra que ocupas y estercolas,<br \/>\ncompa\u00f1ero del alma, tan temprano.<\/p>\n<p>Alimentando lluvias, caracolas<br \/>\ny \u00f3rganos mi dolor sin instrumento<br \/>\na las desalentadas amapolas<\/p>\n<p>dar\u00e9 tu coraz\u00f3n por alimento.<br \/>\nTanto dolor se agrupa en mi costado<br \/>\nque por doler me duele hasta el aliento&#8230;<\/p>\n","protected":false},"excerpt":{"rendered":"<p>El ateneo socio cultural \u00abViento del pueblo\u00bb ha denunciado la retirada por parte de la concejal\u00eda cultural de Orihuela, Alicante , en manos de Vox, de 17 fotograf\u00edas sobre el poeta Miguel Hern\u00e1ndez. ELEG\u00cdA. ( En Orihuela, su pueblo y el m\u00edo, se me ha muerto como del rayo ram\u00f3n Sij\u00e9, a quien tanto quer\u00eda)&hellip;&nbsp;<a href=\"https:\/\/vozobrera.org\/periodico\/nuevo-acto-de-desprecio-a-la-cultura-por-parte-de-vox\/\" rel=\"bookmark\">Leer m\u00e1s &raquo;<span class=\"screen-reader-text\">NUEVO ACTO DE DESPRECIO A LA CULTURA POR PARTE DE VOX<\/span><\/a><\/p>\n","protected":false},"author":5,"featured_media":0,"comment_status":"closed","ping_status":"closed","sticky":false,"template":"","format":"standard","meta":{"neve_meta_sidebar":"","neve_meta_container":"","neve_meta_enable_content_width":"off","neve_meta_content_width":70,"neve_meta_title_alignment":"","neve_meta_author_avatar":"","neve_post_elements_order":"","neve_meta_disable_header":"","neve_meta_disable_footer":"","neve_meta_disable_title":"","footnotes":""},"categories":[677],"tags":[],"class_list":["post-16529","post","type-post","status-publish","format-standard","hentry","category-instagram"],"_links":{"self":[{"href":"https:\/\/vozobrera.org\/periodico\/wp-json\/wp\/v2\/posts\/16529","targetHints":{"allow":["GET"]}}],"collection":[{"href":"https:\/\/vozobrera.org\/periodico\/wp-json\/wp\/v2\/posts"}],"about":[{"href":"https:\/\/vozobrera.org\/periodico\/wp-json\/wp\/v2\/types\/post"}],"author":[{"embeddable":true,"href":"https:\/\/vozobrera.org\/periodico\/wp-json\/wp\/v2\/users\/5"}],"replies":[{"embeddable":true,"href":"https:\/\/vozobrera.org\/periodico\/wp-json\/wp\/v2\/comments?post=16529"}],"version-history":[{"count":1,"href":"https:\/\/vozobrera.org\/periodico\/wp-json\/wp\/v2\/posts\/16529\/revisions"}],"predecessor-version":[{"id":16530,"href":"https:\/\/vozobrera.org\/periodico\/wp-json\/wp\/v2\/posts\/16529\/revisions\/16530"}],"wp:attachment":[{"href":"https:\/\/vozobrera.org\/periodico\/wp-json\/wp\/v2\/media?parent=16529"}],"wp:term":[{"taxonomy":"category","embeddable":true,"href":"https:\/\/vozobrera.org\/periodico\/wp-json\/wp\/v2\/categories?post=16529"},{"taxonomy":"post_tag","embeddable":true,"href":"https:\/\/vozobrera.org\/periodico\/wp-json\/wp\/v2\/tags?post=16529"}],"curies":[{"name":"wp","href":"https:\/\/api.w.org\/{rel}","templated":true}]}}