{"id":16523,"date":"2025-02-20T13:45:31","date_gmt":"2025-02-20T11:45:31","guid":{"rendered":"https:\/\/vozobrera.org\/periodico\/?p=16523"},"modified":"2025-02-20T13:45:31","modified_gmt":"2025-02-20T11:45:31","slug":"muface-cronica-de-un-expolio-anunciado","status":"publish","type":"post","link":"https:\/\/vozobrera.org\/periodico\/muface-cronica-de-un-expolio-anunciado\/","title":{"rendered":"MUFACE: CR\u00d3NICA DE UN EXPOLIO ANUNCIADO"},"content":{"rendered":"<p>Finalmente, el gobierno ha cedido a la presi\u00f3n de la patronal: aumenta la prima para las aseguradoras en un 33,5%, muy cerca del 38% que ped\u00edan. Recordemos que Adeslas, Asisa y DKV mantuvieron un pulso con el gobierno, no concurriendo a la licitaci\u00f3n que inclu\u00eda un aumento del 17%.<\/p>\n<p>Finalmente la patronal de los seguros ha tomado de rehenes al funcionariado para aumentar los beneficios de unos pocos accionistas. En esta sociedad capitalista en crisis, todo se convierte en un negocio, la salud, la educaci\u00f3n, el servicio postal\u2026 \u00a1Pero por supuesto solamente all\u00ed donde ganen dinero! Todos sabemos que les interesan pacientes sanos y que se derivan pacientes graves a la Seguridad Social de muchas maneras.<\/p>\n<p>Y es que da igual el color pol\u00edtico: ning\u00fan gobierno ha apostado verdaderamente por lo p\u00fablico todos estos a\u00f1os, estando siempre al servicio de las patronales y manteniendo distintas formas encubiertas de privatizaci\u00f3n, con conciertos, colaboraciones p\u00fablico-privadas, \u2026 \u00a1POR UNA SANIDAD 100% P\u00daBLICA! \u00a1LA SALUD NO ES UN NEGOCIO!<\/p>\n<p><a href=\"https:\/\/vozobrera.org\/periodico\/wp-content\/uploads\/2025\/02\/voz.obrera_1734734608_3527532027294962443_43325197885.jpg\"><img loading=\"lazy\" decoding=\"async\" class=\"alignleft size-full wp-image-16481\" src=\"https:\/\/vozobrera.org\/periodico\/wp-content\/uploads\/2025\/02\/voz.obrera_1734734608_3527532027294962443_43325197885.jpg\" alt=\"\" width=\"344\" height=\"344\" srcset=\"https:\/\/vozobrera.org\/periodico\/wp-content\/uploads\/2025\/02\/voz.obrera_1734734608_3527532027294962443_43325197885.jpg 344w, https:\/\/vozobrera.org\/periodico\/wp-content\/uploads\/2025\/02\/voz.obrera_1734734608_3527532027294962443_43325197885-300x300.jpg 300w, https:\/\/vozobrera.org\/periodico\/wp-content\/uploads\/2025\/02\/voz.obrera_1734734608_3527532027294962443_43325197885-150x150.jpg 150w\" sizes=\"auto, (max-width: 344px) 100vw, 344px\" \/><\/a><\/p>\n","protected":false},"excerpt":{"rendered":"<p>Finalmente, el gobierno ha cedido a la presi\u00f3n de la patronal: aumenta la prima para las aseguradoras en un 33,5%, muy cerca del 38% que ped\u00edan. Recordemos que Adeslas, Asisa y DKV mantuvieron un pulso con el gobierno, no concurriendo a la licitaci\u00f3n que inclu\u00eda un aumento del 17%. Finalmente la patronal de los seguros&hellip;&nbsp;<a href=\"https:\/\/vozobrera.org\/periodico\/muface-cronica-de-un-expolio-anunciado\/\" rel=\"bookmark\">Leer m\u00e1s &raquo;<span class=\"screen-reader-text\">MUFACE: CR\u00d3NICA DE UN EXPOLIO ANUNCIADO<\/span><\/a><\/p>\n","protected":false},"author":5,"featured_media":0,"comment_status":"closed","ping_status":"closed","sticky":false,"template":"","format":"standard","meta":{"neve_meta_sidebar":"","neve_meta_container":"","neve_meta_enable_content_width":"off","neve_meta_content_width":70,"neve_meta_title_alignment":"","neve_meta_author_avatar":"","neve_post_elements_order":"","neve_meta_disable_header":"","neve_meta_disable_footer":"","neve_meta_disable_title":"","footnotes":""},"categories":[677],"tags":[],"class_list":["post-16523","post","type-post","status-publish","format-standard","hentry","category-instagram"],"_links":{"self":[{"href":"https:\/\/vozobrera.org\/periodico\/wp-json\/wp\/v2\/posts\/16523","targetHints":{"allow":["GET"]}}],"collection":[{"href":"https:\/\/vozobrera.org\/periodico\/wp-json\/wp\/v2\/posts"}],"about":[{"href":"https:\/\/vozobrera.org\/periodico\/wp-json\/wp\/v2\/types\/post"}],"author":[{"embeddable":true,"href":"https:\/\/vozobrera.org\/periodico\/wp-json\/wp\/v2\/users\/5"}],"replies":[{"embeddable":true,"href":"https:\/\/vozobrera.org\/periodico\/wp-json\/wp\/v2\/comments?post=16523"}],"version-history":[{"count":1,"href":"https:\/\/vozobrera.org\/periodico\/wp-json\/wp\/v2\/posts\/16523\/revisions"}],"predecessor-version":[{"id":16524,"href":"https:\/\/vozobrera.org\/periodico\/wp-json\/wp\/v2\/posts\/16523\/revisions\/16524"}],"wp:attachment":[{"href":"https:\/\/vozobrera.org\/periodico\/wp-json\/wp\/v2\/media?parent=16523"}],"wp:term":[{"taxonomy":"category","embeddable":true,"href":"https:\/\/vozobrera.org\/periodico\/wp-json\/wp\/v2\/categories?post=16523"},{"taxonomy":"post_tag","embeddable":true,"href":"https:\/\/vozobrera.org\/periodico\/wp-json\/wp\/v2\/tags?post=16523"}],"curies":[{"name":"wp","href":"https:\/\/api.w.org\/{rel}","templated":true}]}}