{"id":16521,"date":"2025-02-20T13:45:07","date_gmt":"2025-02-20T11:45:07","guid":{"rendered":"https:\/\/vozobrera.org\/periodico\/?p=16521"},"modified":"2025-02-20T13:45:07","modified_gmt":"2025-02-20T11:45:07","slug":"la-junta-de-andalucia-desaloja-a-los-trabajadores-de-emergencias","status":"publish","type":"post","link":"https:\/\/vozobrera.org\/periodico\/la-junta-de-andalucia-desaloja-a-los-trabajadores-de-emergencias\/","title":{"rendered":"LA JUNTA DE ANDALUC\u00cdA DESALOJA A LOS TRABAJADORES DE EMERGENCIAS:"},"content":{"rendered":"<p>Este pasado jueves un grupo de trabajadores de emergencias fue desalojado del sal\u00f3n de plenos del Parlamento auton\u00f3mico, en el antiguo hospital las Cinco Llagas.<\/p>\n<p>A esto tambi\u00e9n hemos de a\u00f1adir que el pasado 28 de noviembre, los bomberos forestales llevaron a cabo una marcha por Sevilla reclamando mejores condiciones en el trabajo.<\/p>\n<p>La protesta fue encabezada por representantes de la Uni\u00f3n Independiente de Trabajadores de Andaluc\u00eda (UITA) que mostraron su hartazgo y decepci\u00f3n con el actual Ejecutivo andaluz, a quien reprochan el incumplimiento de las promesas que realiz\u00f3 cuando se encontraba en la oposici\u00f3n.<\/p>\n<p>Una de las principales reivindicaciones es el c\u00f3mputo de antig\u00fcedad que llevan exigiendo desde hace casi veinte a\u00f1os y que para cada bombero forestal y trabajador de la Amaya ha supuesto una p\u00e9rdida econ\u00f3mica de unos 50.000\u20ac. A esto tambi\u00e9n hemos de a\u00f1adir el oscurantismo y la falta de informaci\u00f3n sobre la activaci\u00f3n de una especie de UME auton\u00f3mica.<\/p>\n<p>Otra vez m\u00e1s queda demostrado que en una sociedad capitalista, los servicios p\u00fablicos sufren el deterioro y el abandono de los pol\u00edticos ya que los intereses econ\u00f3micos est\u00e1n por encima del bienestar de la poblaci\u00f3n. En el capitalismo no hay salida para los trabajadores. Por eso sigue siendo imprescindible la tarea de construir un partido de la clase trabajadora para conquistar el poder y que sea esta qui\u00e9n se apropie y gestione todos los recursos p\u00fablicos para garantizar el bienestar colectivo.<\/p>\n<p><a href=\"https:\/\/vozobrera.org\/periodico\/wp-content\/uploads\/2025\/02\/voz.obrera_1734649031_3526814150881756154_43325197885.jpg\"><img loading=\"lazy\" decoding=\"async\" class=\"alignleft size-full wp-image-16482\" src=\"https:\/\/vozobrera.org\/periodico\/wp-content\/uploads\/2025\/02\/voz.obrera_1734649031_3526814150881756154_43325197885.jpg\" alt=\"\" width=\"607\" height=\"607\" srcset=\"https:\/\/vozobrera.org\/periodico\/wp-content\/uploads\/2025\/02\/voz.obrera_1734649031_3526814150881756154_43325197885.jpg 607w, https:\/\/vozobrera.org\/periodico\/wp-content\/uploads\/2025\/02\/voz.obrera_1734649031_3526814150881756154_43325197885-300x300.jpg 300w, https:\/\/vozobrera.org\/periodico\/wp-content\/uploads\/2025\/02\/voz.obrera_1734649031_3526814150881756154_43325197885-150x150.jpg 150w\" sizes=\"auto, (max-width: 607px) 100vw, 607px\" \/><\/a><\/p>\n","protected":false},"excerpt":{"rendered":"<p>Este pasado jueves un grupo de trabajadores de emergencias fue desalojado del sal\u00f3n de plenos del Parlamento auton\u00f3mico, en el antiguo hospital las Cinco Llagas. A esto tambi\u00e9n hemos de a\u00f1adir que el pasado 28 de noviembre, los bomberos forestales llevaron a cabo una marcha por Sevilla reclamando mejores condiciones en el trabajo. La protesta&hellip;&nbsp;<a href=\"https:\/\/vozobrera.org\/periodico\/la-junta-de-andalucia-desaloja-a-los-trabajadores-de-emergencias\/\" rel=\"bookmark\">Leer m\u00e1s &raquo;<span class=\"screen-reader-text\">LA JUNTA DE ANDALUC\u00cdA DESALOJA A LOS TRABAJADORES DE EMERGENCIAS:<\/span><\/a><\/p>\n","protected":false},"author":5,"featured_media":0,"comment_status":"closed","ping_status":"closed","sticky":false,"template":"","format":"standard","meta":{"neve_meta_sidebar":"","neve_meta_container":"","neve_meta_enable_content_width":"off","neve_meta_content_width":70,"neve_meta_title_alignment":"","neve_meta_author_avatar":"","neve_post_elements_order":"","neve_meta_disable_header":"","neve_meta_disable_footer":"","neve_meta_disable_title":"","footnotes":""},"categories":[677],"tags":[],"class_list":["post-16521","post","type-post","status-publish","format-standard","hentry","category-instagram"],"_links":{"self":[{"href":"https:\/\/vozobrera.org\/periodico\/wp-json\/wp\/v2\/posts\/16521","targetHints":{"allow":["GET"]}}],"collection":[{"href":"https:\/\/vozobrera.org\/periodico\/wp-json\/wp\/v2\/posts"}],"about":[{"href":"https:\/\/vozobrera.org\/periodico\/wp-json\/wp\/v2\/types\/post"}],"author":[{"embeddable":true,"href":"https:\/\/vozobrera.org\/periodico\/wp-json\/wp\/v2\/users\/5"}],"replies":[{"embeddable":true,"href":"https:\/\/vozobrera.org\/periodico\/wp-json\/wp\/v2\/comments?post=16521"}],"version-history":[{"count":1,"href":"https:\/\/vozobrera.org\/periodico\/wp-json\/wp\/v2\/posts\/16521\/revisions"}],"predecessor-version":[{"id":16522,"href":"https:\/\/vozobrera.org\/periodico\/wp-json\/wp\/v2\/posts\/16521\/revisions\/16522"}],"wp:attachment":[{"href":"https:\/\/vozobrera.org\/periodico\/wp-json\/wp\/v2\/media?parent=16521"}],"wp:term":[{"taxonomy":"category","embeddable":true,"href":"https:\/\/vozobrera.org\/periodico\/wp-json\/wp\/v2\/categories?post=16521"},{"taxonomy":"post_tag","embeddable":true,"href":"https:\/\/vozobrera.org\/periodico\/wp-json\/wp\/v2\/tags?post=16521"}],"curies":[{"name":"wp","href":"https:\/\/api.w.org\/{rel}","templated":true}]}}