{"id":16519,"date":"2025-02-20T13:44:35","date_gmt":"2025-02-20T11:44:35","guid":{"rendered":"https:\/\/vozobrera.org\/periodico\/?p=16519"},"modified":"2025-02-20T13:44:35","modified_gmt":"2025-02-20T11:44:35","slug":"por-la-jubilacion-a-los-60-anos","status":"publish","type":"post","link":"https:\/\/vozobrera.org\/periodico\/por-la-jubilacion-a-los-60-anos\/","title":{"rendered":"POR LA JUBILACI\u00d3N A LOS 60 A\u00d1OS"},"content":{"rendered":"<p>Como refleja hoy el peri\u00f3dico El Pa\u00eds, jubilarse a los 66 a\u00f1os y 6 meses llega a su fin.<\/p>\n<p>En 2025 para todos los trabajadores que hayan cotizado menos de 38 a\u00f1os y tres meses la nueva edad legal de jubilaci\u00f3n se sit\u00faa en 66 a\u00f1os y ocho meses, 2 meses m\u00e1s. Quienes acrediten un periodo de cotizaciones igual o superior a esta franja podr\u00e1n retirarse a los 65.<\/p>\n<p>Y en 2026 el tiempo trabajado aumentar\u00e1 otros dos meses, hasta los 66 a\u00f1os y ocho meses. El final de estos cambios se sit\u00faa en 2027, que se a\u00f1adir\u00e1n otros dos meses quedando establecida la jubilaci\u00f3n a los 67 a\u00f1os.<br \/>\nEl aumento de la edad de jubilaci\u00f3n es la estrategia de la patronal para seguir obteniendo beneficios a costa de la explotaci\u00f3n laboral y mediante el empleo precario y los bajos salarios.<br \/>\nPor eso muchos colectivos de trabajadores se han manifestado para exigir la jubilaci\u00f3n a los 60 a\u00f1os, como los conductores profesionales. Ellos conocen de primera mano que la edad repercute dificultando el desarrollo de determinadas tareas y lleva a tener efectos negativos sobre la salud.<\/p>\n<p>Todos debemos poder jubilarnos despu\u00e9s de a\u00f1os de trabajo para disfrutar plenamente el merecido descanso y dedicarlo a lo que quisi\u00e9semos. Nos lo impide el sistema capitalista, que se empe\u00f1a en seguir apropi\u00e1ndose de una parte mayor cada vez de ese tiempo, chupando hasta la \u00faltima gota, hasta la extenuaci\u00f3n.<\/p>\n<p>Son los intereses especulativos de las grandes empresas en su b\u00fasqueda de mejores beneficios los que impulsan estas leyes que van contra los intereses de los trabajadores.<br \/>\nHay que oponerse con todas las fuerzas a esta vuelta a la esclavitud y para ello es urgente la creaci\u00f3n de un partido que luche contra los intereses capitalistas y defienda los intereses de la clase trabajadora, como el de la jubilaci\u00f3n a los 60 a\u00f1os o menos.<\/p>\n<p><a href=\"https:\/\/vozobrera.org\/periodico\/wp-content\/uploads\/2025\/02\/voz.obrera_1734377107_3524533091143748959_43325197885.jpg\"><img loading=\"lazy\" decoding=\"async\" class=\"alignleft size-full wp-image-16483\" src=\"https:\/\/vozobrera.org\/periodico\/wp-content\/uploads\/2025\/02\/voz.obrera_1734377107_3524533091143748959_43325197885.jpg\" alt=\"\" width=\"612\" height=\"612\" srcset=\"https:\/\/vozobrera.org\/periodico\/wp-content\/uploads\/2025\/02\/voz.obrera_1734377107_3524533091143748959_43325197885.jpg 612w, https:\/\/vozobrera.org\/periodico\/wp-content\/uploads\/2025\/02\/voz.obrera_1734377107_3524533091143748959_43325197885-300x300.jpg 300w, https:\/\/vozobrera.org\/periodico\/wp-content\/uploads\/2025\/02\/voz.obrera_1734377107_3524533091143748959_43325197885-150x150.jpg 150w\" sizes=\"auto, (max-width: 612px) 100vw, 612px\" \/><\/a><\/p>\n","protected":false},"excerpt":{"rendered":"<p>Como refleja hoy el peri\u00f3dico El Pa\u00eds, jubilarse a los 66 a\u00f1os y 6 meses llega a su fin. En 2025 para todos los trabajadores que hayan cotizado menos de 38 a\u00f1os y tres meses la nueva edad legal de jubilaci\u00f3n se sit\u00faa en 66 a\u00f1os y ocho meses, 2 meses m\u00e1s. Quienes acrediten un&hellip;&nbsp;<a href=\"https:\/\/vozobrera.org\/periodico\/por-la-jubilacion-a-los-60-anos\/\" rel=\"bookmark\">Leer m\u00e1s &raquo;<span class=\"screen-reader-text\">POR LA JUBILACI\u00d3N A LOS 60 A\u00d1OS<\/span><\/a><\/p>\n","protected":false},"author":5,"featured_media":0,"comment_status":"closed","ping_status":"closed","sticky":false,"template":"","format":"standard","meta":{"neve_meta_sidebar":"","neve_meta_container":"","neve_meta_enable_content_width":"off","neve_meta_content_width":70,"neve_meta_title_alignment":"","neve_meta_author_avatar":"","neve_post_elements_order":"","neve_meta_disable_header":"","neve_meta_disable_footer":"","neve_meta_disable_title":"","footnotes":""},"categories":[677],"tags":[],"class_list":["post-16519","post","type-post","status-publish","format-standard","hentry","category-instagram"],"_links":{"self":[{"href":"https:\/\/vozobrera.org\/periodico\/wp-json\/wp\/v2\/posts\/16519","targetHints":{"allow":["GET"]}}],"collection":[{"href":"https:\/\/vozobrera.org\/periodico\/wp-json\/wp\/v2\/posts"}],"about":[{"href":"https:\/\/vozobrera.org\/periodico\/wp-json\/wp\/v2\/types\/post"}],"author":[{"embeddable":true,"href":"https:\/\/vozobrera.org\/periodico\/wp-json\/wp\/v2\/users\/5"}],"replies":[{"embeddable":true,"href":"https:\/\/vozobrera.org\/periodico\/wp-json\/wp\/v2\/comments?post=16519"}],"version-history":[{"count":1,"href":"https:\/\/vozobrera.org\/periodico\/wp-json\/wp\/v2\/posts\/16519\/revisions"}],"predecessor-version":[{"id":16520,"href":"https:\/\/vozobrera.org\/periodico\/wp-json\/wp\/v2\/posts\/16519\/revisions\/16520"}],"wp:attachment":[{"href":"https:\/\/vozobrera.org\/periodico\/wp-json\/wp\/v2\/media?parent=16519"}],"wp:term":[{"taxonomy":"category","embeddable":true,"href":"https:\/\/vozobrera.org\/periodico\/wp-json\/wp\/v2\/categories?post=16519"},{"taxonomy":"post_tag","embeddable":true,"href":"https:\/\/vozobrera.org\/periodico\/wp-json\/wp\/v2\/tags?post=16519"}],"curies":[{"name":"wp","href":"https:\/\/api.w.org\/{rel}","templated":true}]}}