{"id":16517,"date":"2025-02-20T13:44:03","date_gmt":"2025-02-20T11:44:03","guid":{"rendered":"https:\/\/vozobrera.org\/periodico\/?p=16517"},"modified":"2025-02-20T13:44:03","modified_gmt":"2025-02-20T11:44:03","slug":"con-o-sin-escudo-social-la-dictadura-del-capital-nos-machaca-igual","status":"publish","type":"post","link":"https:\/\/vozobrera.org\/periodico\/con-o-sin-escudo-social-la-dictadura-del-capital-nos-machaca-igual\/","title":{"rendered":"CON O SIN ESCUDO SOCIAL, LA DICTADURA DEL CAPITAL NOS MACHACA IGUAL:"},"content":{"rendered":"<p>El 75% de los desahucios efectuados en estos 4 a\u00f1os no han sido cubiertos por el \u201cescudo social\u00bb<br \/>\nUn informe de Observatori Desca se\u00f1ala los l\u00edmites de esta moratoria, que en teor\u00eda deber\u00eda de proteger a todos los hogares vulnerables sin alternativa habitacional.<\/p>\n<p>Pese a sus deficiencias, desde la PAH piden que la moratoria se amplie y sea permanente.<br \/>\nSi la moratoria finaliza, todos estos procedimientos pasar\u00edan al sistema de intermediaci\u00f3n prevista en la ley de vivienda, un mecanismo que no est\u00e1 aprobado en la mayor\u00eda de Comunidades Aut\u00f3nomas.<br \/>\nDesde la PAH, exigen la renovaci\u00f3n y mejora de la moratoria de desahucios del escudo social que finaliza el \u00faltimo d\u00eda de este a\u00f1o.<br \/>\nAunque esta medida fue aprobada en plena pandemia, la PAH habla de una nueva epidemia que provoca m\u00e1s de 100 desahucios al d\u00eda a pesar de existir una moratoria para evitarlos. Adem\u00e1s tambi\u00e9n hay que denunciar las pr\u00e1cticas de algunos jueces que optan por omitirla y ejecutar los desahucios.<\/p>\n<p>Tambi\u00e9n debemos de hablar de como se compensa a los tenedores de la vivienda y fondos buitre con dinero p\u00fablico en caso de no poder desahuciar a las familias y de c\u00f3mo estas conf\u00edan en la efectividad de las administraciones p\u00fablicas para impedir los desahucios pero en la mayor\u00eda de casos no funciona.<\/p>\n<p>Dentro del capitalismo el problema de la vivienda es irresoluble. Se podr\u00e1n poner parches como limitar el precio de los alquileres, construir m\u00e1s viviendas p\u00fablicas, subir los salarios pero donde radica el problema es en la propiedad privada. La soluci\u00f3n real al problema de la vivienda pasa por la expropiaci\u00f3n de todos los fondos de inversi\u00f3n de vivienda, bancos, fondos buitre y grandes propietarios.<\/p>\n<p><a href=\"https:\/\/vozobrera.org\/periodico\/wp-content\/uploads\/2025\/02\/voz.obrera_1734035188_3521664870350652005_43325197885.jpg\"><img loading=\"lazy\" decoding=\"async\" class=\"alignleft size-full wp-image-16484\" src=\"https:\/\/vozobrera.org\/periodico\/wp-content\/uploads\/2025\/02\/voz.obrera_1734035188_3521664870350652005_43325197885.jpg\" alt=\"\" width=\"1440\" height=\"1440\" srcset=\"https:\/\/vozobrera.org\/periodico\/wp-content\/uploads\/2025\/02\/voz.obrera_1734035188_3521664870350652005_43325197885.jpg 1440w, https:\/\/vozobrera.org\/periodico\/wp-content\/uploads\/2025\/02\/voz.obrera_1734035188_3521664870350652005_43325197885-300x300.jpg 300w, https:\/\/vozobrera.org\/periodico\/wp-content\/uploads\/2025\/02\/voz.obrera_1734035188_3521664870350652005_43325197885-1024x1024.jpg 1024w, https:\/\/vozobrera.org\/periodico\/wp-content\/uploads\/2025\/02\/voz.obrera_1734035188_3521664870350652005_43325197885-150x150.jpg 150w, https:\/\/vozobrera.org\/periodico\/wp-content\/uploads\/2025\/02\/voz.obrera_1734035188_3521664870350652005_43325197885-768x768.jpg 768w\" sizes=\"auto, (max-width: 1440px) 100vw, 1440px\" \/><\/a><\/p>\n","protected":false},"excerpt":{"rendered":"<p>El 75% de los desahucios efectuados en estos 4 a\u00f1os no han sido cubiertos por el \u201cescudo social\u00bb Un informe de Observatori Desca se\u00f1ala los l\u00edmites de esta moratoria, que en teor\u00eda deber\u00eda de proteger a todos los hogares vulnerables sin alternativa habitacional. Pese a sus deficiencias, desde la PAH piden que la moratoria se&hellip;&nbsp;<a href=\"https:\/\/vozobrera.org\/periodico\/con-o-sin-escudo-social-la-dictadura-del-capital-nos-machaca-igual\/\" rel=\"bookmark\">Leer m\u00e1s &raquo;<span class=\"screen-reader-text\">CON O SIN ESCUDO SOCIAL, LA DICTADURA DEL CAPITAL NOS MACHACA IGUAL:<\/span><\/a><\/p>\n","protected":false},"author":5,"featured_media":0,"comment_status":"closed","ping_status":"closed","sticky":false,"template":"","format":"standard","meta":{"neve_meta_sidebar":"","neve_meta_container":"","neve_meta_enable_content_width":"off","neve_meta_content_width":70,"neve_meta_title_alignment":"","neve_meta_author_avatar":"","neve_post_elements_order":"","neve_meta_disable_header":"","neve_meta_disable_footer":"","neve_meta_disable_title":"","footnotes":""},"categories":[677],"tags":[],"class_list":["post-16517","post","type-post","status-publish","format-standard","hentry","category-instagram"],"_links":{"self":[{"href":"https:\/\/vozobrera.org\/periodico\/wp-json\/wp\/v2\/posts\/16517","targetHints":{"allow":["GET"]}}],"collection":[{"href":"https:\/\/vozobrera.org\/periodico\/wp-json\/wp\/v2\/posts"}],"about":[{"href":"https:\/\/vozobrera.org\/periodico\/wp-json\/wp\/v2\/types\/post"}],"author":[{"embeddable":true,"href":"https:\/\/vozobrera.org\/periodico\/wp-json\/wp\/v2\/users\/5"}],"replies":[{"embeddable":true,"href":"https:\/\/vozobrera.org\/periodico\/wp-json\/wp\/v2\/comments?post=16517"}],"version-history":[{"count":1,"href":"https:\/\/vozobrera.org\/periodico\/wp-json\/wp\/v2\/posts\/16517\/revisions"}],"predecessor-version":[{"id":16518,"href":"https:\/\/vozobrera.org\/periodico\/wp-json\/wp\/v2\/posts\/16517\/revisions\/16518"}],"wp:attachment":[{"href":"https:\/\/vozobrera.org\/periodico\/wp-json\/wp\/v2\/media?parent=16517"}],"wp:term":[{"taxonomy":"category","embeddable":true,"href":"https:\/\/vozobrera.org\/periodico\/wp-json\/wp\/v2\/categories?post=16517"},{"taxonomy":"post_tag","embeddable":true,"href":"https:\/\/vozobrera.org\/periodico\/wp-json\/wp\/v2\/tags?post=16517"}],"curies":[{"name":"wp","href":"https:\/\/api.w.org\/{rel}","templated":true}]}}