{"id":16513,"date":"2025-02-20T13:43:02","date_gmt":"2025-02-20T11:43:02","guid":{"rendered":"https:\/\/vozobrera.org\/periodico\/?p=16513"},"modified":"2025-02-20T13:43:02","modified_gmt":"2025-02-20T11:43:02","slug":"106-anos-del-trienio-bolchevique-1918-1920","status":"publish","type":"post","link":"https:\/\/vozobrera.org\/periodico\/106-anos-del-trienio-bolchevique-1918-1920\/","title":{"rendered":"106 A\u00d1OS DEL TRIENIO BOLCHEVIQUE: 1918-1920"},"content":{"rendered":"<p>En Andaluc\u00eda, los tres a\u00f1os de lucha que siguieron a la revoluci\u00f3n rusa, fueron llamados \u00abel trienio bolchevique\u00bb.<\/p>\n<p>Los jornaleros de los campos andaluces, que viv\u00edan en la aut\u00e9ntica miseria, realizaron numerosas manifestaciones y huelgas, m\u00e1s de 800 solamente en Andaluc\u00eda oriental (sobre todo C\u00f3rdoba). Ped\u00edan aumentos de los jornales, regulaci\u00f3n de los descansos y prohibici\u00f3n de los destajos, repartir el trabajo para acabar con el paro y acabar con los m\u00e9todos \u201ccaciquiles\u201d de contrataci\u00f3n.<\/p>\n<p>El nivel de conciencia era tal, que la CNT de la \u00e9poca, pas\u00f3 de 3600 afiliados en 1918 a 113.000 en 1919. Fueron respondidos con la represi\u00f3n gubernamental, c\u00e1rcel, asesinatos y la ocupaci\u00f3n militar de pueblos enteros. Aun as\u00ed, demostraron que solo con la lucha obrera es como se consiguen los derechos.<\/p>\n<p>Mucho tiempo ha pasado desde entonces: pero los grandes problemas sociales contin\u00faan. El campo andaluz sigue aquejado del problema end\u00e9mico del paro y la pobreza, apenas paliado por las ayudas que se arrancaron al Estado (el sistema de \u201cpeon\u00e1s\u201d). Hoy la mano de obra inmigrante, privada de derechos, supone un nuevo drama en el campo andaluz. Y las antiguas familias terratenientes que dominaban hace un siglo siguen dominando: los Alba, Hern\u00e1ndez Barrera, Garc\u00eda Carri\u00f3n, duque del Infantado, Osborne, \u2026<\/p>\n<p>\u00a1Urge recuperar las tradiciones de\u00a0lucha\u00a0obrera!<\/p>\n<p><a href=\"https:\/\/vozobrera.org\/periodico\/wp-content\/uploads\/2025\/02\/voz.obrera_1733911371_3520626210197070918_43325197885.jpg\"><img loading=\"lazy\" decoding=\"async\" class=\"alignleft size-full wp-image-16486\" src=\"https:\/\/vozobrera.org\/periodico\/wp-content\/uploads\/2025\/02\/voz.obrera_1733911371_3520626210197070918_43325197885.jpg\" alt=\"\" width=\"180\" height=\"180\" srcset=\"https:\/\/vozobrera.org\/periodico\/wp-content\/uploads\/2025\/02\/voz.obrera_1733911371_3520626210197070918_43325197885.jpg 180w, https:\/\/vozobrera.org\/periodico\/wp-content\/uploads\/2025\/02\/voz.obrera_1733911371_3520626210197070918_43325197885-150x150.jpg 150w\" sizes=\"auto, (max-width: 180px) 100vw, 180px\" \/><\/a><\/p>\n","protected":false},"excerpt":{"rendered":"<p>En Andaluc\u00eda, los tres a\u00f1os de lucha que siguieron a la revoluci\u00f3n rusa, fueron llamados \u00abel trienio bolchevique\u00bb. Los jornaleros de los campos andaluces, que viv\u00edan en la aut\u00e9ntica miseria, realizaron numerosas manifestaciones y huelgas, m\u00e1s de 800 solamente en Andaluc\u00eda oriental (sobre todo C\u00f3rdoba). Ped\u00edan aumentos de los jornales, regulaci\u00f3n de los descansos y&hellip;&nbsp;<a href=\"https:\/\/vozobrera.org\/periodico\/106-anos-del-trienio-bolchevique-1918-1920\/\" rel=\"bookmark\">Leer m\u00e1s &raquo;<span class=\"screen-reader-text\">106 A\u00d1OS DEL TRIENIO BOLCHEVIQUE: 1918-1920<\/span><\/a><\/p>\n","protected":false},"author":5,"featured_media":0,"comment_status":"closed","ping_status":"closed","sticky":false,"template":"","format":"standard","meta":{"neve_meta_sidebar":"","neve_meta_container":"","neve_meta_enable_content_width":"off","neve_meta_content_width":70,"neve_meta_title_alignment":"","neve_meta_author_avatar":"","neve_post_elements_order":"","neve_meta_disable_header":"","neve_meta_disable_footer":"","neve_meta_disable_title":"","footnotes":""},"categories":[677],"tags":[],"class_list":["post-16513","post","type-post","status-publish","format-standard","hentry","category-instagram"],"_links":{"self":[{"href":"https:\/\/vozobrera.org\/periodico\/wp-json\/wp\/v2\/posts\/16513","targetHints":{"allow":["GET"]}}],"collection":[{"href":"https:\/\/vozobrera.org\/periodico\/wp-json\/wp\/v2\/posts"}],"about":[{"href":"https:\/\/vozobrera.org\/periodico\/wp-json\/wp\/v2\/types\/post"}],"author":[{"embeddable":true,"href":"https:\/\/vozobrera.org\/periodico\/wp-json\/wp\/v2\/users\/5"}],"replies":[{"embeddable":true,"href":"https:\/\/vozobrera.org\/periodico\/wp-json\/wp\/v2\/comments?post=16513"}],"version-history":[{"count":1,"href":"https:\/\/vozobrera.org\/periodico\/wp-json\/wp\/v2\/posts\/16513\/revisions"}],"predecessor-version":[{"id":16514,"href":"https:\/\/vozobrera.org\/periodico\/wp-json\/wp\/v2\/posts\/16513\/revisions\/16514"}],"wp:attachment":[{"href":"https:\/\/vozobrera.org\/periodico\/wp-json\/wp\/v2\/media?parent=16513"}],"wp:term":[{"taxonomy":"category","embeddable":true,"href":"https:\/\/vozobrera.org\/periodico\/wp-json\/wp\/v2\/categories?post=16513"},{"taxonomy":"post_tag","embeddable":true,"href":"https:\/\/vozobrera.org\/periodico\/wp-json\/wp\/v2\/tags?post=16513"}],"curies":[{"name":"wp","href":"https:\/\/api.w.org\/{rel}","templated":true}]}}