{"id":16511,"date":"2025-02-20T13:42:40","date_gmt":"2025-02-20T11:42:40","guid":{"rendered":"https:\/\/vozobrera.org\/periodico\/?p=16511"},"modified":"2025-02-20T13:42:40","modified_gmt":"2025-02-20T11:42:40","slug":"la-magna-el-regreso-del-nacional-catolicismo-a-sevilla","status":"publish","type":"post","link":"https:\/\/vozobrera.org\/periodico\/la-magna-el-regreso-del-nacional-catolicismo-a-sevilla\/","title":{"rendered":"LA MAGNA: EL REGRESO DEL NACIONAL-CATOLICISMO A SEVILLA"},"content":{"rendered":"<p>El desfile de procesiones y la relativa afluencia de personas que se est\u00e1 viviendo en Sevilla con ocasi\u00f3n de la Magna es un innecesario espect\u00e1culo que busca reponer en la cabeza de las gentes el protagonismo de la Iglesia. Adem\u00e1s con la justificaci\u00f3n del negocio hostelero y de visitantes que al final se ha terminado en un rotundo fracaso de visitantes y econ\u00f3mico. En definitiva, un despilfarro de dinero p\u00fablico habiendo necesidades sociales acuciantes.<\/p>\n<p>Junta y Ayuntamiento de Sevilla gastan m\u00e1s de tres millones de euros de dinero p\u00fablico, un imponente despliegue de recursos p\u00fablico, Polic\u00eda Nacional (1.100) y Guardia Civil (274). El sector de la cultura ha protestado contra la subvenci\u00f3n de 600.000 euros que la consejera de cultura de la Junta de Andaluc\u00eda regal\u00f3 a la Magna cuando el mundo del arte est\u00e1 en precario.<\/p>\n<p>La Iglesia y las hermandades vuelven a tomar las calles como hac\u00edan en tiempos de la dictadura, alardeando del poder que compart\u00eda con el r\u00e9gimen de Franco.<\/p>\n<p>Las necesidades de la poblaci\u00f3n son aplazadas una y otra vez, vivienda, sanidad&#8230; La corrupci\u00f3n pol\u00edtica campa a sus anchas. No se habla de la crisis capitalista que viene empeorando la calidad de vida de la poblaci\u00f3n, con la pobreza en aumento, empleos precarios, la juventud sin futuro\u2026<\/p>\n<p>Precisamente con este tipo de eventos se busca ocultar los problemas, difuminar las responsabilidades, falsear la realidad ofreciendo una visi\u00f3n interesada para tener a la poblaci\u00f3n enga\u00f1ada. Es lo que ha hecho siempre la Iglesia, las religiones y el Estado.<\/p>\n<p>No son con procesiones, banderas y propaganda nacionalista de la burgues\u00eda como se van a resolver los problemas acuciantes de la sociedad. Hoy m\u00e1s que nunca el mundo del trabajo necesita un partido obrero que defienda que la religi\u00f3n es un tema estrictamente individual de la conciencia de cada persona y que el Estado, lo p\u00fablico, debe estar separado de cualquier instituci\u00f3n religiosa. Ante la sociedad, debemos denunciar el enga\u00f1o y despilfarro del dinero p\u00fablico que supone La Magna y el mantenimiento de las religiones y toda la ralea sacerdotal, viviendo gratis con dinero de todos.<\/p>\n<p><a href=\"https:\/\/vozobrera.org\/periodico\/wp-content\/uploads\/2025\/02\/voz.obrera_1733684131_3518719987805747081_43325197885.jpg\"><img loading=\"lazy\" decoding=\"async\" class=\"alignleft size-full wp-image-16487\" src=\"https:\/\/vozobrera.org\/periodico\/wp-content\/uploads\/2025\/02\/voz.obrera_1733684131_3518719987805747081_43325197885.jpg\" alt=\"\" width=\"179\" height=\"179\" srcset=\"https:\/\/vozobrera.org\/periodico\/wp-content\/uploads\/2025\/02\/voz.obrera_1733684131_3518719987805747081_43325197885.jpg 179w, https:\/\/vozobrera.org\/periodico\/wp-content\/uploads\/2025\/02\/voz.obrera_1733684131_3518719987805747081_43325197885-150x150.jpg 150w\" sizes=\"auto, (max-width: 179px) 100vw, 179px\" \/><\/a><\/p>\n","protected":false},"excerpt":{"rendered":"<p>El desfile de procesiones y la relativa afluencia de personas que se est\u00e1 viviendo en Sevilla con ocasi\u00f3n de la Magna es un innecesario espect\u00e1culo que busca reponer en la cabeza de las gentes el protagonismo de la Iglesia. Adem\u00e1s con la justificaci\u00f3n del negocio hostelero y de visitantes que al final se ha terminado&hellip;&nbsp;<a href=\"https:\/\/vozobrera.org\/periodico\/la-magna-el-regreso-del-nacional-catolicismo-a-sevilla\/\" rel=\"bookmark\">Leer m\u00e1s &raquo;<span class=\"screen-reader-text\">LA MAGNA: EL REGRESO DEL NACIONAL-CATOLICISMO A SEVILLA<\/span><\/a><\/p>\n","protected":false},"author":5,"featured_media":0,"comment_status":"closed","ping_status":"closed","sticky":false,"template":"","format":"standard","meta":{"neve_meta_sidebar":"","neve_meta_container":"","neve_meta_enable_content_width":"off","neve_meta_content_width":70,"neve_meta_title_alignment":"","neve_meta_author_avatar":"","neve_post_elements_order":"","neve_meta_disable_header":"","neve_meta_disable_footer":"","neve_meta_disable_title":"","footnotes":""},"categories":[677],"tags":[],"class_list":["post-16511","post","type-post","status-publish","format-standard","hentry","category-instagram"],"_links":{"self":[{"href":"https:\/\/vozobrera.org\/periodico\/wp-json\/wp\/v2\/posts\/16511","targetHints":{"allow":["GET"]}}],"collection":[{"href":"https:\/\/vozobrera.org\/periodico\/wp-json\/wp\/v2\/posts"}],"about":[{"href":"https:\/\/vozobrera.org\/periodico\/wp-json\/wp\/v2\/types\/post"}],"author":[{"embeddable":true,"href":"https:\/\/vozobrera.org\/periodico\/wp-json\/wp\/v2\/users\/5"}],"replies":[{"embeddable":true,"href":"https:\/\/vozobrera.org\/periodico\/wp-json\/wp\/v2\/comments?post=16511"}],"version-history":[{"count":1,"href":"https:\/\/vozobrera.org\/periodico\/wp-json\/wp\/v2\/posts\/16511\/revisions"}],"predecessor-version":[{"id":16512,"href":"https:\/\/vozobrera.org\/periodico\/wp-json\/wp\/v2\/posts\/16511\/revisions\/16512"}],"wp:attachment":[{"href":"https:\/\/vozobrera.org\/periodico\/wp-json\/wp\/v2\/media?parent=16511"}],"wp:term":[{"taxonomy":"category","embeddable":true,"href":"https:\/\/vozobrera.org\/periodico\/wp-json\/wp\/v2\/categories?post=16511"},{"taxonomy":"post_tag","embeddable":true,"href":"https:\/\/vozobrera.org\/periodico\/wp-json\/wp\/v2\/tags?post=16511"}],"curies":[{"name":"wp","href":"https:\/\/api.w.org\/{rel}","templated":true}]}}