{"id":16509,"date":"2025-02-20T13:41:10","date_gmt":"2025-02-20T11:41:10","guid":{"rendered":"https:\/\/vozobrera.org\/periodico\/?p=16509"},"modified":"2025-02-20T13:41:10","modified_gmt":"2025-02-20T11:41:10","slug":"glovo-anuncia-que-contratara-a-los-riders","status":"publish","type":"post","link":"https:\/\/vozobrera.org\/periodico\/glovo-anuncia-que-contratara-a-los-riders\/","title":{"rendered":"GLOVO ANUNCIA QUE CONTRATAR\u00c1 A LOS \u2018RIDERS\u2019"},"content":{"rendered":"<p>Glovo ha anunciado que dar\u00e1 marcha atr\u00e1s a su modelo de contrataci\u00f3n, basado en falsos aut\u00f3nomos, justo un d\u00eda antes de que su fundador, Oscar Pierre, declare en un juicio. (Esto, solamente en Espa\u00f1a.)<\/p>\n<p>Sin embargo, el sindicato RidersXDerechos no se f\u00eda: \u201cEl propio historial delictivo de la empresa nos dice que no podemos fiarnos de su actuar\u201d \u201cNo es casualidad que el anuncio llegue\u201d -apuntan- justo cuando al fundador de Glovo \u201cpueden caerle 6 a\u00f1os de c\u00e1rcel\u201d.<\/p>\n<p>La empresa acumula m\u00e1s de 400 millones de euros en sanciones de Inspecci\u00f3n de Trabajo, adem\u00e1s de 140 juicios por incumplimiento de la \u201cLey Rider\u201d.<\/p>\n<p>Los trabajadores de Glovo tienen raz\u00f3n en no fiarse de la empresa y confiar solamente en sus propias fuerzas. \u00a1Como dicen ellos: \u201cno celebrar nada hasta que el \u00faltimo repartidor afectado no sea contratado\u201d!<\/p>\n<p>Por supuesto, \u00a1la \u00fanica garant\u00eda es que el algoritmo que organiza el trabajo de la app sea transparente y est\u00e9 controlado y auditado de forma p\u00fablica por los propios trabajadores y no por los chup\u00f3pteros como Oscar Pierre!<\/p>\n<p><a href=\"https:\/\/vozobrera.org\/periodico\/wp-content\/uploads\/2025\/02\/voz.obrera_1733560505_3517682940764625460_43325197885.jpg\"><img loading=\"lazy\" decoding=\"async\" class=\"alignleft size-full wp-image-16488\" src=\"https:\/\/vozobrera.org\/periodico\/wp-content\/uploads\/2025\/02\/voz.obrera_1733560505_3517682940764625460_43325197885.jpg\" alt=\"\" width=\"607\" height=\"607\" srcset=\"https:\/\/vozobrera.org\/periodico\/wp-content\/uploads\/2025\/02\/voz.obrera_1733560505_3517682940764625460_43325197885.jpg 607w, https:\/\/vozobrera.org\/periodico\/wp-content\/uploads\/2025\/02\/voz.obrera_1733560505_3517682940764625460_43325197885-300x300.jpg 300w, https:\/\/vozobrera.org\/periodico\/wp-content\/uploads\/2025\/02\/voz.obrera_1733560505_3517682940764625460_43325197885-150x150.jpg 150w\" sizes=\"auto, (max-width: 607px) 100vw, 607px\" \/><\/a><\/p>\n","protected":false},"excerpt":{"rendered":"<p>Glovo ha anunciado que dar\u00e1 marcha atr\u00e1s a su modelo de contrataci\u00f3n, basado en falsos aut\u00f3nomos, justo un d\u00eda antes de que su fundador, Oscar Pierre, declare en un juicio. (Esto, solamente en Espa\u00f1a.) Sin embargo, el sindicato RidersXDerechos no se f\u00eda: \u201cEl propio historial delictivo de la empresa nos dice que no podemos fiarnos&hellip;&nbsp;<a href=\"https:\/\/vozobrera.org\/periodico\/glovo-anuncia-que-contratara-a-los-riders\/\" rel=\"bookmark\">Leer m\u00e1s &raquo;<span class=\"screen-reader-text\">GLOVO ANUNCIA QUE CONTRATAR\u00c1 A LOS \u2018RIDERS\u2019<\/span><\/a><\/p>\n","protected":false},"author":5,"featured_media":0,"comment_status":"closed","ping_status":"closed","sticky":false,"template":"","format":"standard","meta":{"neve_meta_sidebar":"","neve_meta_container":"","neve_meta_enable_content_width":"off","neve_meta_content_width":70,"neve_meta_title_alignment":"","neve_meta_author_avatar":"","neve_post_elements_order":"","neve_meta_disable_header":"","neve_meta_disable_footer":"","neve_meta_disable_title":"","footnotes":""},"categories":[677],"tags":[],"class_list":["post-16509","post","type-post","status-publish","format-standard","hentry","category-instagram"],"_links":{"self":[{"href":"https:\/\/vozobrera.org\/periodico\/wp-json\/wp\/v2\/posts\/16509","targetHints":{"allow":["GET"]}}],"collection":[{"href":"https:\/\/vozobrera.org\/periodico\/wp-json\/wp\/v2\/posts"}],"about":[{"href":"https:\/\/vozobrera.org\/periodico\/wp-json\/wp\/v2\/types\/post"}],"author":[{"embeddable":true,"href":"https:\/\/vozobrera.org\/periodico\/wp-json\/wp\/v2\/users\/5"}],"replies":[{"embeddable":true,"href":"https:\/\/vozobrera.org\/periodico\/wp-json\/wp\/v2\/comments?post=16509"}],"version-history":[{"count":1,"href":"https:\/\/vozobrera.org\/periodico\/wp-json\/wp\/v2\/posts\/16509\/revisions"}],"predecessor-version":[{"id":16510,"href":"https:\/\/vozobrera.org\/periodico\/wp-json\/wp\/v2\/posts\/16509\/revisions\/16510"}],"wp:attachment":[{"href":"https:\/\/vozobrera.org\/periodico\/wp-json\/wp\/v2\/media?parent=16509"}],"wp:term":[{"taxonomy":"category","embeddable":true,"href":"https:\/\/vozobrera.org\/periodico\/wp-json\/wp\/v2\/categories?post=16509"},{"taxonomy":"post_tag","embeddable":true,"href":"https:\/\/vozobrera.org\/periodico\/wp-json\/wp\/v2\/tags?post=16509"}],"curies":[{"name":"wp","href":"https:\/\/api.w.org\/{rel}","templated":true}]}}