{"id":16505,"date":"2025-02-20T13:39:59","date_gmt":"2025-02-20T11:39:59","guid":{"rendered":"https:\/\/vozobrera.org\/periodico\/?p=16505"},"modified":"2025-02-20T13:39:59","modified_gmt":"2025-02-20T11:39:59","slug":"los-barrios-obreros-y-populares-continuan-sufriendo-cortes-de-luz","status":"publish","type":"post","link":"https:\/\/vozobrera.org\/periodico\/los-barrios-obreros-y-populares-continuan-sufriendo-cortes-de-luz\/","title":{"rendered":"LOS BARRIOS OBREROS Y POPULARES CONTIN\u00daAN SUFRIENDO CORTES DE LUZ"},"content":{"rendered":"<p>La Plataforma Nosotros Tambi\u00e9n Somos Sevilla ha elaborado un informe propio para denunciar las causas de los cerca de 2.000 cortes de luz que los vecinos del barrio sevillano Pol\u00edgono Sur llevan sufriendo entre mayo y octubre de este a\u00f1o, una media de 10,6 al d\u00eda. Dicho informe destaca el mal funcionamiento de 3 centros de transformaci\u00f3n del barrio, se\u00f1alando a Endesa como conocedora y responsable de esta situaci\u00f3n.<\/p>\n<p>La plataforma Barrios Hartos tambi\u00e9n lleva a\u00f1os moviliz\u00e1ndose para conseguir que Endesa mejore las instalaciones de los barrios populares. Ayuntamiento, Junta, Subdelegaci\u00f3n del Gobierno y Endesa han cerrado filas, insistiendo en los enganches ilegales y los cultivos de droga causantes de las incidencias y dejan a los vecinos a su suerte.<\/p>\n<p>Una situaci\u00f3n que llevan a\u00f1os soportando, que les impide llevar una vida normal, sufriendo privaciones, caus\u00e1ndoles gastos extras a cuenta de los cortes, retrocediendo en calidad de vida a pesar de pagar sus facturas. Por el contrario, Endesa obtuvo un beneficio neto de 1.404 millones de euros hasta septiembre de 2024, lo que representa un incremento del 33% respecto al mismo periodo del a\u00f1o anterior.<\/p>\n<p>Ni Junta ni Ayuntamiento van a obligar a Endesa a invertir en nuestros barrios, eso solo se lograr\u00e1 con la lucha de las y los vecinos en las calles.<\/p>\n<p><a href=\"https:\/\/vozobrera.org\/periodico\/wp-content\/uploads\/2025\/02\/voz.obrera_1733065057_3513526819257193861_43325197885.jpg\"><img loading=\"lazy\" decoding=\"async\" class=\"alignleft size-full wp-image-16490\" src=\"https:\/\/vozobrera.org\/periodico\/wp-content\/uploads\/2025\/02\/voz.obrera_1733065057_3513526819257193861_43325197885.jpg\" alt=\"\" width=\"607\" height=\"607\" srcset=\"https:\/\/vozobrera.org\/periodico\/wp-content\/uploads\/2025\/02\/voz.obrera_1733065057_3513526819257193861_43325197885.jpg 607w, https:\/\/vozobrera.org\/periodico\/wp-content\/uploads\/2025\/02\/voz.obrera_1733065057_3513526819257193861_43325197885-300x300.jpg 300w, https:\/\/vozobrera.org\/periodico\/wp-content\/uploads\/2025\/02\/voz.obrera_1733065057_3513526819257193861_43325197885-150x150.jpg 150w\" sizes=\"auto, (max-width: 607px) 100vw, 607px\" \/><\/a><\/p>\n","protected":false},"excerpt":{"rendered":"<p>La Plataforma Nosotros Tambi\u00e9n Somos Sevilla ha elaborado un informe propio para denunciar las causas de los cerca de 2.000 cortes de luz que los vecinos del barrio sevillano Pol\u00edgono Sur llevan sufriendo entre mayo y octubre de este a\u00f1o, una media de 10,6 al d\u00eda. Dicho informe destaca el mal funcionamiento de 3 centros&hellip;&nbsp;<a href=\"https:\/\/vozobrera.org\/periodico\/los-barrios-obreros-y-populares-continuan-sufriendo-cortes-de-luz\/\" rel=\"bookmark\">Leer m\u00e1s &raquo;<span class=\"screen-reader-text\">LOS BARRIOS OBREROS Y POPULARES CONTIN\u00daAN SUFRIENDO CORTES DE LUZ<\/span><\/a><\/p>\n","protected":false},"author":5,"featured_media":0,"comment_status":"closed","ping_status":"closed","sticky":false,"template":"","format":"standard","meta":{"neve_meta_sidebar":"","neve_meta_container":"","neve_meta_enable_content_width":"off","neve_meta_content_width":70,"neve_meta_title_alignment":"","neve_meta_author_avatar":"","neve_post_elements_order":"","neve_meta_disable_header":"","neve_meta_disable_footer":"","neve_meta_disable_title":"","footnotes":""},"categories":[677],"tags":[],"class_list":["post-16505","post","type-post","status-publish","format-standard","hentry","category-instagram"],"_links":{"self":[{"href":"https:\/\/vozobrera.org\/periodico\/wp-json\/wp\/v2\/posts\/16505","targetHints":{"allow":["GET"]}}],"collection":[{"href":"https:\/\/vozobrera.org\/periodico\/wp-json\/wp\/v2\/posts"}],"about":[{"href":"https:\/\/vozobrera.org\/periodico\/wp-json\/wp\/v2\/types\/post"}],"author":[{"embeddable":true,"href":"https:\/\/vozobrera.org\/periodico\/wp-json\/wp\/v2\/users\/5"}],"replies":[{"embeddable":true,"href":"https:\/\/vozobrera.org\/periodico\/wp-json\/wp\/v2\/comments?post=16505"}],"version-history":[{"count":1,"href":"https:\/\/vozobrera.org\/periodico\/wp-json\/wp\/v2\/posts\/16505\/revisions"}],"predecessor-version":[{"id":16506,"href":"https:\/\/vozobrera.org\/periodico\/wp-json\/wp\/v2\/posts\/16505\/revisions\/16506"}],"wp:attachment":[{"href":"https:\/\/vozobrera.org\/periodico\/wp-json\/wp\/v2\/media?parent=16505"}],"wp:term":[{"taxonomy":"category","embeddable":true,"href":"https:\/\/vozobrera.org\/periodico\/wp-json\/wp\/v2\/categories?post=16505"},{"taxonomy":"post_tag","embeddable":true,"href":"https:\/\/vozobrera.org\/periodico\/wp-json\/wp\/v2\/tags?post=16505"}],"curies":[{"name":"wp","href":"https:\/\/api.w.org\/{rel}","templated":true}]}}