{"id":16371,"date":"2025-02-20T13:04:20","date_gmt":"2025-02-20T11:04:20","guid":{"rendered":"https:\/\/vozobrera.org\/periodico\/?p=16371"},"modified":"2025-02-20T13:04:29","modified_gmt":"2025-02-20T11:04:29","slug":"16371-2","status":"publish","type":"post","link":"https:\/\/vozobrera.org\/periodico\/16371-2\/","title":{"rendered":"\u00c9XITO ELECTORAL DE LA EXTREMA DERECHA EN ALEMANIA"},"content":{"rendered":"<p>La extrema derecha de AfD ha ganado por primera vez, desde la segunda Guerra Mundial, unas elecciones regionales; tenemos as\u00ed que el parlamento europeo tiene un tercio de sus miembros de tal ideolog\u00eda, que avanza pasito a pasito por casi toda Europa. Ya en las elecciones europeas, el ultraderechista Partido de la Libertad (FP\u00d6) se convirti\u00f3, por primera vez, en el partido m\u00e1s votado de Austria, mientras AfD qued\u00f3 segundo en Alemania.<\/p>\n<p>Visto lo visto, \u00bfvamos a seguir hablando de lo \u00fatiles que son los cordones sanitarios? \u00a1Para luchar contra la extrema derecha, hay que luchar contra el capitalismo!<\/p>\n<p><a href=\"https:\/\/vozobrera.org\/periodico\/wp-content\/uploads\/2025\/02\/voz.obrera_1725352449_3448828775733229986_43325197885.jpg\"><img loading=\"lazy\" decoding=\"async\" class=\"alignleft size-full wp-image-16347\" src=\"https:\/\/vozobrera.org\/periodico\/wp-content\/uploads\/2025\/02\/voz.obrera_1725352449_3448828775733229986_43325197885.jpg\" alt=\"\" width=\"607\" height=\"607\" srcset=\"https:\/\/vozobrera.org\/periodico\/wp-content\/uploads\/2025\/02\/voz.obrera_1725352449_3448828775733229986_43325197885.jpg 607w, https:\/\/vozobrera.org\/periodico\/wp-content\/uploads\/2025\/02\/voz.obrera_1725352449_3448828775733229986_43325197885-300x300.jpg 300w, https:\/\/vozobrera.org\/periodico\/wp-content\/uploads\/2025\/02\/voz.obrera_1725352449_3448828775733229986_43325197885-150x150.jpg 150w\" sizes=\"auto, (max-width: 607px) 100vw, 607px\" \/><\/a><\/p>\n","protected":false},"excerpt":{"rendered":"<p>La extrema derecha de AfD ha ganado por primera vez, desde la segunda Guerra Mundial, unas elecciones regionales; tenemos as\u00ed que el parlamento europeo tiene un tercio de sus miembros de tal ideolog\u00eda, que avanza pasito a pasito por casi toda Europa. Ya en las elecciones europeas, el ultraderechista Partido de la Libertad (FP\u00d6) se&hellip;&nbsp;<a href=\"https:\/\/vozobrera.org\/periodico\/16371-2\/\" rel=\"bookmark\">Leer m\u00e1s &raquo;<span class=\"screen-reader-text\">\u00c9XITO ELECTORAL DE LA EXTREMA DERECHA EN ALEMANIA<\/span><\/a><\/p>\n","protected":false},"author":5,"featured_media":0,"comment_status":"closed","ping_status":"closed","sticky":false,"template":"","format":"standard","meta":{"neve_meta_sidebar":"","neve_meta_container":"","neve_meta_enable_content_width":"off","neve_meta_content_width":70,"neve_meta_title_alignment":"","neve_meta_author_avatar":"","neve_post_elements_order":"","neve_meta_disable_header":"","neve_meta_disable_footer":"","neve_meta_disable_title":"","footnotes":""},"categories":[677],"tags":[],"class_list":["post-16371","post","type-post","status-publish","format-standard","hentry","category-instagram"],"_links":{"self":[{"href":"https:\/\/vozobrera.org\/periodico\/wp-json\/wp\/v2\/posts\/16371","targetHints":{"allow":["GET"]}}],"collection":[{"href":"https:\/\/vozobrera.org\/periodico\/wp-json\/wp\/v2\/posts"}],"about":[{"href":"https:\/\/vozobrera.org\/periodico\/wp-json\/wp\/v2\/types\/post"}],"author":[{"embeddable":true,"href":"https:\/\/vozobrera.org\/periodico\/wp-json\/wp\/v2\/users\/5"}],"replies":[{"embeddable":true,"href":"https:\/\/vozobrera.org\/periodico\/wp-json\/wp\/v2\/comments?post=16371"}],"version-history":[{"count":2,"href":"https:\/\/vozobrera.org\/periodico\/wp-json\/wp\/v2\/posts\/16371\/revisions"}],"predecessor-version":[{"id":16373,"href":"https:\/\/vozobrera.org\/periodico\/wp-json\/wp\/v2\/posts\/16371\/revisions\/16373"}],"wp:attachment":[{"href":"https:\/\/vozobrera.org\/periodico\/wp-json\/wp\/v2\/media?parent=16371"}],"wp:term":[{"taxonomy":"category","embeddable":true,"href":"https:\/\/vozobrera.org\/periodico\/wp-json\/wp\/v2\/categories?post=16371"},{"taxonomy":"post_tag","embeddable":true,"href":"https:\/\/vozobrera.org\/periodico\/wp-json\/wp\/v2\/tags?post=16371"}],"curies":[{"name":"wp","href":"https:\/\/api.w.org\/{rel}","templated":true}]}}