{"id":16328,"date":"2025-02-20T12:50:32","date_gmt":"2025-02-20T10:50:32","guid":{"rendered":"https:\/\/vozobrera.org\/periodico\/?p=16328"},"modified":"2025-02-20T12:50:32","modified_gmt":"2025-02-20T10:50:32","slug":"la-ultima-ocurrencia-de-pedro-sanchez","status":"publish","type":"post","link":"https:\/\/vozobrera.org\/periodico\/la-ultima-ocurrencia-de-pedro-sanchez\/","title":{"rendered":"LA \u00daLTIMA OCURRENCIA DE PEDRO S\u00c1NCHEZ"},"content":{"rendered":"<p>Pedro S\u00e1nchez no parece estar nada preocupado por el ascenso de la extrema derecha en Europa y acaba de anunciar un \u201cpaquete de calidad democr\u00e1tica\u201d antes del verano. Gran teatrero, solo suelta titulares pero sin aclarar en qu\u00e9 consiste dicho paquete: \u00bfmedidas contra la extrema derecha? \u00bfpara mejorar el empleo? \u00bfacabar con la precariedad laboral? \u00bfmedidas efectivas para la vivienda? \u00bfpara subir las pensiones?&#8230;<\/p>\n<p>\u00a1No! Contra la \u201cmaquinaria del fango\u201d, las denuncias falsas, la independencia judicial\u2026 \u00a1Lo tuyo es puro teatro!<\/p>\n<p><a href=\"https:\/\/vozobrera.org\/periodico\/wp-content\/uploads\/2025\/02\/voz.obrera_1718187666_3388726212651272458_43325197885.jpg\"><img loading=\"lazy\" decoding=\"async\" class=\"alignleft size-full wp-image-16274\" src=\"https:\/\/vozobrera.org\/periodico\/wp-content\/uploads\/2025\/02\/voz.obrera_1718187666_3388726212651272458_43325197885.jpg\" alt=\"\" width=\"607\" height=\"607\" srcset=\"https:\/\/vozobrera.org\/periodico\/wp-content\/uploads\/2025\/02\/voz.obrera_1718187666_3388726212651272458_43325197885.jpg 607w, https:\/\/vozobrera.org\/periodico\/wp-content\/uploads\/2025\/02\/voz.obrera_1718187666_3388726212651272458_43325197885-300x300.jpg 300w, https:\/\/vozobrera.org\/periodico\/wp-content\/uploads\/2025\/02\/voz.obrera_1718187666_3388726212651272458_43325197885-150x150.jpg 150w\" sizes=\"auto, (max-width: 607px) 100vw, 607px\" \/><\/a><\/p>\n","protected":false},"excerpt":{"rendered":"<p>Pedro S\u00e1nchez no parece estar nada preocupado por el ascenso de la extrema derecha en Europa y acaba de anunciar un \u201cpaquete de calidad democr\u00e1tica\u201d antes del verano. Gran teatrero, solo suelta titulares pero sin aclarar en qu\u00e9 consiste dicho paquete: \u00bfmedidas contra la extrema derecha? \u00bfpara mejorar el empleo? \u00bfacabar con la precariedad laboral?&hellip;&nbsp;<a href=\"https:\/\/vozobrera.org\/periodico\/la-ultima-ocurrencia-de-pedro-sanchez\/\" rel=\"bookmark\">Leer m\u00e1s &raquo;<span class=\"screen-reader-text\">LA \u00daLTIMA OCURRENCIA DE PEDRO S\u00c1NCHEZ<\/span><\/a><\/p>\n","protected":false},"author":5,"featured_media":0,"comment_status":"closed","ping_status":"closed","sticky":false,"template":"","format":"standard","meta":{"neve_meta_sidebar":"","neve_meta_container":"","neve_meta_enable_content_width":"off","neve_meta_content_width":70,"neve_meta_title_alignment":"","neve_meta_author_avatar":"","neve_post_elements_order":"","neve_meta_disable_header":"","neve_meta_disable_footer":"","neve_meta_disable_title":"","footnotes":""},"categories":[677],"tags":[],"class_list":["post-16328","post","type-post","status-publish","format-standard","hentry","category-instagram"],"_links":{"self":[{"href":"https:\/\/vozobrera.org\/periodico\/wp-json\/wp\/v2\/posts\/16328","targetHints":{"allow":["GET"]}}],"collection":[{"href":"https:\/\/vozobrera.org\/periodico\/wp-json\/wp\/v2\/posts"}],"about":[{"href":"https:\/\/vozobrera.org\/periodico\/wp-json\/wp\/v2\/types\/post"}],"author":[{"embeddable":true,"href":"https:\/\/vozobrera.org\/periodico\/wp-json\/wp\/v2\/users\/5"}],"replies":[{"embeddable":true,"href":"https:\/\/vozobrera.org\/periodico\/wp-json\/wp\/v2\/comments?post=16328"}],"version-history":[{"count":1,"href":"https:\/\/vozobrera.org\/periodico\/wp-json\/wp\/v2\/posts\/16328\/revisions"}],"predecessor-version":[{"id":16329,"href":"https:\/\/vozobrera.org\/periodico\/wp-json\/wp\/v2\/posts\/16328\/revisions\/16329"}],"wp:attachment":[{"href":"https:\/\/vozobrera.org\/periodico\/wp-json\/wp\/v2\/media?parent=16328"}],"wp:term":[{"taxonomy":"category","embeddable":true,"href":"https:\/\/vozobrera.org\/periodico\/wp-json\/wp\/v2\/categories?post=16328"},{"taxonomy":"post_tag","embeddable":true,"href":"https:\/\/vozobrera.org\/periodico\/wp-json\/wp\/v2\/tags?post=16328"}],"curies":[{"name":"wp","href":"https:\/\/api.w.org\/{rel}","templated":true}]}}