{"id":16324,"date":"2025-02-20T12:49:20","date_gmt":"2025-02-20T10:49:20","guid":{"rendered":"https:\/\/vozobrera.org\/periodico\/?p=16324"},"modified":"2025-02-20T12:49:20","modified_gmt":"2025-02-20T10:49:20","slug":"tras-las-elecciones-europeas-la-clase-trabajadora-debe-actuar","status":"publish","type":"post","link":"https:\/\/vozobrera.org\/periodico\/tras-las-elecciones-europeas-la-clase-trabajadora-debe-actuar\/","title":{"rendered":"TRAS LAS ELECCIONES EUROPEAS LA CLASE TRABAJADORA DEBE ACTUAR"},"content":{"rendered":"<p>Las elecciones europeas del pasado domingo han certificado las subidas de las derechas y la extrema derecha en toda la UE.<\/p>\n<p>Esto es un peligro para la clase trabajadora. Pero la causa fundamental de esta situaci\u00f3n es la desafecci\u00f3n de la poblaci\u00f3n trabajadora que est\u00e1 harta ya de las<br \/>\npromesas y los enga\u00f1os de esta izquierda reformista y su \u201cgobierno de progreso\u201d que en una crisis del sistema econ\u00f3mico capitalista se ha dedicado a poner pa\u00f1os calientes y no resuelve los problemas reales de la poblaci\u00f3n.<\/p>\n<p>Esta misma izquierda gubernamental agita el miedo a la derecha y a la extrema derecha, pero, \u00bfqu\u00e9 han hecho contra el sistema capitalista que privatiza la sanidad, paga salarios precarios, aumenta los gastos militares, apoya las guerras y el genocido? Nada.<\/p>\n<p>Combatir a las derechas y a la extrema derecha solo puede venir de las luchas obreras contra el capital y recuperando la cr\u00edtica al capitalismo para luchar por un mundo donde sea la clase trabajadora quien organice la sociedad y tenga el poder expropiando los medios de producci\u00f3n capitalistas y poni\u00e9ndolos al servicio de la sociedad. \u00a1Defender esta perspectiva, aunque seamos minoritarios ahora, es fundamental para el futuro!<\/p>\n<p><a href=\"https:\/\/vozobrera.org\/periodico\/wp-content\/uploads\/2025\/02\/voz.obrera_1718040466_3387491410056867122_43325197885.jpg\"><img loading=\"lazy\" decoding=\"async\" class=\"alignleft size-full wp-image-16276\" src=\"https:\/\/vozobrera.org\/periodico\/wp-content\/uploads\/2025\/02\/voz.obrera_1718040466_3387491410056867122_43325197885.jpg\" alt=\"\" width=\"720\" height=\"720\" srcset=\"https:\/\/vozobrera.org\/periodico\/wp-content\/uploads\/2025\/02\/voz.obrera_1718040466_3387491410056867122_43325197885.jpg 720w, https:\/\/vozobrera.org\/periodico\/wp-content\/uploads\/2025\/02\/voz.obrera_1718040466_3387491410056867122_43325197885-300x300.jpg 300w, https:\/\/vozobrera.org\/periodico\/wp-content\/uploads\/2025\/02\/voz.obrera_1718040466_3387491410056867122_43325197885-150x150.jpg 150w\" sizes=\"auto, (max-width: 720px) 100vw, 720px\" \/><\/a><\/p>\n","protected":false},"excerpt":{"rendered":"<p>Las elecciones europeas del pasado domingo han certificado las subidas de las derechas y la extrema derecha en toda la UE. Esto es un peligro para la clase trabajadora. Pero la causa fundamental de esta situaci\u00f3n es la desafecci\u00f3n de la poblaci\u00f3n trabajadora que est\u00e1 harta ya de las promesas y los enga\u00f1os de esta&hellip;&nbsp;<a href=\"https:\/\/vozobrera.org\/periodico\/tras-las-elecciones-europeas-la-clase-trabajadora-debe-actuar\/\" rel=\"bookmark\">Leer m\u00e1s &raquo;<span class=\"screen-reader-text\">TRAS LAS ELECCIONES EUROPEAS LA CLASE TRABAJADORA DEBE ACTUAR<\/span><\/a><\/p>\n","protected":false},"author":5,"featured_media":0,"comment_status":"closed","ping_status":"closed","sticky":false,"template":"","format":"standard","meta":{"neve_meta_sidebar":"","neve_meta_container":"","neve_meta_enable_content_width":"off","neve_meta_content_width":70,"neve_meta_title_alignment":"","neve_meta_author_avatar":"","neve_post_elements_order":"","neve_meta_disable_header":"","neve_meta_disable_footer":"","neve_meta_disable_title":"","footnotes":""},"categories":[677],"tags":[],"class_list":["post-16324","post","type-post","status-publish","format-standard","hentry","category-instagram"],"_links":{"self":[{"href":"https:\/\/vozobrera.org\/periodico\/wp-json\/wp\/v2\/posts\/16324","targetHints":{"allow":["GET"]}}],"collection":[{"href":"https:\/\/vozobrera.org\/periodico\/wp-json\/wp\/v2\/posts"}],"about":[{"href":"https:\/\/vozobrera.org\/periodico\/wp-json\/wp\/v2\/types\/post"}],"author":[{"embeddable":true,"href":"https:\/\/vozobrera.org\/periodico\/wp-json\/wp\/v2\/users\/5"}],"replies":[{"embeddable":true,"href":"https:\/\/vozobrera.org\/periodico\/wp-json\/wp\/v2\/comments?post=16324"}],"version-history":[{"count":1,"href":"https:\/\/vozobrera.org\/periodico\/wp-json\/wp\/v2\/posts\/16324\/revisions"}],"predecessor-version":[{"id":16325,"href":"https:\/\/vozobrera.org\/periodico\/wp-json\/wp\/v2\/posts\/16324\/revisions\/16325"}],"wp:attachment":[{"href":"https:\/\/vozobrera.org\/periodico\/wp-json\/wp\/v2\/media?parent=16324"}],"wp:term":[{"taxonomy":"category","embeddable":true,"href":"https:\/\/vozobrera.org\/periodico\/wp-json\/wp\/v2\/categories?post=16324"},{"taxonomy":"post_tag","embeddable":true,"href":"https:\/\/vozobrera.org\/periodico\/wp-json\/wp\/v2\/tags?post=16324"}],"curies":[{"name":"wp","href":"https:\/\/api.w.org\/{rel}","templated":true}]}}