{"id":16318,"date":"2025-02-20T12:47:33","date_gmt":"2025-02-20T10:47:33","guid":{"rendered":"https:\/\/vozobrera.org\/periodico\/?p=16318"},"modified":"2025-02-20T12:47:33","modified_gmt":"2025-02-20T10:47:33","slug":"trabajadores-hartos-solo-acuden-70-de-7-000-parados-a-un-acto-de-la-hosteleria-cantabra","status":"publish","type":"post","link":"https:\/\/vozobrera.org\/periodico\/trabajadores-hartos-solo-acuden-70-de-7-000-parados-a-un-acto-de-la-hosteleria-cantabra\/","title":{"rendered":"Trabajadores hartos: solo acuden 70 de 7.000 parados a un acto de la hosteler\u00eda c\u00e1ntabra"},"content":{"rendered":"<p>La patronal c\u00e1ntabra de la hosteler\u00eda, AEHC, anda \u201cllorando por las esquinas\u201d en distintos medios que se han hecho eco de la noticia: en un acto realizado el mi\u00e9rcoles pasado en el Hotel Santemar de Santander solo han acudido 70 de los m\u00e1s de 7.000 parados inscritos en el sector hostelero.<\/p>\n<p>La patronal expresa su \u201cprofunda preocupaci\u00f3n\u201d y ha instado a todas las partes interesadas a \u201cbuscar estrategias\u201d para promover el empleo en el sector, el cual representa \u201cel 13% del PIB\u201d de la comunidad.<\/p>\n<p>Es decir, que no asumen la responsabilidad que tienen. Si faltan trabajadores es precisamente por las malas condiciones que ofrecen: es com\u00fan que no reconozcan las categor\u00edas profesionales, no te respeten los descansos, no cotices por toda la jornada, no te paguen las horas extra\u2026 \u00bfY alguien se puede sorprender de que los trabajadores no conf\u00eden m\u00e1s en el sector?<\/p>\n<p>\u00a1Urge que pasemos del hartazgo a la organizaci\u00f3n! \u00a1Solo la lucha obrera mejorar\u00e1\u00a0nuestra\u00a0vida!<\/p>\n<p><a href=\"https:\/\/vozobrera.org\/periodico\/wp-content\/uploads\/2025\/02\/voz.obrera_1716454429_3374186773077890491_43325197885.jpg\"><img loading=\"lazy\" decoding=\"async\" class=\"alignleft size-full wp-image-16279\" src=\"https:\/\/vozobrera.org\/periodico\/wp-content\/uploads\/2025\/02\/voz.obrera_1716454429_3374186773077890491_43325197885.jpg\" alt=\"\" width=\"404\" height=\"404\" srcset=\"https:\/\/vozobrera.org\/periodico\/wp-content\/uploads\/2025\/02\/voz.obrera_1716454429_3374186773077890491_43325197885.jpg 404w, https:\/\/vozobrera.org\/periodico\/wp-content\/uploads\/2025\/02\/voz.obrera_1716454429_3374186773077890491_43325197885-300x300.jpg 300w, https:\/\/vozobrera.org\/periodico\/wp-content\/uploads\/2025\/02\/voz.obrera_1716454429_3374186773077890491_43325197885-150x150.jpg 150w\" sizes=\"auto, (max-width: 404px) 100vw, 404px\" \/><\/a><\/p>\n","protected":false},"excerpt":{"rendered":"<p>La patronal c\u00e1ntabra de la hosteler\u00eda, AEHC, anda \u201cllorando por las esquinas\u201d en distintos medios que se han hecho eco de la noticia: en un acto realizado el mi\u00e9rcoles pasado en el Hotel Santemar de Santander solo han acudido 70 de los m\u00e1s de 7.000 parados inscritos en el sector hostelero. La patronal expresa su&hellip;&nbsp;<a href=\"https:\/\/vozobrera.org\/periodico\/trabajadores-hartos-solo-acuden-70-de-7-000-parados-a-un-acto-de-la-hosteleria-cantabra\/\" rel=\"bookmark\">Leer m\u00e1s &raquo;<span class=\"screen-reader-text\">Trabajadores hartos: solo acuden 70 de 7.000 parados a un acto de la hosteler\u00eda c\u00e1ntabra<\/span><\/a><\/p>\n","protected":false},"author":5,"featured_media":0,"comment_status":"closed","ping_status":"closed","sticky":false,"template":"","format":"standard","meta":{"neve_meta_sidebar":"","neve_meta_container":"","neve_meta_enable_content_width":"off","neve_meta_content_width":70,"neve_meta_title_alignment":"","neve_meta_author_avatar":"","neve_post_elements_order":"","neve_meta_disable_header":"","neve_meta_disable_footer":"","neve_meta_disable_title":"","footnotes":""},"categories":[677],"tags":[],"class_list":["post-16318","post","type-post","status-publish","format-standard","hentry","category-instagram"],"_links":{"self":[{"href":"https:\/\/vozobrera.org\/periodico\/wp-json\/wp\/v2\/posts\/16318","targetHints":{"allow":["GET"]}}],"collection":[{"href":"https:\/\/vozobrera.org\/periodico\/wp-json\/wp\/v2\/posts"}],"about":[{"href":"https:\/\/vozobrera.org\/periodico\/wp-json\/wp\/v2\/types\/post"}],"author":[{"embeddable":true,"href":"https:\/\/vozobrera.org\/periodico\/wp-json\/wp\/v2\/users\/5"}],"replies":[{"embeddable":true,"href":"https:\/\/vozobrera.org\/periodico\/wp-json\/wp\/v2\/comments?post=16318"}],"version-history":[{"count":1,"href":"https:\/\/vozobrera.org\/periodico\/wp-json\/wp\/v2\/posts\/16318\/revisions"}],"predecessor-version":[{"id":16319,"href":"https:\/\/vozobrera.org\/periodico\/wp-json\/wp\/v2\/posts\/16318\/revisions\/16319"}],"wp:attachment":[{"href":"https:\/\/vozobrera.org\/periodico\/wp-json\/wp\/v2\/media?parent=16318"}],"wp:term":[{"taxonomy":"category","embeddable":true,"href":"https:\/\/vozobrera.org\/periodico\/wp-json\/wp\/v2\/categories?post=16318"},{"taxonomy":"post_tag","embeddable":true,"href":"https:\/\/vozobrera.org\/periodico\/wp-json\/wp\/v2\/tags?post=16318"}],"curies":[{"name":"wp","href":"https:\/\/api.w.org\/{rel}","templated":true}]}}