{"id":16316,"date":"2025-02-20T12:46:19","date_gmt":"2025-02-20T10:46:19","guid":{"rendered":"https:\/\/vozobrera.org\/periodico\/?p=16316"},"modified":"2025-02-20T12:46:19","modified_gmt":"2025-02-20T10:46:19","slug":"orden-internacional-de-detencion-contra-netanyahu","status":"publish","type":"post","link":"https:\/\/vozobrera.org\/periodico\/orden-internacional-de-detencion-contra-netanyahu\/","title":{"rendered":"Orden internacional de detenci\u00f3n contra Netanyahu"},"content":{"rendered":"<p>El fiscal de la Corte Penal Internacional ha solicitado cinco \u00f3rdenes de detenci\u00f3n: 2 contra Netanyahu y su Ministro de Defensa y 3 contra la c\u00fapula de Ham\u00e1s. Aunque la orden puede tardar meses en dictarse, pues tienen que ratificarla tres magistrados, la noticia ha impactado a todo el mundo. Biden la considera \u201cescandalosa\u201d y no va a apoyarla, y por supuesto Israel tampoco.<\/p>\n<p>Por un lado, el imperialismo occidental (al menos en parte) no puede ya negar el hecho de que se est\u00e1n cometiendo delitos de lesa humanidad y cr\u00edmenes de guerra, aunque no genocidio, por parte del ej\u00e9rcito israel\u00ed en Gaza. Este hecho ya es positivo y puede alentar a\u00fan m\u00e1s las protestas que se est\u00e1n sucediendo en todos los pa\u00edses por la juventud.<\/p>\n<p>Pero no debemos olvidar que la llamada \u201ccomunidad internacional\u201d no es otra cosa que la tapadera de la dominaci\u00f3n de los pa\u00edses m\u00e1s ricos, que se pasan el tiempo pele\u00e1ndose por su derecho a saquear el mundo. La ONU y la Corte Penal Internacional es un teatro sin poder alguno. Nadie va a entrar a Israel a detener a Netanyahu.<\/p>\n<p>Derribar el imperialismo para establecer una sociedad igualitaria, sin explotaci\u00f3n ni las relaciones de dominaci\u00f3n es el \u00fanico camino para\u00a0la\u00a0humanidad.<\/p>\n<p><a href=\"https:\/\/vozobrera.org\/periodico\/wp-content\/uploads\/2025\/02\/voz.obrera_1716311975_3372991781584208100_43325197885.jpg\"><img loading=\"lazy\" decoding=\"async\" class=\"alignleft size-full wp-image-16280\" src=\"https:\/\/vozobrera.org\/periodico\/wp-content\/uploads\/2025\/02\/voz.obrera_1716311975_3372991781584208100_43325197885.jpg\" alt=\"\" width=\"607\" height=\"607\" srcset=\"https:\/\/vozobrera.org\/periodico\/wp-content\/uploads\/2025\/02\/voz.obrera_1716311975_3372991781584208100_43325197885.jpg 607w, https:\/\/vozobrera.org\/periodico\/wp-content\/uploads\/2025\/02\/voz.obrera_1716311975_3372991781584208100_43325197885-300x300.jpg 300w, https:\/\/vozobrera.org\/periodico\/wp-content\/uploads\/2025\/02\/voz.obrera_1716311975_3372991781584208100_43325197885-150x150.jpg 150w\" sizes=\"auto, (max-width: 607px) 100vw, 607px\" \/><\/a><\/p>\n","protected":false},"excerpt":{"rendered":"<p>El fiscal de la Corte Penal Internacional ha solicitado cinco \u00f3rdenes de detenci\u00f3n: 2 contra Netanyahu y su Ministro de Defensa y 3 contra la c\u00fapula de Ham\u00e1s. Aunque la orden puede tardar meses en dictarse, pues tienen que ratificarla tres magistrados, la noticia ha impactado a todo el mundo. Biden la considera \u201cescandalosa\u201d y&hellip;&nbsp;<a href=\"https:\/\/vozobrera.org\/periodico\/orden-internacional-de-detencion-contra-netanyahu\/\" rel=\"bookmark\">Leer m\u00e1s &raquo;<span class=\"screen-reader-text\">Orden internacional de detenci\u00f3n contra Netanyahu<\/span><\/a><\/p>\n","protected":false},"author":5,"featured_media":0,"comment_status":"closed","ping_status":"closed","sticky":false,"template":"","format":"standard","meta":{"neve_meta_sidebar":"","neve_meta_container":"","neve_meta_enable_content_width":"off","neve_meta_content_width":70,"neve_meta_title_alignment":"","neve_meta_author_avatar":"","neve_post_elements_order":"","neve_meta_disable_header":"","neve_meta_disable_footer":"","neve_meta_disable_title":"","footnotes":""},"categories":[677],"tags":[],"class_list":["post-16316","post","type-post","status-publish","format-standard","hentry","category-instagram"],"_links":{"self":[{"href":"https:\/\/vozobrera.org\/periodico\/wp-json\/wp\/v2\/posts\/16316","targetHints":{"allow":["GET"]}}],"collection":[{"href":"https:\/\/vozobrera.org\/periodico\/wp-json\/wp\/v2\/posts"}],"about":[{"href":"https:\/\/vozobrera.org\/periodico\/wp-json\/wp\/v2\/types\/post"}],"author":[{"embeddable":true,"href":"https:\/\/vozobrera.org\/periodico\/wp-json\/wp\/v2\/users\/5"}],"replies":[{"embeddable":true,"href":"https:\/\/vozobrera.org\/periodico\/wp-json\/wp\/v2\/comments?post=16316"}],"version-history":[{"count":1,"href":"https:\/\/vozobrera.org\/periodico\/wp-json\/wp\/v2\/posts\/16316\/revisions"}],"predecessor-version":[{"id":16317,"href":"https:\/\/vozobrera.org\/periodico\/wp-json\/wp\/v2\/posts\/16316\/revisions\/16317"}],"wp:attachment":[{"href":"https:\/\/vozobrera.org\/periodico\/wp-json\/wp\/v2\/media?parent=16316"}],"wp:term":[{"taxonomy":"category","embeddable":true,"href":"https:\/\/vozobrera.org\/periodico\/wp-json\/wp\/v2\/categories?post=16316"},{"taxonomy":"post_tag","embeddable":true,"href":"https:\/\/vozobrera.org\/periodico\/wp-json\/wp\/v2\/tags?post=16316"}],"curies":[{"name":"wp","href":"https:\/\/api.w.org\/{rel}","templated":true}]}}