{"id":16314,"date":"2025-02-20T12:45:43","date_gmt":"2025-02-20T10:45:43","guid":{"rendered":"https:\/\/vozobrera.org\/periodico\/?p=16314"},"modified":"2025-02-20T12:45:43","modified_gmt":"2025-02-20T10:45:43","slug":"14-de-mayo-huelga-general-en-educacion-publica-en-andalucia","status":"publish","type":"post","link":"https:\/\/vozobrera.org\/periodico\/14-de-mayo-huelga-general-en-educacion-publica-en-andalucia\/","title":{"rendered":"14 DE MAYO : HUELGA GENERAL EN EDUCACI\u00d3N P\u00daBLICA EN ANDALUC\u00cdA"},"content":{"rendered":"<p>Hoy hay convocada una huelga general docente en Andaluc\u00eda. Adem\u00e1s, los sindicatos convocantes, ANPE, USTEA y CCOO anunciaron que tambi\u00e9n habr\u00e1 concentraciones.<\/p>\n<p>Los motivos son de sobras conocidos: la ampliaci\u00f3n de la plantilla y bajada de la ratio, mejora de las condiciones laborales del colectivo docente\u2026 y porque la educaci\u00f3n p\u00fablica lleva a\u00f1os y a\u00f1os de recortes. Un dinero que en su lugar va a parar a otras partidas como Defensa o la Iglesia, cuando no a sufragar a la educaci\u00f3n privada y concertada. Es el robo social en Educaci\u00f3n que sale de nuestros impuestos y que va a parar a los manos de las grandes empresas y los intereses de la gran burgues\u00eda.<\/p>\n<p>La consejera de Desarrollo Educativo y Formaci\u00f3n Profesional de la Junta de Andaluc\u00eda, Patricia del Pozo, ha asegurado que \u00abno hay motivos de peso\u00bb para esta huelga, porque seg\u00fan ella hoy, hay 7.000 profesores m\u00e1s que hace 5 a\u00f1os. Se le olvid\u00f3 a esta se\u00f1ora mencionar que esa cifra corresponde a la cobertura de las jubilaciones, bajas, etc. y \u00a1eso que no se cubren todas, ni a tiempo!<\/p>\n<p>Son las mentiras de siempre como respuesta a a\u00f1os de recortes en la educaci\u00f3n p\u00fablica en particular y los servicios p\u00fablicos en general. \u00a1Basta de recortes p\u00fablicos en educaci\u00f3n!<\/p>\n<p><a href=\"https:\/\/vozobrera.org\/periodico\/wp-content\/uploads\/2025\/02\/voz.obrera_1715674104_3367640931317064403_43325197885.jpg\"><img loading=\"lazy\" decoding=\"async\" class=\"alignleft size-full wp-image-16281\" src=\"https:\/\/vozobrera.org\/periodico\/wp-content\/uploads\/2025\/02\/voz.obrera_1715674104_3367640931317064403_43325197885.jpg\" alt=\"\" width=\"607\" height=\"607\" srcset=\"https:\/\/vozobrera.org\/periodico\/wp-content\/uploads\/2025\/02\/voz.obrera_1715674104_3367640931317064403_43325197885.jpg 607w, https:\/\/vozobrera.org\/periodico\/wp-content\/uploads\/2025\/02\/voz.obrera_1715674104_3367640931317064403_43325197885-300x300.jpg 300w, https:\/\/vozobrera.org\/periodico\/wp-content\/uploads\/2025\/02\/voz.obrera_1715674104_3367640931317064403_43325197885-150x150.jpg 150w\" sizes=\"auto, (max-width: 607px) 100vw, 607px\" \/><\/a><\/p>\n","protected":false},"excerpt":{"rendered":"<p>Hoy hay convocada una huelga general docente en Andaluc\u00eda. Adem\u00e1s, los sindicatos convocantes, ANPE, USTEA y CCOO anunciaron que tambi\u00e9n habr\u00e1 concentraciones. Los motivos son de sobras conocidos: la ampliaci\u00f3n de la plantilla y bajada de la ratio, mejora de las condiciones laborales del colectivo docente\u2026 y porque la educaci\u00f3n p\u00fablica lleva a\u00f1os y a\u00f1os&hellip;&nbsp;<a href=\"https:\/\/vozobrera.org\/periodico\/14-de-mayo-huelga-general-en-educacion-publica-en-andalucia\/\" rel=\"bookmark\">Leer m\u00e1s &raquo;<span class=\"screen-reader-text\">14 DE MAYO : HUELGA GENERAL EN EDUCACI\u00d3N P\u00daBLICA EN ANDALUC\u00cdA<\/span><\/a><\/p>\n","protected":false},"author":5,"featured_media":0,"comment_status":"closed","ping_status":"closed","sticky":false,"template":"","format":"standard","meta":{"neve_meta_sidebar":"","neve_meta_container":"","neve_meta_enable_content_width":"off","neve_meta_content_width":70,"neve_meta_title_alignment":"","neve_meta_author_avatar":"","neve_post_elements_order":"","neve_meta_disable_header":"","neve_meta_disable_footer":"","neve_meta_disable_title":"","footnotes":""},"categories":[677],"tags":[],"class_list":["post-16314","post","type-post","status-publish","format-standard","hentry","category-instagram"],"_links":{"self":[{"href":"https:\/\/vozobrera.org\/periodico\/wp-json\/wp\/v2\/posts\/16314","targetHints":{"allow":["GET"]}}],"collection":[{"href":"https:\/\/vozobrera.org\/periodico\/wp-json\/wp\/v2\/posts"}],"about":[{"href":"https:\/\/vozobrera.org\/periodico\/wp-json\/wp\/v2\/types\/post"}],"author":[{"embeddable":true,"href":"https:\/\/vozobrera.org\/periodico\/wp-json\/wp\/v2\/users\/5"}],"replies":[{"embeddable":true,"href":"https:\/\/vozobrera.org\/periodico\/wp-json\/wp\/v2\/comments?post=16314"}],"version-history":[{"count":1,"href":"https:\/\/vozobrera.org\/periodico\/wp-json\/wp\/v2\/posts\/16314\/revisions"}],"predecessor-version":[{"id":16315,"href":"https:\/\/vozobrera.org\/periodico\/wp-json\/wp\/v2\/posts\/16314\/revisions\/16315"}],"wp:attachment":[{"href":"https:\/\/vozobrera.org\/periodico\/wp-json\/wp\/v2\/media?parent=16314"}],"wp:term":[{"taxonomy":"category","embeddable":true,"href":"https:\/\/vozobrera.org\/periodico\/wp-json\/wp\/v2\/categories?post=16314"},{"taxonomy":"post_tag","embeddable":true,"href":"https:\/\/vozobrera.org\/periodico\/wp-json\/wp\/v2\/tags?post=16314"}],"curies":[{"name":"wp","href":"https:\/\/api.w.org\/{rel}","templated":true}]}}